{"id":11909,"date":"2025-02-07T12:59:16","date_gmt":"2025-02-07T12:59:16","guid":{"rendered":"https:\/\/cdu-kempen.de\/?p=11909"},"modified":"2025-07-23T22:06:34","modified_gmt":"2025-07-23T22:06:34","slug":"cdu-kempen-stellt-kandidaten-fuer-die-kommunalwahl-2025-auf","status":"publish","type":"post","link":"https:\/\/cdu-kempen.de\/index.php\/cdu-kempen-stellt-kandidaten-fuer-die-kommunalwahl-2025-auf\/","title":{"rendered":"CDU Kempen stellt Kandidaten f\u00fcr die Kommunalwahl 2025 auf"},"content":{"rendered":"\n[et_pb_section][et_pb_row][et_pb_column type=&#8220;4_4&#8243;][et_pb_text]<!-- divi:paragraph -->\n<p>Auf der Mitgliederversammlung am 23. Januar 2025 stellte die CDU Kempen die Weichen f\u00fcr die Kommunalwahl im September diesen Jahres. F\u00fcr alle 20 Kempener Ratswahlbezirke wurden die Kandidaten aufgestellt.<\/p>\n<!-- \/divi:paragraph -->\n\n<!-- divi:paragraph -->\n<p>Nach der Begr\u00fc\u00dfung der Mitglieder sowie der G\u00e4ste dankte der Vorsitzende, Carsten H\u00f6ner, den Ratsmitgliedern Sigrid Schrage, Georg Funken, Marc Michael und Sebastian van Thiel, die bereits im Vorfeld angek\u00fcndigt hatten bei der diesj\u00e4hrigenKommunalwahl nicht mehr antreten zu wollen. Im Anschlu\u00df folgte die Vorstellung der 20 Ratskandidaten.<\/p>\n<!-- \/divi:paragraph -->\n\n<!-- divi:paragraph -->\n<p>Hierbei gab es \u00fcberraschend f\u00fcr den Wahlkreis 3110, derzeit von Carsten H\u00f6ner besetzt, mit Dr. Jochen Houben einen zweiten Bewerber. In der dadurch notwendigen Kampfabstimmung setzte sich unerwartet Dr. Jochen Houben durch. Carsten H\u00f6ner bedauerte den Ausgang der Kampfabstimmung und erkl\u00e4rte, das er aufgrund des mangelnden Vertrauens der Mitglieder sein Amt als Parteivorsitzender mit sofortiger Wirkung niederlege.  <\/p>\n<!-- \/divi:paragraph -->\n\n<!-- divi:paragraph -->\n<p>Alle weiteren Kandidaten wurden mit gro\u00dfen Zustimmungswerten gew\u00e4hlt. <\/p>\n<!-- \/divi:paragraph -->\n\n<!-- divi:heading {\"level\":4} -->\n<h4 class=\"wp-block-heading\"><strong>CDU Kempen \u2013 Kandidaten f\u00fcr den Stadtrat bei der Kommunalwahl am 14. September 202<\/strong>5<\/h4>\n<!-- \/divi:heading -->\n\n<!-- divi:table -->\n<figure class=\"wp-block-table\"><table class=\"has-fixed-layout\"><tbody><tr><td><strong>Ortsteil<\/strong><\/td><td><strong>Bezirk<\/strong><\/td><td><strong>Vorschlag<\/strong><\/td><\/tr><tr><td>Land<\/td><td>3010<\/td><td>Coenen, Peter-Josef<\/td><\/tr><tr><td>Kempen<\/td><td>3020<\/td><td>Fischer, Peter<\/td><\/tr><tr><td><\/td><td>3030<\/td><td>St\u00fcckemann, Gerd-Wilhelm<\/td><\/tr><tr><td><\/td><td>3040<\/td><td>Stenhorst, Willi<\/td><\/tr><tr><td><\/td><td>3050<\/td><td>H\u00f6ltken, Heike<\/td><\/tr><tr><td><\/td><td>3060<\/td><td>Peters, Ramona<\/td><\/tr><tr><td><\/td><td>3070<\/td><td>Herbst, Jochen<\/td><\/tr><tr><td><\/td><td>3080<\/td><td>Lassek, Markus<\/td><\/tr><tr><td><\/td><td>3090<\/td><td>Labitzke, Heidi<\/td><\/tr><tr><td><\/td><td>3100<\/td><td>Schmitz, Hans-Willi<\/td><\/tr><tr><td><\/td><td>3110<\/td><td>Houben, Dr. Jochen<\/td><\/tr><tr><td><\/td><td>3120<\/td><td>St\u00fcmges, Tobias<\/td><\/tr><tr><td><\/td><td>3130<\/td><td>Germes-Dohmen, Dr. Ina<\/td><\/tr><tr><td>St. Hubert<\/td><td>3140<\/td><td>Smeets, Michael<\/td><\/tr><tr><td><\/td><td>3150<\/td><td>Bloemen, Hans-Peter van der<\/td><\/tr><tr><td><\/td><td>3160<\/td><td>Beyss, Stefanie<\/td><\/tr><tr><td><\/td><td>3170<\/td><td>Scheiermann, Gero<\/td><\/tr><tr><td><\/td><td>3180<\/td><td>Drabben, Christian<\/td><\/tr><tr><td>T\u00f6nisberg<\/td><td>3190<\/td><td>Minten, Hans Josef<\/td><\/tr><tr><td><\/td><td>3200<\/td><td>Thelen, Maximilian<\/td><\/tr><\/tbody><\/table><\/figure>\n<!-- \/divi:table -->\n\n<!-- divi:paragraph -->\n<p><a href=\"https:\/\/cdu-kempen.de\/wp-content\/uploads\/2020\/02\/CDU-Kempen_Stadtrats-und-Kreistagskandidaten-Kommunalwahl-13.09.2020.pdf\"><\/a><\/p>\n<!-- \/divi:paragraph -->[\/et_pb_text][\/et_pb_column][\/et_pb_row][\/et_pb_section]\n","protected":false},"excerpt":{"rendered":"<p><div class=\"et_pb_section et_pb_section_0 et_section_regular\" >\n\t\t\t\t\n\t\t\t\t\n\t\t\t\t\n\t\t\t\t\n\t\t\t\t\n\t\t\t\t\n\t\t\t\t\n\t\t\t\t\n\t\t\t\t\n\t\t\t<\/div><div class=\"et_pb_row et_pb_row_0 et_pb_row_empty\">\n\t\t\t\t\n\t\t\t\t\n\t\t\t\t\n\t\t\t\t\n\t\t\t\t\n\t\t\t<\/div><div class=\"et_pb_module et_pb_text et_pb_text_0  et_pb_text_align_left et_pb_bg_layout_light\">\n\t\t\t\t\n\t\t\t\t\n\t\t\t\t\n\t\t\t\t\n\t\t\t\t\n\t\t\t<\/div> Auf der Mitgliederversammlung am 23. Januar 2025 stellte die CDU Kempen die Weichen f\u00fcr die Kommunalwahl im September diesen Jahres. F\u00fcr alle 20 Kempener Ratswahlbezirke wurden die Kandidaten aufgestellt. Nach der Begr\u00fc\u00dfung der Mitglieder sowie der G\u00e4ste dankte der Vorsitzende, Carsten H\u00f6ner, den Ratsmitgliedern Sigrid Schrage, Georg Funken, Marc Michael und Sebastian van Thiel, [&hellip;]<\/p>\n","protected":false},"author":5,"featured_media":11631,"comment_status":"closed","ping_status":"closed","sticky":false,"template":"","format":"standard","meta":{"_et_pb_use_builder":"on","_et_pb_old_content":"<!-- wp:paragraph -->\n<p>Auf der Mitgliederversammlung am 23. Januar 2025 stellte die CDU Kempen die Weichen f\u00fcr die Kommunalwahl im September diesen Jahres. F\u00fcr alle 20 Kempener Ratswahlbezirke wurden die Kandidaten aufgestellt.<\/p>\n<!-- \/wp:paragraph -->\n\n<!-- wp:paragraph -->\n<p>Nach der Begr\u00fc\u00dfung der Mitglieder sowie der G\u00e4ste dankte der Vorsitzende, Carsten H\u00f6ner, den Ratsmitgliedern Sigrid Schrage, Georg Funken, Marc Michael und Sebastian van Thiel, die bereits im Vorfeld angek\u00fcndigt hatten bei der diesj\u00e4hrigenKommunalwahl nicht mehr antreten zu wollen. Im Anschlu\u00df folgte die Vorstellung der 20 Ratskandidaten.<\/p>\n<!-- \/wp:paragraph -->\n\n<!-- wp:paragraph -->\n<p>Hierbei gab es \u00fcberraschend f\u00fcr den Wahlkreis 3110, derzeit von Carsten H\u00f6ner besetzt, mit Dr. Jochen Houben einen zweiten Bewerber. In der dadurch notwendigen Kampfabstimmung setzte sich unerwartet Dr. Jochen Houben durch. Carsten H\u00f6ner bedauerte den Ausgang der Kampfabstimmung und erkl\u00e4rte, das er aufgrund des mangelnden Vertrauens der Mitglieder sein Amt als Parteivorsitzender mit sofortiger Wirkung niederlege.  <\/p>\n<!-- \/wp:paragraph -->\n\n<!-- wp:paragraph -->\n<p>Alle weiteren Kandidaten wurden mit gro\u00dfen Zustimmungswerten gew\u00e4hlt. <\/p>\n<!-- \/wp:paragraph -->\n\n<!-- wp:heading {\"level\":4} -->\n<h4 class=\"wp-block-heading\"><strong>CDU Kempen \u2013 Kandidaten f\u00fcr den Stadtrat bei der Kommunalwahl am 14. September 202<\/strong>5<\/h4>\n<!-- \/wp:heading -->\n\n<!-- wp:table -->\n<figure class=\"wp-block-table\"><table class=\"has-fixed-layout\"><tbody><tr><td><strong>Ortsteil<\/strong><\/td><td><strong>Bezirk<\/strong><\/td><td><strong>Vorschlag<\/strong><\/td><\/tr><tr><td>Land<\/td><td>3010<\/td><td>Coenen, Peter-Josef<\/td><\/tr><tr><td>Kempen<\/td><td>3020<\/td><td>Fischer, Peter<\/td><\/tr><tr><td><\/td><td>3030<\/td><td>St\u00fcckemann, Gerd-Wilhelm<\/td><\/tr><tr><td><\/td><td>3040<\/td><td>Stenhorst, Willi<\/td><\/tr><tr><td><\/td><td>3050<\/td><td>H\u00f6ltken, Heike<\/td><\/tr><tr><td><\/td><td>3060<\/td><td>Peters, Ramona<\/td><\/tr><tr><td><\/td><td>3070<\/td><td>Herbst, Jochen<\/td><\/tr><tr><td><\/td><td>3080<\/td><td>Lassek, Markus<\/td><\/tr><tr><td><\/td><td>3090<\/td><td>Labitzke, Heidi<\/td><\/tr><tr><td><\/td><td>3100<\/td><td>Schmitz, Hans-Willi<\/td><\/tr><tr><td><\/td><td>3110<\/td><td>Houben, Dr. Jochen<\/td><\/tr><tr><td><\/td><td>3120<\/td><td>St\u00fcmges, Tobias<\/td><\/tr><tr><td><\/td><td>3130<\/td><td>Germes-Dohmen, Dr. Ina<\/td><\/tr><tr><td>St. Hubert<\/td><td>3140<\/td><td>Smeets, Michael<\/td><\/tr><tr><td><\/td><td>3150<\/td><td>Bloemen, Hans-Peter van der<\/td><\/tr><tr><td><\/td><td>3160<\/td><td>Beyss, Stefanie<\/td><\/tr><tr><td><\/td><td>3170<\/td><td>Scheiermann, Gero<\/td><\/tr><tr><td><\/td><td>3180<\/td><td>Drabben, Christian<\/td><\/tr><tr><td>T\u00f6nisberg<\/td><td>3190<\/td><td>Minten, Hans Josef<\/td><\/tr><tr><td><\/td><td>3200<\/td><td>Thelen, Maximilian<\/td><\/tr><\/tbody><\/table><\/figure>\n<!-- \/wp:table -->\n\n<!-- wp:paragraph -->\n<p><a href=\"https:\/\/cdu-kempen.de\/wp-content\/uploads\/2020\/02\/CDU-Kempen_Stadtrats-und-Kreistagskandidaten-Kommunalwahl-13.09.2020.pdf\"><\/a><\/p>\n<!-- \/wp:paragraph -->","_et_gb_content_width":"","footnotes":""},"categories":[5,1],"tags":[43,67,66],"class_list":["post-11909","post","type-post","status-publish","format-standard","has-post-thumbnail","hentry","category-aktuelles","category-uncategorized","tag-cdu-kempen","tag-kandidaten","tag-kommunalwahl"],"_links":{"self":[{"href":"https:\/\/cdu-kempen.de\/index.php\/wp-json\/wp\/v2\/posts\/11909"}],"collection":[{"href":"https:\/\/cdu-kempen.de\/index.php\/wp-json\/wp\/v2\/posts"}],"about":[{"href":"https:\/\/cdu-kempen.de\/index.php\/wp-json\/wp\/v2\/types\/post"}],"author":[{"embeddable":true,"href":"https:\/\/cdu-kempen.de\/index.php\/wp-json\/wp\/v2\/users\/5"}],"replies":[{"embeddable":true,"href":"https:\/\/cdu-kempen.de\/index.php\/wp-json\/wp\/v2\/comments?post=11909"}],"version-history":[{"count":9,"href":"https:\/\/cdu-kempen.de\/index.php\/wp-json\/wp\/v2\/posts\/11909\/revisions"}],"predecessor-version":[{"id":12531,"href":"https:\/\/cdu-kempen.de\/index.php\/wp-json\/wp\/v2\/posts\/11909\/revisions\/12531"}],"wp:featuredmedia":[{"embeddable":true,"href":"https:\/\/cdu-kempen.de\/index.php\/wp-json\/wp\/v2\/media\/11631"}],"wp:attachment":[{"href":"https:\/\/cdu-kempen.de\/index.php\/wp-json\/wp\/v2\/media?parent=11909"}],"wp:term":[{"taxonomy":"category","embeddable":true,"href":"https:\/\/cdu-kempen.de\/index.php\/wp-json\/wp\/v2\/categories?post=11909"},{"taxonomy":"post_tag","embeddable":true,"href":"https:\/\/cdu-kempen.de\/index.php\/wp-json\/wp\/v2\/tags?post=11909"}],"curies":[{"name":"wp","href":"https:\/\/api.w.org\/{rel}","templated":true}]}}