{"id":11945,"date":"2025-03-22T15:01:01","date_gmt":"2025-03-22T15:01:01","guid":{"rendered":"https:\/\/cdu-kempen.de\/?p=11945"},"modified":"2025-03-22T15:13:09","modified_gmt":"2025-03-22T15:13:09","slug":"neuer-vorsitzender-der-senioren-union-kempen","status":"publish","type":"post","link":"https:\/\/cdu-kempen.de\/index.php\/neuer-vorsitzender-der-senioren-union-kempen\/","title":{"rendered":"Neuer Vorsitzender der Senioren-Union Kempen"},"content":{"rendered":"\n<p>Die Senioren-Union (SU) in Kempen hat einen neuen Vorsitzenden. <\/p>\n\n\n\n<p>Nach dem Tod der fr\u00fcheren Vorsitzenden, Karola Vogel, war die Funktion seit zwei Jahre vakant. Nunmehr \u00fcbernimmt Manfred Hoffmann das Amt. <\/p>\n\n\n\n<p>Als eigenst\u00e4ndige Vereinigung innerhalb der CDU Deutschlands setzt sich die Senioren-Union f\u00fcr die politischen, wirtschaftlichen und sozialen Anliegen der \u00e4lteren Generation. Mit 30 Mitgliedern im Stadtverband Kempen und insgesamt 470 im Kreis Viersen engagiert sich die SU aktiv f\u00fcr die Interessen von Menschen ab 60 Jahren. Neben politischer Mitgestaltung bietet sie Weiterbildung, Geselligkeit und Reisen<br>\u2013 sowohl innerhalb Deutschlands als auch international. <\/p>\n\n\n\n<p>Der Austausch mit der Jungen Union ist ein besonderes Anliegen der Senioren-Union, um Themen wie Einsamkeit, politische Bildung f\u00fcr Jugendliche oder den Umgang mit K\u00fcnstlicher Intelligenz zu diskutieren.<\/p>\n\n\n\n<p>Manfred Hoffmann ist 72 Jahre alt und m\u00f6chte als Vorsitzender nicht nur bestehende Mitglieder einbinden sondern auch neue Mitglieder gewinnen. Er ist unter <span data-email-protect=\"dwo74Bv\/qpnkpg0fg\"><\/span> oder 0151 4248 5524 erreichbar.<\/p>\n","protected":false},"excerpt":{"rendered":"<p>Die Senioren-Union (SU) in Kempen hat einen neuen Vorsitzenden. Nach dem Tod der fr\u00fcheren Vorsitzenden, Karola Vogel, war die Funktion seit zwei Jahre vakant. Nunmehr \u00fcbernimmt Manfred Hoffmann das Amt. Als eigenst\u00e4ndige Vereinigung innerhalb der CDU Deutschlands setzt sich die Senioren-Union f\u00fcr die politischen, wirtschaftlichen und sozialen Anliegen der \u00e4lteren Generation. Mit 30 Mitgliedern im [&hellip;]<\/p>\n","protected":false},"author":5,"featured_media":11948,"comment_status":"closed","ping_status":"closed","sticky":false,"template":"","format":"standard","meta":{"_et_pb_use_builder":"off","_et_pb_old_content":"","_et_gb_content_width":"","footnotes":""},"categories":[5,1],"tags":[69],"class_list":["post-11945","post","type-post","status-publish","format-standard","has-post-thumbnail","hentry","category-aktuelles","category-uncategorized","tag-senioren-union-kempen"],"_links":{"self":[{"href":"https:\/\/cdu-kempen.de\/index.php\/wp-json\/wp\/v2\/posts\/11945"}],"collection":[{"href":"https:\/\/cdu-kempen.de\/index.php\/wp-json\/wp\/v2\/posts"}],"about":[{"href":"https:\/\/cdu-kempen.de\/index.php\/wp-json\/wp\/v2\/types\/post"}],"author":[{"embeddable":true,"href":"https:\/\/cdu-kempen.de\/index.php\/wp-json\/wp\/v2\/users\/5"}],"replies":[{"embeddable":true,"href":"https:\/\/cdu-kempen.de\/index.php\/wp-json\/wp\/v2\/comments?post=11945"}],"version-history":[{"count":1,"href":"https:\/\/cdu-kempen.de\/index.php\/wp-json\/wp\/v2\/posts\/11945\/revisions"}],"predecessor-version":[{"id":11946,"href":"https:\/\/cdu-kempen.de\/index.php\/wp-json\/wp\/v2\/posts\/11945\/revisions\/11946"}],"wp:featuredmedia":[{"embeddable":true,"href":"https:\/\/cdu-kempen.de\/index.php\/wp-json\/wp\/v2\/media\/11948"}],"wp:attachment":[{"href":"https:\/\/cdu-kempen.de\/index.php\/wp-json\/wp\/v2\/media?parent=11945"}],"wp:term":[{"taxonomy":"category","embeddable":true,"href":"https:\/\/cdu-kempen.de\/index.php\/wp-json\/wp\/v2\/categories?post=11945"},{"taxonomy":"post_tag","embeddable":true,"href":"https:\/\/cdu-kempen.de\/index.php\/wp-json\/wp\/v2\/tags?post=11945"}],"curies":[{"name":"wp","href":"https:\/\/api.w.org\/{rel}","templated":true}]}}