{"id":11956,"date":"2025-03-23T12:29:08","date_gmt":"2025-03-23T12:29:08","guid":{"rendered":"https:\/\/cdu-kempen.de\/?p=11956"},"modified":"2025-04-14T21:14:23","modified_gmt":"2025-04-14T21:14:23","slug":"cdu-ortsausschuss-sued-beim-fruehjahrsput-aktiv","status":"publish","type":"post","link":"https:\/\/cdu-kempen.de\/index.php\/cdu-ortsausschuss-sued-beim-fruehjahrsput-aktiv\/","title":{"rendered":"CDU-Ortsausschuss S\u00fcd beim Fr\u00fchjahrsputz aktiv"},"content":{"rendered":"\n<p>Der Ortsausschuss S\u00fcd der CDU Kempen beteiligte sich am 22. M\u00e4rz beim Kempener Fr\u00fchjahrsputz. Diese Aktion findet in Gemeinschaftsaktion der RP, der Firma Sch\u00f6nmackers Umweltdienste GmbH und der Stadt Kempen allj\u00e4hrlich im Fr\u00fchjahr statt.<\/p>\n\n\n\n<figure class=\"wp-block-image size-large is-resized\"><img loading=\"lazy\" decoding=\"async\" width=\"1160\" height=\"1160\" src=\"https:\/\/cdu-kempen.de\/wp-content\/uploads\/2025\/03\/IMG-20250322-WA0002-1160x1160.jpg\" alt=\"\" class=\"wp-image-11954\" style=\"width:494px;height:auto\" srcset=\"https:\/\/cdu-kempen.de\/wp-content\/uploads\/2025\/03\/IMG-20250322-WA0002-980x735.jpg 980w, https:\/\/cdu-kempen.de\/wp-content\/uploads\/2025\/03\/IMG-20250322-WA0002-480x360.jpg 480w\" sizes=\"(min-width: 0px) and (max-width: 480px) 480px, (min-width: 481px) and (max-width: 980px) 980px, (min-width: 981px) 1160px, 100vw\" \/><\/figure>\n","protected":false},"excerpt":{"rendered":"<p>Der Ortsausschuss S\u00fcd der CDU Kempen beteiligte sich am 22. M\u00e4rz beim Kempener Fr\u00fchjahrsputz. Diese Aktion findet in Gemeinschaftsaktion der RP, der Firma Sch\u00f6nmackers Umweltdienste GmbH und der Stadt Kempen allj\u00e4hrlich im Fr\u00fchjahr statt.<\/p>\n","protected":false},"author":5,"featured_media":11955,"comment_status":"closed","ping_status":"closed","sticky":false,"template":"","format":"standard","meta":{"_et_pb_use_builder":"off","_et_pb_old_content":"","_et_gb_content_width":"","footnotes":""},"categories":[1],"tags":[],"class_list":["post-11956","post","type-post","status-publish","format-standard","has-post-thumbnail","hentry","category-uncategorized"],"_links":{"self":[{"href":"https:\/\/cdu-kempen.de\/index.php\/wp-json\/wp\/v2\/posts\/11956"}],"collection":[{"href":"https:\/\/cdu-kempen.de\/index.php\/wp-json\/wp\/v2\/posts"}],"about":[{"href":"https:\/\/cdu-kempen.de\/index.php\/wp-json\/wp\/v2\/types\/post"}],"author":[{"embeddable":true,"href":"https:\/\/cdu-kempen.de\/index.php\/wp-json\/wp\/v2\/users\/5"}],"replies":[{"embeddable":true,"href":"https:\/\/cdu-kempen.de\/index.php\/wp-json\/wp\/v2\/comments?post=11956"}],"version-history":[{"count":4,"href":"https:\/\/cdu-kempen.de\/index.php\/wp-json\/wp\/v2\/posts\/11956\/revisions"}],"predecessor-version":[{"id":12022,"href":"https:\/\/cdu-kempen.de\/index.php\/wp-json\/wp\/v2\/posts\/11956\/revisions\/12022"}],"wp:featuredmedia":[{"embeddable":true,"href":"https:\/\/cdu-kempen.de\/index.php\/wp-json\/wp\/v2\/media\/11955"}],"wp:attachment":[{"href":"https:\/\/cdu-kempen.de\/index.php\/wp-json\/wp\/v2\/media?parent=11956"}],"wp:term":[{"taxonomy":"category","embeddable":true,"href":"https:\/\/cdu-kempen.de\/index.php\/wp-json\/wp\/v2\/categories?post=11956"},{"taxonomy":"post_tag","embeddable":true,"href":"https:\/\/cdu-kempen.de\/index.php\/wp-json\/wp\/v2\/tags?post=11956"}],"curies":[{"name":"wp","href":"https:\/\/api.w.org\/{rel}","templated":true}]}}