{"id":11962,"date":"2025-04-10T13:20:46","date_gmt":"2025-04-10T13:20:46","guid":{"rendered":"https:\/\/cdu-kempen.de\/?p=11962"},"modified":"2025-04-10T13:20:47","modified_gmt":"2025-04-10T13:20:47","slug":"kreisparteitag-05-04-2025","status":"publish","type":"post","link":"https:\/\/cdu-kempen.de\/index.php\/kreisparteitag-05-04-2025\/","title":{"rendered":"Kreisparteitag 05.04.2025"},"content":{"rendered":"\n<p>Am vergangenen Wochenende fand der Kreisparteitag der CDU Kreis Viersen statt. <\/p>\n\n\n\n<p>Auf diesem Kreisparteitag wurden die Kandidaten f\u00fcr den Kreistag bei der Kommunalwahl im September 2025 gew\u00e4hlt. F\u00fcr die CDU Kempen und die drei Kempener Kreistagswahlkreise wurden Niklas Hell, Peter Fischer und Heike H\u00f6ltken gew\u00e4hlt.<\/p>\n\n\n\n<p>Die CDU Kempen war hierbei mit zahlreichen Mitgliedern vertreten. <\/p>\n\n\n\n<figure class=\"wp-block-gallery has-nested-images columns-default is-cropped wp-block-gallery-1 is-layout-flex wp-block-gallery-is-layout-flex\">\n<figure class=\"wp-block-image size-large\"><img loading=\"lazy\" decoding=\"async\" width=\"1080\" height=\"921\" data-id=\"11961\" src=\"https:\/\/cdu-kempen.de\/wp-content\/uploads\/2025\/04\/Kreisparteitag_2025-04-05.jpg\" alt=\"\" class=\"wp-image-11961\" srcset=\"https:\/\/cdu-kempen.de\/wp-content\/uploads\/2025\/04\/Kreisparteitag_2025-04-05.jpg 1080w, https:\/\/cdu-kempen.de\/wp-content\/uploads\/2025\/04\/Kreisparteitag_2025-04-05-980x836.jpg 980w, https:\/\/cdu-kempen.de\/wp-content\/uploads\/2025\/04\/Kreisparteitag_2025-04-05-480x409.jpg 480w\" sizes=\"(min-width: 0px) and (max-width: 480px) 480px, (min-width: 481px) and (max-width: 980px) 980px, (min-width: 981px) 1080px, 100vw\" \/><\/figure>\n<\/figure>\n","protected":false},"excerpt":{"rendered":"<p>Am vergangenen Wochenende fand der Kreisparteitag der CDU Kreis Viersen statt. Auf diesem Kreisparteitag wurden die Kandidaten f\u00fcr den Kreistag bei der Kommunalwahl im September 2025 gew\u00e4hlt. F\u00fcr die CDU Kempen und die drei Kempener Kreistagswahlkreise wurden Niklas Hell, Peter Fischer und Heike H\u00f6ltken gew\u00e4hlt. Die CDU Kempen war hierbei mit zahlreichen Mitgliedern vertreten.<\/p>\n","protected":false},"author":5,"featured_media":11961,"comment_status":"closed","ping_status":"closed","sticky":false,"template":"","format":"standard","meta":{"_et_pb_use_builder":"off","_et_pb_old_content":"","_et_gb_content_width":"","footnotes":""},"categories":[5,1],"tags":[43,34,66,70],"class_list":["post-11962","post","type-post","status-publish","format-standard","has-post-thumbnail","hentry","category-aktuelles","category-uncategorized","tag-cdu-kempen","tag-kempen","tag-kommunalwahl","tag-kreistag"],"_links":{"self":[{"href":"https:\/\/cdu-kempen.de\/index.php\/wp-json\/wp\/v2\/posts\/11962"}],"collection":[{"href":"https:\/\/cdu-kempen.de\/index.php\/wp-json\/wp\/v2\/posts"}],"about":[{"href":"https:\/\/cdu-kempen.de\/index.php\/wp-json\/wp\/v2\/types\/post"}],"author":[{"embeddable":true,"href":"https:\/\/cdu-kempen.de\/index.php\/wp-json\/wp\/v2\/users\/5"}],"replies":[{"embeddable":true,"href":"https:\/\/cdu-kempen.de\/index.php\/wp-json\/wp\/v2\/comments?post=11962"}],"version-history":[{"count":3,"href":"https:\/\/cdu-kempen.de\/index.php\/wp-json\/wp\/v2\/posts\/11962\/revisions"}],"predecessor-version":[{"id":11965,"href":"https:\/\/cdu-kempen.de\/index.php\/wp-json\/wp\/v2\/posts\/11962\/revisions\/11965"}],"wp:featuredmedia":[{"embeddable":true,"href":"https:\/\/cdu-kempen.de\/index.php\/wp-json\/wp\/v2\/media\/11961"}],"wp:attachment":[{"href":"https:\/\/cdu-kempen.de\/index.php\/wp-json\/wp\/v2\/media?parent=11962"}],"wp:term":[{"taxonomy":"category","embeddable":true,"href":"https:\/\/cdu-kempen.de\/index.php\/wp-json\/wp\/v2\/categories?post=11962"},{"taxonomy":"post_tag","embeddable":true,"href":"https:\/\/cdu-kempen.de\/index.php\/wp-json\/wp\/v2\/tags?post=11962"}],"curies":[{"name":"wp","href":"https:\/\/api.w.org\/{rel}","templated":true}]}}