{"id":12031,"date":"2025-04-15T18:03:07","date_gmt":"2025-04-15T18:03:07","guid":{"rendered":"https:\/\/cdu-kempen.de\/?p=12031"},"modified":"2025-04-15T18:03:08","modified_gmt":"2025-04-15T18:03:08","slug":"cdu-kempen-stellt-sich-neu-auf-junger-vorstand-startet-mit-tatkraft-und-frischem-kurs-in-die-zukunft","status":"publish","type":"post","link":"https:\/\/cdu-kempen.de\/index.php\/cdu-kempen-stellt-sich-neu-auf-junger-vorstand-startet-mit-tatkraft-und-frischem-kurs-in-die-zukunft\/","title":{"rendered":"CDU Kempen stellt sich neu auf \u2013 junger Vorstand startet mit Tatkraft und frischem Kurs in die Zukunft"},"content":{"rendered":"\n<p>Mit einem klaren Zeichen f\u00fcr Aufbruch und Erneuerung hat die CDU Kempen auf ihrer j\u00fcngsten Mitgliederversammlung ein neues Vorstandsteam gew\u00e4hlt. Der Generationswechsel bringt frischen Wind \u2013 mit einem engagierten, jungen Team, das neue Akzente in der politischen Arbeit vor Ort setzen m\u00f6chte.<\/p>\n\n\n\n<p>Zum neuen Vorsitzenden wurde <strong>Niklas Hell<\/strong> gew\u00e4hlt. Ihm zur Seite stehen die stellvertretenden Vorsitzenden <strong>Ramona Peters<\/strong>, <strong>Stefan K\u00fcppers<\/strong> und <strong>Marc Michael<\/strong>. Sie tragen gemeinsam Verantwortung und m\u00f6chten frische Impulse in die Arbeit des Stadtverbands einbringen. <strong>Frank Lange<\/strong> f\u00fchrt sein Amt als Schatzmeister fort und sorgt damit f\u00fcr wichtige Kontinuit\u00e4t in der Vorstandsarbeit. Neuer Gesch\u00e4ftsf\u00fchrer ist <strong>Dr. Thorsten B\u00f6ger<\/strong>.<\/p>\n\n\n\n<p>Als Mitgliederbeauftragter wurde <strong>Thomas K\u00f6rvers<\/strong> benannt. Komplettiert wird der Vorstand durch die Beisitzerinnen und Beisitzer <strong>Heidi Labitzke<\/strong>, <strong>Sigrid Houben<\/strong>, <strong>Matthias Genenger<\/strong>, <strong>Daniel Jepkens<\/strong>, <strong>Marcus La\u00dfek<\/strong>, <strong>Christian Schr\u00f6der<\/strong>, <strong>Thomas Weeger<\/strong> und <strong>Stephan Wolters<\/strong>, die ihre vielf\u00e4ltige Erfahrung und Perspektiven in die Arbeit des Gremiums einbringen werden.<\/p>\n\n\n\n<p>\u201e<em>Unser Ziel ist es, Politik wieder n\u00e4her an die Menschen zu bringen \u2013 offen, zukunftsgewandt und l\u00f6sungsorientiert. Wir wollen zuh\u00f6ren, anpacken und gemeinsam mit den B\u00fcrgerinnen und B\u00fcrgern Kempen gestalten<\/em>\u201c, so der neue Vorsitzende Niklas Hell.<\/p>\n\n\n\n<p>Ein besonderer Dank gilt dem bisherigen kommissarischen Vorstand, der mit gro\u00dfem Engagement und viel Einsatz die CDU Kempen in einer \u00dcbergangszeit gef\u00fchrt hat. Namentlich danken wir <strong>Heidi Labitzke<\/strong>, <strong>Sigrid Schrage<\/strong> und dem langj\u00e4hrigen Gesch\u00e4ftsf\u00fchrer <strong>Hans-Willi Schmitz<\/strong>, die mit ihrer Arbeit den Weg f\u00fcr einen erfolgreichen Neuanfang geebnet haben.<\/p>\n\n\n\n<p>Die CDU Kempen blickt mit Zuversicht nach vorn. Der neue Vorstand m\u00f6chte sichtbar und ansprechbar sein, den Austausch mit den B\u00fcrgerinnen und B\u00fcrgern intensivieren und politische Themen engagiert begleiten. Ein erstes Zeichen hierf\u00fcr setzt das <strong>CDU-Burgfest am 18. Mai 2025<\/strong>, das auf dem <strong>Burgparkplatz in Kempen<\/strong> stattfindet und eine gute Gelegenheit f\u00fcr pers\u00f6nliche Begegnungen in ungezwungener Atmosph\u00e4re bietet.<\/p>\n\n\n\n<p><strong>Wir laden alle Kempenerinnen und Kempener herzlich ein, sich einzubringen und gemeinsam mit uns die Zukunft unserer Stadt zu gestalten.<\/strong><\/p>\n\n\n\n<figure class=\"wp-block-image size-large\"><img loading=\"lazy\" decoding=\"async\" width=\"1160\" height=\"1160\" src=\"https:\/\/cdu-kempen.de\/wp-content\/uploads\/2025\/04\/Vorstand-2025-04-10-1160x1160.jpg\" alt=\"\" class=\"wp-image-12030\" srcset=\"https:\/\/cdu-kempen.de\/wp-content\/uploads\/2025\/04\/Vorstand-2025-04-10-980x735.jpg 980w, https:\/\/cdu-kempen.de\/wp-content\/uploads\/2025\/04\/Vorstand-2025-04-10-480x360.jpg 480w\" sizes=\"(min-width: 0px) and (max-width: 480px) 480px, (min-width: 481px) and (max-width: 980px) 980px, (min-width: 981px) 1160px, 100vw\" \/><\/figure>\n","protected":false},"excerpt":{"rendered":"<p>Mit einem klaren Zeichen f\u00fcr Aufbruch und Erneuerung hat die CDU Kempen auf ihrer j\u00fcngsten Mitgliederversammlung ein neues Vorstandsteam gew\u00e4hlt. Der Generationswechsel bringt frischen Wind \u2013 mit einem engagierten, jungen Team, das neue Akzente in der politischen Arbeit vor Ort setzen m\u00f6chte. Zum neuen Vorsitzenden wurde Niklas Hell gew\u00e4hlt. Ihm zur Seite stehen die stellvertretenden [&hellip;]<\/p>\n","protected":false},"author":5,"featured_media":12030,"comment_status":"closed","ping_status":"closed","sticky":false,"template":"","format":"standard","meta":{"_et_pb_use_builder":"off","_et_pb_old_content":"","_et_gb_content_width":"","footnotes":""},"categories":[5,4,1],"tags":[43,71],"class_list":["post-12031","post","type-post","status-publish","format-standard","has-post-thumbnail","hentry","category-aktuelles","category-allgemeines","category-uncategorized","tag-cdu-kempen","tag-vorstand"],"_links":{"self":[{"href":"https:\/\/cdu-kempen.de\/index.php\/wp-json\/wp\/v2\/posts\/12031"}],"collection":[{"href":"https:\/\/cdu-kempen.de\/index.php\/wp-json\/wp\/v2\/posts"}],"about":[{"href":"https:\/\/cdu-kempen.de\/index.php\/wp-json\/wp\/v2\/types\/post"}],"author":[{"embeddable":true,"href":"https:\/\/cdu-kempen.de\/index.php\/wp-json\/wp\/v2\/users\/5"}],"replies":[{"embeddable":true,"href":"https:\/\/cdu-kempen.de\/index.php\/wp-json\/wp\/v2\/comments?post=12031"}],"version-history":[{"count":3,"href":"https:\/\/cdu-kempen.de\/index.php\/wp-json\/wp\/v2\/posts\/12031\/revisions"}],"predecessor-version":[{"id":12034,"href":"https:\/\/cdu-kempen.de\/index.php\/wp-json\/wp\/v2\/posts\/12031\/revisions\/12034"}],"wp:featuredmedia":[{"embeddable":true,"href":"https:\/\/cdu-kempen.de\/index.php\/wp-json\/wp\/v2\/media\/12030"}],"wp:attachment":[{"href":"https:\/\/cdu-kempen.de\/index.php\/wp-json\/wp\/v2\/media?parent=12031"}],"wp:term":[{"taxonomy":"category","embeddable":true,"href":"https:\/\/cdu-kempen.de\/index.php\/wp-json\/wp\/v2\/categories?post=12031"},{"taxonomy":"post_tag","embeddable":true,"href":"https:\/\/cdu-kempen.de\/index.php\/wp-json\/wp\/v2\/tags?post=12031"}],"curies":[{"name":"wp","href":"https:\/\/api.w.org\/{rel}","templated":true}]}}