{"id":12038,"date":"2025-04-22T17:32:13","date_gmt":"2025-04-22T17:32:13","guid":{"rendered":"https:\/\/cdu-kempen.de\/?p=12038"},"modified":"2025-04-22T17:33:46","modified_gmt":"2025-04-22T17:33:46","slug":"kempener-cdu-burgfest-am-18-mai-2025","status":"publish","type":"post","link":"https:\/\/cdu-kempen.de\/index.php\/kempener-cdu-burgfest-am-18-mai-2025\/","title":{"rendered":"Kempener CDU-Burgfest am 18. Mai 2025"},"content":{"rendered":"\n<p>Zum zweiten Mal veranstaltet die Kempener CDU am <\/p>\n\n\n\n<p class=\"has-text-align-center\"><strong>18. Mai 2025 von 10:00 bis 17:00 Uhr<\/strong> <\/p>\n\n\n\n<p>das Kempener Burgfest. Auf dem Parkplatz an der Burg erwartet Sie ein vielf\u00e4ltiges Rahmenprogramm:<\/p>\n\n\n\n<p>\u2013 Familientr\u00f6delmarkt <br>\u2013 Live-Musik<br>\u2013 Burgturmbesteigung<br>\u2013 Speisen &amp; Getr\u00e4nke<br>\u2013 Buntes B\u00fchnenprogramm<\/p>\n\n\n\n<p>Genie\u00dfen Sie den Tag an der Kurk\u00f6lnischen Landesburg in Kempen. Auf dem Burgturm haben Sie eine hervorragende Aussicht \u00fcber ganz Kempen. Auf der B\u00fchne pr\u00e4sentieren Kempener Vereine ihre musikalischen Kl\u00e4nge und Shows. <\/p>\n\n\n\n<p>F\u00fcr den Familientr\u00f6delmarkt wird vorab um Anmeldung gebeten unter der Tel..Nr. 02152\/ 9880650.<br><\/p>\n\n\n\n<figure class=\"wp-block-image size-large\"><img loading=\"lazy\" decoding=\"async\" width=\"905\" height=\"1160\" src=\"https:\/\/cdu-kempen.de\/wp-content\/uploads\/2025\/04\/Burgfest_2025_2-905x1160.jpg\" alt=\"\" class=\"wp-image-12050\" srcset=\"https:\/\/cdu-kempen.de\/wp-content\/uploads\/2025\/04\/Burgfest_2025_2-905x1160.jpg 905w, https:\/\/cdu-kempen.de\/wp-content\/uploads\/2025\/04\/Burgfest_2025_2-480x679.jpg 480w\" sizes=\"(min-width: 0px) and (max-width: 480px) 480px, (min-width: 481px) 905px, 100vw\" \/><\/figure>\n","protected":false},"excerpt":{"rendered":"<p>Zum zweiten Mal veranstaltet die Kempener CDU am 18. Mai 2025 von 10:00 bis 17:00 Uhr das Kempener Burgfest. Auf dem Parkplatz an der Burg erwartet Sie ein vielf\u00e4ltiges Rahmenprogramm: \u2013 Familientr\u00f6delmarkt \u2013 Live-Musik\u2013 Burgturmbesteigung\u2013 Speisen &amp; Getr\u00e4nke\u2013 Buntes B\u00fchnenprogramm Genie\u00dfen Sie den Tag an der Kurk\u00f6lnischen Landesburg in Kempen. Auf dem Burgturm haben Sie [&hellip;]<\/p>\n","protected":false},"author":5,"featured_media":12050,"comment_status":"closed","ping_status":"closed","sticky":false,"template":"","format":"standard","meta":{"_et_pb_use_builder":"off","_et_pb_old_content":"","_et_gb_content_width":"","footnotes":""},"categories":[5],"tags":[19,43],"class_list":["post-12038","post","type-post","status-publish","format-standard","has-post-thumbnail","hentry","category-aktuelles","tag-burgfest","tag-cdu-kempen"],"_links":{"self":[{"href":"https:\/\/cdu-kempen.de\/index.php\/wp-json\/wp\/v2\/posts\/12038"}],"collection":[{"href":"https:\/\/cdu-kempen.de\/index.php\/wp-json\/wp\/v2\/posts"}],"about":[{"href":"https:\/\/cdu-kempen.de\/index.php\/wp-json\/wp\/v2\/types\/post"}],"author":[{"embeddable":true,"href":"https:\/\/cdu-kempen.de\/index.php\/wp-json\/wp\/v2\/users\/5"}],"replies":[{"embeddable":true,"href":"https:\/\/cdu-kempen.de\/index.php\/wp-json\/wp\/v2\/comments?post=12038"}],"version-history":[{"count":12,"href":"https:\/\/cdu-kempen.de\/index.php\/wp-json\/wp\/v2\/posts\/12038\/revisions"}],"predecessor-version":[{"id":12051,"href":"https:\/\/cdu-kempen.de\/index.php\/wp-json\/wp\/v2\/posts\/12038\/revisions\/12051"}],"wp:featuredmedia":[{"embeddable":true,"href":"https:\/\/cdu-kempen.de\/index.php\/wp-json\/wp\/v2\/media\/12050"}],"wp:attachment":[{"href":"https:\/\/cdu-kempen.de\/index.php\/wp-json\/wp\/v2\/media?parent=12038"}],"wp:term":[{"taxonomy":"category","embeddable":true,"href":"https:\/\/cdu-kempen.de\/index.php\/wp-json\/wp\/v2\/categories?post=12038"},{"taxonomy":"post_tag","embeddable":true,"href":"https:\/\/cdu-kempen.de\/index.php\/wp-json\/wp\/v2\/tags?post=12038"}],"curies":[{"name":"wp","href":"https:\/\/api.w.org\/{rel}","templated":true}]}}