{"id":12143,"date":"2025-05-12T16:19:56","date_gmt":"2025-05-12T16:19:56","guid":{"rendered":"https:\/\/cdu-kempen.de\/?p=12143"},"modified":"2025-05-12T16:19:57","modified_gmt":"2025-05-12T16:19:57","slug":"wechsel-in-der-cdu-fraktion-kempen","status":"publish","type":"post","link":"https:\/\/cdu-kempen.de\/index.php\/wechsel-in-der-cdu-fraktion-kempen\/","title":{"rendered":"Wechsel in der CDU-Fraktion Kempen"},"content":{"rendered":"\n<p>CDU-Fraktion setzt auf Doppelspitze<\/p>\n\n\n\n<p>Nachdem der Vorstand des CDU-Stadtverbands sein F\u00fchrungsteam neu und mit einem jungen Team aufgestellt hat, stellt sich nun auch die F\u00fchrung der CDU-Fraktion neu auf. Die CDU-Fraktion Kempen hat eine Doppelspitze f\u00fcr den Vorsitz der gr\u00f6\u00dften Ratsfraktion im Kempener Stadtrat gew\u00e4hlt. Ab sofort werden Michael Smeets und Willi Stenhorst die Geschicke der Fraktion leiten. Michael Smeets ist seit 20 Jahren dem Rat ans\u00e4ssig, Willi Stenhorst ist stellvertretender B\u00fcrgermeister und speziell im Hagelkreuz aktiv. Beide k\u00f6nnen auf entsprechende kommunalpolitische Erfahrungen zur\u00fcckgreifen.<\/p>\n\n\n\n<p>\u201eMit doppelter Power werden wir die CDU-Fraktion in den kommenden Monaten in den Kommunalwahlkampf f\u00fchren\u201c sagt Michael Smeets. Willi Stenhorst erg\u00e4nzt: \u201eMit einem engagierten Team setzen wir uns weiterhin zuverl\u00e4ssig f\u00fcr die Anliegen der Kempener B\u00fcrgerinnen und B\u00fcrger ein.\u201c<\/p>\n\n\n\n<p>Die Gesch\u00e4ftsf\u00fchrung der CDU-Fraktion wird ab sofort Hans-Willi Schmitz \u00fcbernehmen. Hans-Willi Schmitz bringt seine langj\u00e4hrige Erfahrung als Gesch\u00e4ftsf\u00fchrer des CDU-Stadtverbands mit in die Arbeit des Fraktionsvorstands ein. Der neue Fraktionsvorstand wird durch die bisherigen Stellvertreter Gerd-Wilhelm St\u00fcckemann und Stefanie Beyss sowie Beisitzer Gero Scheiermann komplettiert.<\/p>\n\n\n\n<p>Ein ganz besonderes Dankesch\u00f6n gilt dem bisherigen Fraktionsvorsitzenden Jochen Herbst und der langj\u00e4hrigen Fraktionsgesch\u00e4ftsf\u00fchrerin Heike H\u00f6ltken. Jochen Herbst hat seit 2019 die Fraktion gef\u00fchrt und sich in den vergangenen Jahren mit gro\u00dfem Engagement f\u00fcr die Belange unserer Stadt eingesetzt. Heike H\u00f6ltken hat nach elf Jahren die Gesch\u00e4ftsf\u00fchrung der CDU-Fraktion abgegeben. F\u00fcr ihren langj\u00e4hrigen Einsatz und ihre verl\u00e4ssliche Arbeit m\u00f6chten wir ihr unseren ausdr\u00fccklichen Dank und unsere gro\u00dfe Anerkennung aussprechen.<\/p>\n\n\n\n<p>\u201eWir setzen auf ein starkes, motiviertes Team an der Fraktionsspitze und richten unseren Blick entschlossen auf die Zukunft unserer Stadt \u201c, so Parteivorsitzender Niklas Hell. <\/p>\n\n\n\n<p style=\"text-transform:none\"><strong>Dem neuen Fraktionsvorstand geh\u00f6ren an:<\/strong><br>Michael Smeets, Fraktionsvorsitzender<br>Willi Stenhorst, Fraktionsvorsitzender<br>Stefanie Beyss, stellvertretende Fraktionsvorsitzende<br>Gerd-Wilhelm St\u00fcckemann, stellvertretender Fraktionsvorsitzender<br>Hans-Willi Schmitz, Fraktionsgesch\u00e4ftsf\u00fchrer<br>Dr. Gero Scheiermann, Beisitzer<\/p>\n\n\n\n<figure class=\"wp-block-image size-full\"><img loading=\"lazy\" decoding=\"async\" width=\"811\" height=\"619\" src=\"https:\/\/cdu-kempen.de\/wp-content\/uploads\/2025\/05\/2025-05-Fraktionsvorstand.jpg\" alt=\"\" class=\"wp-image-12135\" srcset=\"https:\/\/cdu-kempen.de\/wp-content\/uploads\/2025\/05\/2025-05-Fraktionsvorstand.jpg 811w, https:\/\/cdu-kempen.de\/wp-content\/uploads\/2025\/05\/2025-05-Fraktionsvorstand-480x366.jpg 480w\" sizes=\"(min-width: 0px) and (max-width: 480px) 480px, (min-width: 481px) 811px, 100vw\" \/><\/figure>\n","protected":false},"excerpt":{"rendered":"<p>CDU-Fraktion setzt auf Doppelspitze Nachdem der Vorstand des CDU-Stadtverbands sein F\u00fchrungsteam neu und mit einem jungen Team aufgestellt hat, stellt sich nun auch die F\u00fchrung der CDU-Fraktion neu auf. Die CDU-Fraktion Kempen hat eine Doppelspitze f\u00fcr den Vorsitz der gr\u00f6\u00dften Ratsfraktion im Kempener Stadtrat gew\u00e4hlt. Ab sofort werden Michael Smeets und Willi Stenhorst die Geschicke [&hellip;]<\/p>\n","protected":false},"author":5,"featured_media":12135,"comment_status":"closed","ping_status":"closed","sticky":false,"template":"","format":"standard","meta":{"_et_pb_use_builder":"off","_et_pb_old_content":"","_et_gb_content_width":"","footnotes":""},"categories":[5,4],"tags":[43,73],"class_list":["post-12143","post","type-post","status-publish","format-standard","has-post-thumbnail","hentry","category-aktuelles","category-allgemeines","tag-cdu-kempen","tag-cdu-fraktion-kempen"],"_links":{"self":[{"href":"https:\/\/cdu-kempen.de\/index.php\/wp-json\/wp\/v2\/posts\/12143"}],"collection":[{"href":"https:\/\/cdu-kempen.de\/index.php\/wp-json\/wp\/v2\/posts"}],"about":[{"href":"https:\/\/cdu-kempen.de\/index.php\/wp-json\/wp\/v2\/types\/post"}],"author":[{"embeddable":true,"href":"https:\/\/cdu-kempen.de\/index.php\/wp-json\/wp\/v2\/users\/5"}],"replies":[{"embeddable":true,"href":"https:\/\/cdu-kempen.de\/index.php\/wp-json\/wp\/v2\/comments?post=12143"}],"version-history":[{"count":3,"href":"https:\/\/cdu-kempen.de\/index.php\/wp-json\/wp\/v2\/posts\/12143\/revisions"}],"predecessor-version":[{"id":12146,"href":"https:\/\/cdu-kempen.de\/index.php\/wp-json\/wp\/v2\/posts\/12143\/revisions\/12146"}],"wp:featuredmedia":[{"embeddable":true,"href":"https:\/\/cdu-kempen.de\/index.php\/wp-json\/wp\/v2\/media\/12135"}],"wp:attachment":[{"href":"https:\/\/cdu-kempen.de\/index.php\/wp-json\/wp\/v2\/media?parent=12143"}],"wp:term":[{"taxonomy":"category","embeddable":true,"href":"https:\/\/cdu-kempen.de\/index.php\/wp-json\/wp\/v2\/categories?post=12143"},{"taxonomy":"post_tag","embeddable":true,"href":"https:\/\/cdu-kempen.de\/index.php\/wp-json\/wp\/v2\/tags?post=12143"}],"curies":[{"name":"wp","href":"https:\/\/api.w.org\/{rel}","templated":true}]}}