{"id":12149,"date":"2025-05-17T15:57:36","date_gmt":"2025-05-17T15:57:36","guid":{"rendered":"https:\/\/cdu-kempen.de\/?p=12149"},"modified":"2025-05-17T15:57:38","modified_gmt":"2025-05-17T15:57:38","slug":"50-jahre-cdu-mitgliedschaft-karl-heinz-hermans-geehrt","status":"publish","type":"post","link":"https:\/\/cdu-kempen.de\/index.php\/50-jahre-cdu-mitgliedschaft-karl-heinz-hermans-geehrt\/","title":{"rendered":"50 Jahre CDU-Mitgliedschaft \u2013 Karl-Heinz Hermans geehrt"},"content":{"rendered":"\n<p>Der CDU-Stadtverband Kempen gratuliert Karl-Heinz Hermans herzlich zu seiner 50-j\u00e4hrigen Mitgliedschaft in der Christlich Demokratischen Union Deutschlands.<\/p>\n\n\n\n<p>Mit gro\u00dfem pers\u00f6nlichem Engagement und politischer Weitsicht hat Herr Hermans \u00fcber Jahrzehnte hinweg das Leben in Kempen mitgestaltet \u2013 unter anderem als Ratsmitglied (1979\u20132009), ehrenamtlicher B\u00fcrgermeister (1989\u20131999) und als erster stellvertretender B\u00fcrgermeister bis 2009.<\/p>\n\n\n\n<p>Auch \u00fcber die Parteigrenzen hinaus ist sein Einsatz f\u00fcr das Brauchtum, das Vereinsleben und das Handwerk in Kempen bis heute beispielgebend.<\/p>\n\n\n\n<p>F\u00fcr sein vielf\u00e4ltiges Wirken wurde ihm im Jahr 2009 die Ehrenb\u00fcrgerw\u00fcrde der Stadt Kempen verliehen \u2013 eine Auszeichnung, die seinen Verdiensten in besonderer Weise Rechnung tr\u00e4gt.<\/p>\n\n\n\n<p>Als Zeichen unserer Anerkennung \u00fcberreichten wir Herrn Hermans die goldene Ehrennadel der CDU. Wir danken ihm f\u00fcr ein halbes Jahrhundert treuer Verbundenheit und w\u00fcnschen ihm weiterhin alles Gute.<br><br><\/p>\n\n\n\n<figure class=\"wp-block-image size-full is-resized\"><img loading=\"lazy\" decoding=\"async\" width=\"482\" height=\"547\" src=\"https:\/\/cdu-kempen.de\/wp-content\/uploads\/2025\/05\/2025-05-16-K.H.-Hermanns-50-Jahre-CDU-Mitglied.jpg\" alt=\"\" class=\"wp-image-12151\" style=\"width:727px;height:auto\" srcset=\"https:\/\/cdu-kempen.de\/wp-content\/uploads\/2025\/05\/2025-05-16-K.H.-Hermanns-50-Jahre-CDU-Mitglied.jpg 482w, https:\/\/cdu-kempen.de\/wp-content\/uploads\/2025\/05\/2025-05-16-K.H.-Hermanns-50-Jahre-CDU-Mitglied-480x545.jpg 480w\" sizes=\"(min-width: 0px) and (max-width: 480px) 480px, (min-width: 481px) 482px, 100vw\" \/><\/figure>\n\n\n\n<p><\/p>\n","protected":false},"excerpt":{"rendered":"<p>Der CDU-Stadtverband Kempen gratuliert Karl-Heinz Hermans herzlich zu seiner 50-j\u00e4hrigen Mitgliedschaft in der Christlich Demokratischen Union Deutschlands. Mit gro\u00dfem pers\u00f6nlichem Engagement und politischer Weitsicht hat Herr Hermans \u00fcber Jahrzehnte hinweg das Leben in Kempen mitgestaltet \u2013 unter anderem als Ratsmitglied (1979\u20132009), ehrenamtlicher B\u00fcrgermeister (1989\u20131999) und als erster stellvertretender B\u00fcrgermeister bis 2009. Auch \u00fcber die Parteigrenzen [&hellip;]<\/p>\n","protected":false},"author":5,"featured_media":12151,"comment_status":"closed","ping_status":"closed","sticky":false,"template":"","format":"standard","meta":{"_et_pb_use_builder":"off","_et_pb_old_content":"","_et_gb_content_width":"","footnotes":""},"categories":[5,1],"tags":[43,75,74],"class_list":["post-12149","post","type-post","status-publish","format-standard","has-post-thumbnail","hentry","category-aktuelles","category-uncategorized","tag-cdu-kempen","tag-ehrung","tag-karl-heinz-hermans"],"_links":{"self":[{"href":"https:\/\/cdu-kempen.de\/index.php\/wp-json\/wp\/v2\/posts\/12149"}],"collection":[{"href":"https:\/\/cdu-kempen.de\/index.php\/wp-json\/wp\/v2\/posts"}],"about":[{"href":"https:\/\/cdu-kempen.de\/index.php\/wp-json\/wp\/v2\/types\/post"}],"author":[{"embeddable":true,"href":"https:\/\/cdu-kempen.de\/index.php\/wp-json\/wp\/v2\/users\/5"}],"replies":[{"embeddable":true,"href":"https:\/\/cdu-kempen.de\/index.php\/wp-json\/wp\/v2\/comments?post=12149"}],"version-history":[{"count":3,"href":"https:\/\/cdu-kempen.de\/index.php\/wp-json\/wp\/v2\/posts\/12149\/revisions"}],"predecessor-version":[{"id":12154,"href":"https:\/\/cdu-kempen.de\/index.php\/wp-json\/wp\/v2\/posts\/12149\/revisions\/12154"}],"wp:featuredmedia":[{"embeddable":true,"href":"https:\/\/cdu-kempen.de\/index.php\/wp-json\/wp\/v2\/media\/12151"}],"wp:attachment":[{"href":"https:\/\/cdu-kempen.de\/index.php\/wp-json\/wp\/v2\/media?parent=12149"}],"wp:term":[{"taxonomy":"category","embeddable":true,"href":"https:\/\/cdu-kempen.de\/index.php\/wp-json\/wp\/v2\/categories?post=12149"},{"taxonomy":"post_tag","embeddable":true,"href":"https:\/\/cdu-kempen.de\/index.php\/wp-json\/wp\/v2\/tags?post=12149"}],"curies":[{"name":"wp","href":"https:\/\/api.w.org\/{rel}","templated":true}]}}