{"id":12278,"date":"2025-06-13T10:51:11","date_gmt":"2025-06-13T10:51:11","guid":{"rendered":"https:\/\/cdu-kempen.de\/?p=12278"},"modified":"2025-06-13T10:52:44","modified_gmt":"2025-06-13T10:52:44","slug":"aan-den-boom-preis-2025-preisgeld-an-trommler-und-pfeiferkorps-schmalbroich-uebergeben","status":"publish","type":"post","link":"https:\/\/cdu-kempen.de\/index.php\/aan-den-boom-preis-2025-preisgeld-an-trommler-und-pfeiferkorps-schmalbroich-uebergeben\/","title":{"rendered":"Aan den Boom-Preis 2025 \u2013 Preisgeld an Trommler- und Pfeiferkorps Schmalbroich \u00fcbergeben"},"content":{"rendered":"\n<p>Im Rahmen einer Vorstandssitzung hat der CDU-Stadtverband Kempen dem Vorsitzenden des Trommler- und Pfeiferkorps Schmalbroich 1923 e.V. das mit dem Aan den Boom-Preis verbundene Preisgeld in H\u00f6he von 400\u202fEuro \u00fcberreicht.<\/p>\n\n\n\n<p>Die Ehrenurkunde war bereits im festlichen Rahmen des CDU-Burgfests am 18. Mai 2025 \u00fcbergeben worden. Mit dem Aan den Boom-Preis 2025 w\u00fcrdigt die CDU Kempen das langj\u00e4hrige und vorbildliche Engagement des Vereins f\u00fcr das kulturelle Leben und den gesellschaftlichen Zusammenhalt in unserer Stadt.<\/p>\n\n\n\n<p>Das Trommler- und Pfeiferkorps steht seit \u00fcber 100 Jahren f\u00fcr gelebte Tradition, Nachwuchsf\u00f6rderung und musikalische Qualit\u00e4t \u2013 ein echtes Aush\u00e4ngeschild f\u00fcr Kempen.<\/p>\n\n\n\n<p>Wir gratulieren herzlich!<\/p>\n\n\n\n<figure class=\"wp-block-image size-large\"><img loading=\"lazy\" decoding=\"async\" width=\"1160\" height=\"1160\" src=\"https:\/\/cdu-kempen.de\/wp-content\/uploads\/2025\/06\/Aan-den-Boom-Preis_2025_Gelduebergabe-1160x1160.jpg\" alt=\"\" class=\"wp-image-12280\" srcset=\"https:\/\/cdu-kempen.de\/wp-content\/uploads\/2025\/06\/Aan-den-Boom-Preis_2025_Gelduebergabe-980x735.jpg 980w, https:\/\/cdu-kempen.de\/wp-content\/uploads\/2025\/06\/Aan-den-Boom-Preis_2025_Gelduebergabe-480x360.jpg 480w\" sizes=\"(min-width: 0px) and (max-width: 480px) 480px, (min-width: 481px) and (max-width: 980px) 980px, (min-width: 981px) 1160px, 100vw\" \/><\/figure>\n","protected":false},"excerpt":{"rendered":"<p>Im Rahmen einer Vorstandssitzung hat der CDU-Stadtverband Kempen dem Vorsitzenden des Trommler- und Pfeiferkorps Schmalbroich 1923 e.V. das mit dem Aan den Boom-Preis verbundene Preisgeld in H\u00f6he von 400\u202fEuro \u00fcberreicht. Die Ehrenurkunde war bereits im festlichen Rahmen des CDU-Burgfests am 18. Mai 2025 \u00fcbergeben worden. Mit dem Aan den Boom-Preis 2025 w\u00fcrdigt die CDU Kempen [&hellip;]<\/p>\n","protected":false},"author":5,"featured_media":12280,"comment_status":"closed","ping_status":"closed","sticky":false,"template":"","format":"standard","meta":{"_et_pb_use_builder":"off","_et_pb_old_content":"","_et_gb_content_width":"","footnotes":""},"categories":[5],"tags":[16,19,43],"class_list":["post-12278","post","type-post","status-publish","format-standard","has-post-thumbnail","hentry","category-aktuelles","tag-aan-den-boom","tag-burgfest","tag-cdu-kempen"],"_links":{"self":[{"href":"https:\/\/cdu-kempen.de\/index.php\/wp-json\/wp\/v2\/posts\/12278"}],"collection":[{"href":"https:\/\/cdu-kempen.de\/index.php\/wp-json\/wp\/v2\/posts"}],"about":[{"href":"https:\/\/cdu-kempen.de\/index.php\/wp-json\/wp\/v2\/types\/post"}],"author":[{"embeddable":true,"href":"https:\/\/cdu-kempen.de\/index.php\/wp-json\/wp\/v2\/users\/5"}],"replies":[{"embeddable":true,"href":"https:\/\/cdu-kempen.de\/index.php\/wp-json\/wp\/v2\/comments?post=12278"}],"version-history":[{"count":2,"href":"https:\/\/cdu-kempen.de\/index.php\/wp-json\/wp\/v2\/posts\/12278\/revisions"}],"predecessor-version":[{"id":12282,"href":"https:\/\/cdu-kempen.de\/index.php\/wp-json\/wp\/v2\/posts\/12278\/revisions\/12282"}],"wp:featuredmedia":[{"embeddable":true,"href":"https:\/\/cdu-kempen.de\/index.php\/wp-json\/wp\/v2\/media\/12280"}],"wp:attachment":[{"href":"https:\/\/cdu-kempen.de\/index.php\/wp-json\/wp\/v2\/media?parent=12278"}],"wp:term":[{"taxonomy":"category","embeddable":true,"href":"https:\/\/cdu-kempen.de\/index.php\/wp-json\/wp\/v2\/categories?post=12278"},{"taxonomy":"post_tag","embeddable":true,"href":"https:\/\/cdu-kempen.de\/index.php\/wp-json\/wp\/v2\/tags?post=12278"}],"curies":[{"name":"wp","href":"https:\/\/api.w.org\/{rel}","templated":true}]}}