{"id":12309,"date":"2025-06-23T21:16:27","date_gmt":"2025-06-23T21:16:27","guid":{"rendered":"https:\/\/cdu-kempen.de\/?p=12309"},"modified":"2025-06-23T21:18:27","modified_gmt":"2025-06-23T21:18:27","slug":"fakten-statt-maerchen-zur-planung-im-kempener-westen","status":"publish","type":"post","link":"https:\/\/cdu-kempen.de\/index.php\/fakten-statt-maerchen-zur-planung-im-kempener-westen\/","title":{"rendered":"Fakten statt M\u00e4rchen zur Planung im Kempener Westen!"},"content":{"rendered":"\n<p>Die CDU-Fraktion Kempen steht klar hinter dem vorliegenden Entwurf zur Entwicklung des Kempener Westens \u2013 ein Entwurf, der \u00fcber 200 Wohnungen schafft und damit dringend ben\u00f6tigten Wohnraum f\u00fcr unsere Stadt bietet.<\/p>\n\n\n\n<p>W\u00e4hrend die SPD in der \u00d6ffentlichkeit den Eindruck erwecken m\u00f6chte, hier w\u00fcrde \u201enur f\u00fcr wenige\u201c gebaut, zeigen die Zahlen ein ganz anderes Bild: Der Fokus des Plans liegt klar auf Reihenh\u00e4usern \u2013 \u00fcber 100 <a><\/a>Reihenh\u00e4user sind vorgesehen, erg\u00e4nzt durch Doppelh\u00e4user und wenige freistehende Einfamilienh\u00e4user. Damit entsteht ein durchmischtes Quartier, das insbesondere Familien neue Perspektiven bietet.<\/p>\n\n\n\n<p>Wir bedauern, dass die SPD den m\u00fchsam erarbeiteten Kompromiss ablehnt und damit den vielen B\u00fcrgerinnen und B\u00fcrgern vor den Kopf st\u00f6\u00dft, die sich seit Jahren auf die M\u00f6glichkeit freuen, in Kempen ein Zuhause f\u00fcr ihre Familie zu finden. Statt weiterhin zu blockieren, sollte die SPD anerkennen, dass das Auto in Kempen f\u00fcr viele weiterhin der Mobilit\u00e4tsgarant ist und wohnortnahes Parken f\u00fcr Lebensqualit\u00e4t sorgt \u2013 gerade in den dunklen Wintermonaten oder nachts.<\/p>\n\n\n\n<p>Die CDU-Fraktion hat sich f\u00fcr eine offene Diskussion im Lenkungskreis eingesetzt, statt mit der vorhandenen Mehrheit Fakten zu schaffen. Dass die SPD diesen gemeinsam erarbeiteten Vorschlag nun \u00f6ffentlich torpediert, zeigt, dass es ihr offenbar mehr um parteipolitische Profilierung als um die Sache geht.<\/p>\n\n\n\n<p>Wir sagen: Kempen braucht keine Blockadehaltung, sondern Wohnraum f\u00fcr alle \u2013 und genau das liefert dieser Plan.<\/p>\n","protected":false},"excerpt":{"rendered":"<p>Die CDU-Fraktion Kempen steht klar hinter dem vorliegenden Entwurf zur Entwicklung des Kempener Westens \u2013 ein Entwurf, der \u00fcber 200 Wohnungen schafft und damit dringend ben\u00f6tigten Wohnraum f\u00fcr unsere Stadt bietet. W\u00e4hrend die SPD in der \u00d6ffentlichkeit den Eindruck erwecken m\u00f6chte, hier w\u00fcrde \u201enur f\u00fcr wenige\u201c gebaut, zeigen die Zahlen ein ganz anderes Bild: Der [&hellip;]<\/p>\n","protected":false},"author":5,"featured_media":12313,"comment_status":"closed","ping_status":"closed","sticky":false,"template":"","format":"standard","meta":{"_et_pb_use_builder":"off","_et_pb_old_content":"","_et_gb_content_width":"","footnotes":""},"categories":[5],"tags":[43,80],"class_list":["post-12309","post","type-post","status-publish","format-standard","has-post-thumbnail","hentry","category-aktuelles","tag-cdu-kempen","tag-kempener-westen"],"_links":{"self":[{"href":"https:\/\/cdu-kempen.de\/index.php\/wp-json\/wp\/v2\/posts\/12309"}],"collection":[{"href":"https:\/\/cdu-kempen.de\/index.php\/wp-json\/wp\/v2\/posts"}],"about":[{"href":"https:\/\/cdu-kempen.de\/index.php\/wp-json\/wp\/v2\/types\/post"}],"author":[{"embeddable":true,"href":"https:\/\/cdu-kempen.de\/index.php\/wp-json\/wp\/v2\/users\/5"}],"replies":[{"embeddable":true,"href":"https:\/\/cdu-kempen.de\/index.php\/wp-json\/wp\/v2\/comments?post=12309"}],"version-history":[{"count":4,"href":"https:\/\/cdu-kempen.de\/index.php\/wp-json\/wp\/v2\/posts\/12309\/revisions"}],"predecessor-version":[{"id":12314,"href":"https:\/\/cdu-kempen.de\/index.php\/wp-json\/wp\/v2\/posts\/12309\/revisions\/12314"}],"wp:featuredmedia":[{"embeddable":true,"href":"https:\/\/cdu-kempen.de\/index.php\/wp-json\/wp\/v2\/media\/12313"}],"wp:attachment":[{"href":"https:\/\/cdu-kempen.de\/index.php\/wp-json\/wp\/v2\/media?parent=12309"}],"wp:term":[{"taxonomy":"category","embeddable":true,"href":"https:\/\/cdu-kempen.de\/index.php\/wp-json\/wp\/v2\/categories?post=12309"},{"taxonomy":"post_tag","embeddable":true,"href":"https:\/\/cdu-kempen.de\/index.php\/wp-json\/wp\/v2\/tags?post=12309"}],"curies":[{"name":"wp","href":"https:\/\/api.w.org\/{rel}","templated":true}]}}