{"id":12323,"date":"2025-06-26T12:58:51","date_gmt":"2025-06-26T12:58:51","guid":{"rendered":"https:\/\/cdu-kempen.de\/?p=12323"},"modified":"2025-06-26T13:31:36","modified_gmt":"2025-06-26T13:31:36","slug":"klare-unterstuetzung-fuer-anwohner-der-wilhelm-grobben-strasse-gefordert","status":"publish","type":"post","link":"https:\/\/cdu-kempen.de\/index.php\/klare-unterstuetzung-fuer-anwohner-der-wilhelm-grobben-strasse-gefordert\/","title":{"rendered":"Klare Unterst\u00fctzung f\u00fcr Anwohner der Wilhelm-Grobben-Stra\u00dfe gefordert"},"content":{"rendered":"\n<p>Die <strong>CDU-Stadtratsfraktion Kempen<\/strong> setzt sich mit Nachdruck f\u00fcr die betroffenen <strong>Anwohnerinnen und Anwohner<\/strong> der ehemaligen <strong>Wilhelm-Grobben-Stra\u00dfe<\/strong> ein. In einer <strong>schriftlichen Anfrage<\/strong> an <strong>B\u00fcrgermeister Dellmans<\/strong> fordert die Fraktion <strong>verbindliche Ausk\u00fcnfte<\/strong> zur zugesagten <strong>Unterst\u00fctzung<\/strong> im Zusammenhang mit der <strong>Stra\u00dfenumbenennung<\/strong>.<\/p>\n\n\n\n<p>Bereits in der <strong>Ratssitzung<\/strong> vom <strong>25. Februar 2025<\/strong> hatte B\u00fcrgermeister Dellmans zugesichert, dass die betroffenen B\u00fcrgerinnen und B\u00fcrger <strong>nicht alleine gelassen<\/strong> werden und bei allen Fragen zur Umbenennung <strong>Hilfestellung<\/strong> durch die <strong>Stadtverwaltung<\/strong> erhalten sollen. Doch laut R\u00fcckmeldungen aus der Anwohnerschaft besteht weiterhin <strong>erhebliche Unsicherheit<\/strong>, wie diese Unterst\u00fctzung <strong>konkret<\/strong> aussehen soll.<\/p>\n\n\n\n<p>\u201eViele B\u00fcrgerinnen und B\u00fcrger <strong>f\u00fchlen sich allein gelassen<\/strong> \u2013 es fehlt an <strong>klaren Informationen<\/strong>, wie ihnen geholfen wird\u201c, erkl\u00e4rt die <strong>CDU-Fraktion<\/strong>. Aus diesem Grund hat sie nun eine <strong>Anfrage<\/strong> gestellt, die <strong>\u00f6ffentlich<\/strong> in der <strong>Ratssitzung am 8. Juli 2025<\/strong> beantwortet werden soll.<\/p>\n\n\n\n<p>Die CDU m\u00f6chte unter anderem wissen:<\/p>\n\n\n\n<ul class=\"wp-block-list\">\n<li>Welche <strong>konkreten Informations- und Unterst\u00fctzungsma\u00dfnahmen<\/strong> bereits erfolgt sind,<\/li>\n\n\n\n<li>Ob das angek\u00fcndigte <strong>Informationsschreiben<\/strong> an die Anwohner versandt wurde,<\/li>\n\n\n\n<li>Ob die Stadt \u2013 wie zugesagt \u2013 die <strong>Kosten f\u00fcr Ausweis\u00e4nderungen<\/strong>, <strong>Grundbucheintr\u00e4ge<\/strong> und \u00e4hnliche Verwaltungsakte <strong>\u00fcbernimmt<\/strong>,<\/li>\n\n\n\n<li>Welche weiteren <strong>Hilfestellungen<\/strong> angeboten werden, um den <strong>b\u00fcrokratischen Aufwand<\/strong> zu minimieren,<\/li>\n\n\n\n<li>Und ob es eine <strong>zentrale Anlaufstelle<\/strong> f\u00fcr R\u00fcckfragen der Anwohnerschaft gibt.<\/li>\n<\/ul>\n\n\n\n<p>\u201eWir erwarten <strong>verbindliche Aussagen<\/strong> von der <strong>Stadtverwaltung<\/strong>, <strong>wie und bis wann<\/strong> die Unterst\u00fctzung bei den Menschen ankommt. Wer durch eine <strong>politische Entscheidung<\/strong> betroffen ist, darf nicht auch noch durch <strong>fehlende Kommunikation<\/strong> belastet werden\u201c, so die <strong>CDU Kempen<\/strong> abschlie\u00dfend. Die <strong>CDU<\/strong> bleibt auch weiterhin im engen Austausch mit den <strong>B\u00fcrgerinnen und B\u00fcrgern vor Ort<\/strong> und wird sich f\u00fcr eine <strong>faire und transparente Umsetzung<\/strong> der Umbenennung einsetzen.<br><br>Die Anfrage hierzu finden Sie unter<br> <a href=\"https:\/\/cdu-kempen.de\/wp-content\/uploads\/2025\/06\/2025-06-25-CDU-Anfrage-Unterstuetzung-Anwohner-ehemals-Wilhelm-Grobben-Strasse.pdf\">https:\/\/cdu-kempen.de\/wp-content\/uploads\/2025\/06\/2025-06-25-CDU-Anfrage-Unterstuetzung-Anwohner-ehemals-Wilhelm-Grobben-Strasse.pdf<\/a><\/p>\n","protected":false},"excerpt":{"rendered":"<p>Die CDU-Stadtratsfraktion Kempen setzt sich mit Nachdruck f\u00fcr die betroffenen Anwohnerinnen und Anwohner der ehemaligen Wilhelm-Grobben-Stra\u00dfe ein. In einer schriftlichen Anfrage an B\u00fcrgermeister Dellmans fordert die Fraktion verbindliche Ausk\u00fcnfte zur zugesagten Unterst\u00fctzung im Zusammenhang mit der Stra\u00dfenumbenennung. Bereits in der Ratssitzung vom 25. Februar 2025 hatte B\u00fcrgermeister Dellmans zugesichert, dass die betroffenen B\u00fcrgerinnen und B\u00fcrger [&hellip;]<\/p>\n","protected":false},"author":5,"featured_media":11631,"comment_status":"closed","ping_status":"closed","sticky":false,"template":"","format":"standard","meta":{"_et_pb_use_builder":"off","_et_pb_old_content":"<!-- wp:paragraph -->\n<p>Die <strong>CDU-Stadtratsfraktion Kempen<\/strong> setzt sich mit Nachdruck f\u00fcr die betroffenen <strong>Anwohnerinnen und Anwohner<\/strong> der ehemaligen <strong>Wilhelm-Grobben-Stra\u00dfe<\/strong> ein. In einer <strong>schriftlichen Anfrage<\/strong> an <strong>B\u00fcrgermeister Dellmans<\/strong> fordert die Fraktion <strong>verbindliche Ausk\u00fcnfte<\/strong> zur zugesagten <strong>Unterst\u00fctzung<\/strong> im Zusammenhang mit der <strong>Stra\u00dfenumbenennung<\/strong>.<\/p>\n<!-- \/wp:paragraph -->\n\n<!-- wp:paragraph -->\n<p>Bereits in der <strong>Ratssitzung<\/strong> vom <strong>25. Februar 2025<\/strong> hatte B\u00fcrgermeister Dellmans zugesichert, dass die betroffenen B\u00fcrgerinnen und B\u00fcrger <strong>nicht alleine gelassen<\/strong> werden und bei allen Fragen zur Umbenennung <strong>Hilfestellung<\/strong> durch die <strong>Stadtverwaltung<\/strong> erhalten sollen. Doch laut R\u00fcckmeldungen aus der Anwohnerschaft besteht weiterhin <strong>erhebliche Unsicherheit<\/strong>, wie diese Unterst\u00fctzung <strong>konkret<\/strong> aussehen soll.<\/p>\n<!-- \/wp:paragraph -->\n\n<!-- wp:paragraph -->\n<p>\u201eViele B\u00fcrgerinnen und B\u00fcrger <strong>f\u00fchlen sich allein gelassen<\/strong> \u2013 es fehlt an <strong>klaren Informationen<\/strong>, wie ihnen geholfen wird\u201c, erkl\u00e4rt die <strong>CDU-Fraktion<\/strong>. Aus diesem Grund hat sie nun eine <strong>Anfrage<\/strong> gestellt, die <strong>\u00f6ffentlich<\/strong> in der <strong>Ratssitzung am 8. Juli 2025<\/strong> beantwortet werden soll.<\/p>\n<!-- \/wp:paragraph -->\n\n<!-- wp:paragraph -->\n<p>Die CDU m\u00f6chte unter anderem wissen:<\/p>\n<!-- \/wp:paragraph -->\n\n<!-- wp:list -->\n<ul class=\"wp-block-list\"><!-- wp:list-item -->\n<li>Welche <strong>konkreten Informations- und Unterst\u00fctzungsma\u00dfnahmen<\/strong> bereits erfolgt sind,<\/li>\n<!-- \/wp:list-item -->\n\n<!-- wp:list-item -->\n<li>Ob das angek\u00fcndigte <strong>Informationsschreiben<\/strong> an die Anwohner versandt wurde,<\/li>\n<!-- \/wp:list-item -->\n\n<!-- wp:list-item -->\n<li>Ob die Stadt \u2013 wie zugesagt \u2013 die <strong>Kosten f\u00fcr Ausweis\u00e4nderungen<\/strong>, <strong>Grundbucheintr\u00e4ge<\/strong> und \u00e4hnliche Verwaltungsakte <strong>\u00fcbernimmt<\/strong>,<\/li>\n<!-- \/wp:list-item -->\n\n<!-- wp:list-item -->\n<li>Welche weiteren <strong>Hilfestellungen<\/strong> angeboten werden, um den <strong>b\u00fcrokratischen Aufwand<\/strong> zu minimieren,<\/li>\n<!-- \/wp:list-item -->\n\n<!-- wp:list-item -->\n<li>Und ob es eine <strong>zentrale Anlaufstelle<\/strong> f\u00fcr R\u00fcckfragen der Anwohnerschaft gibt.<\/li>\n<!-- \/wp:list-item --><\/ul>\n<!-- \/wp:list -->\n\n<!-- wp:paragraph -->\n<p>\u201eWir erwarten <strong>verbindliche Aussagen<\/strong> von der <strong>Stadtverwaltung<\/strong>, <strong>wie und bis wann<\/strong> die Unterst\u00fctzung bei den Menschen ankommt. Wer durch eine <strong>politische Entscheidung<\/strong> betroffen ist, darf nicht auch noch durch <strong>fehlende Kommunikation<\/strong> belastet werden\u201c, so die <strong>CDU Kempen<\/strong> abschlie\u00dfend. Die <strong>CDU<\/strong> bleibt auch weiterhin im engen Austausch mit den <strong>B\u00fcrgerinnen und B\u00fcrgern vor Ort<\/strong> und wird sich f\u00fcr eine <strong>faire und transparente Umsetzung<\/strong> der Umbenennung einsetzen.<br><br>Die Anfrage hierzu finden Sie unter<br> <a href=\"https:\/\/cdu-kempen.de\/wp-content\/uploads\/2025\/06\/2025-06-25-CDU-Anfrage-Unterstuetzung-Anwohner-ehemals-Wilhelm-Grobben-Strasse.pdf\">https:\/\/cdu-kempen.de\/wp-content\/uploads\/2025\/06\/2025-06-25-CDU-Anfrage-Unterstuetzung-Anwohner-ehemals-Wilhelm-Grobben-Strasse.pdf<\/a><\/p>\n<!-- \/wp:paragraph -->","_et_gb_content_width":"","footnotes":""},"categories":[1],"tags":[82,14,43],"class_list":["post-12323","post","type-post","status-publish","format-standard","has-post-thumbnail","hentry","category-uncategorized","tag-anfragen","tag-antraege","tag-cdu-kempen"],"_links":{"self":[{"href":"https:\/\/cdu-kempen.de\/index.php\/wp-json\/wp\/v2\/posts\/12323"}],"collection":[{"href":"https:\/\/cdu-kempen.de\/index.php\/wp-json\/wp\/v2\/posts"}],"about":[{"href":"https:\/\/cdu-kempen.de\/index.php\/wp-json\/wp\/v2\/types\/post"}],"author":[{"embeddable":true,"href":"https:\/\/cdu-kempen.de\/index.php\/wp-json\/wp\/v2\/users\/5"}],"replies":[{"embeddable":true,"href":"https:\/\/cdu-kempen.de\/index.php\/wp-json\/wp\/v2\/comments?post=12323"}],"version-history":[{"count":6,"href":"https:\/\/cdu-kempen.de\/index.php\/wp-json\/wp\/v2\/posts\/12323\/revisions"}],"predecessor-version":[{"id":12329,"href":"https:\/\/cdu-kempen.de\/index.php\/wp-json\/wp\/v2\/posts\/12323\/revisions\/12329"}],"wp:featuredmedia":[{"embeddable":true,"href":"https:\/\/cdu-kempen.de\/index.php\/wp-json\/wp\/v2\/media\/11631"}],"wp:attachment":[{"href":"https:\/\/cdu-kempen.de\/index.php\/wp-json\/wp\/v2\/media?parent=12323"}],"wp:term":[{"taxonomy":"category","embeddable":true,"href":"https:\/\/cdu-kempen.de\/index.php\/wp-json\/wp\/v2\/categories?post=12323"},{"taxonomy":"post_tag","embeddable":true,"href":"https:\/\/cdu-kempen.de\/index.php\/wp-json\/wp\/v2\/tags?post=12323"}],"curies":[{"name":"wp","href":"https:\/\/api.w.org\/{rel}","templated":true}]}}