{"id":12348,"date":"2025-07-02T15:17:15","date_gmt":"2025-07-02T15:17:15","guid":{"rendered":"https:\/\/cdu-kempen.de\/?p=12348"},"modified":"2025-07-02T15:17:16","modified_gmt":"2025-07-02T15:17:16","slug":"wirtschaftsfoerderung-ist-und-bleibt-schluesselthema-fuer-unsere-stadt","status":"publish","type":"post","link":"https:\/\/cdu-kempen.de\/index.php\/wirtschaftsfoerderung-ist-und-bleibt-schluesselthema-fuer-unsere-stadt\/","title":{"rendered":"Wirtschaftsf\u00f6rderung ist und bleibt Schl\u00fcsselthema f\u00fcr unsere Stadt"},"content":{"rendered":"\n<p>Mit Blick auf das <strong>Ausscheiden des bisherigen Wirtschaftsf\u00f6rderers<\/strong> hat die <strong>CDU-Stadtratsfraktion<\/strong> eine <strong>schriftliche Anfrage<\/strong> an B\u00fcrgermeister Dellmans gestellt \u2013 mit klarer Erwartung: Die <strong>Wirtschaftsf\u00f6rderung<\/strong> in <strong>Kempen<\/strong> darf <strong>keinen Tag ins Stocken geraten<\/strong>.<\/p>\n\n\n\n<p>F\u00fcr die <strong>CDU<\/strong> ist die <strong>Wirtschaftsf\u00f6rderung<\/strong> <strong>keine Randaufgabe<\/strong>, sondern ein <strong>zentrales Element<\/strong> verantwortungsvoller <strong>Kommunalpolitik<\/strong>. In einer Stadt wie <strong>Kempen<\/strong>, die von einer <strong>starken mittelst\u00e4ndischen Struktur<\/strong>, <strong>innovativen Unternehmen<\/strong> und <strong>engagiertem Einzelhandel<\/strong> gepr\u00e4gt ist, braucht es eine <strong>Wirtschaftsf\u00f6rderung<\/strong>, die als <strong>aktiver Partner<\/strong> agiert \u2013 <strong>verl\u00e4sslich<\/strong>, <strong>kompetent<\/strong> und <strong>vernetzt<\/strong>.<\/p>\n\n\n\n<p>\u201eGerade in herausfordernden Zeiten des Wandels ist es entscheidend, dass <strong>Stadt und Wirtschaft eng zusammenarbeiten<\/strong>. Es geht um <strong>Arbeitspl\u00e4tze<\/strong>, <strong>Wohlstand<\/strong> und die <strong>Zukunftsf\u00e4higkeit unserer Stadt\u201c,<\/strong> betont die <strong>CDU-Fraktion<\/strong>. Umso wichtiger ist es aus Sicht der CDU, dass die <strong>Nachbesetzung<\/strong> schnell, <strong>qualifiziert<\/strong> und <strong>strategisch<\/strong> erfolgt. Die <strong>Wirtschaftsf\u00f6rderung<\/strong> m\u00fcsse dabei nicht nur <strong>erhalten<\/strong>, sondern perspektivisch auch <strong>gest\u00e4rkt<\/strong> und <strong>weiterentwickelt<\/strong> werden.<\/p>\n\n\n\n<p>Konkret fragt die CDU nach der <strong>Sicherstellung der Kontinuit\u00e4t<\/strong>, nach <strong>Pl\u00e4nen zur Nachbesetzung<\/strong>, nach der <strong>Zusammenarbeit mit regionalen Partnern<\/strong> sowie nach der <strong>Fortf\u00fchrung strategischer Projekte<\/strong> \u2013 von der <strong>Gewerbefl\u00e4chenentwicklung<\/strong> bis zur <strong>Fachkr\u00e4ftesicherung<\/strong>.<\/p>\n\n\n\n<p>Die CDU macht deutlich: <strong>Kempen<\/strong> soll auch in dieser <strong>\u00dcbergangszeit<\/strong> als <strong>starker und verl\u00e4sslicher Wirtschaftsstandort<\/strong> wahrgenommen werden. Daf\u00fcr braucht es <strong>klare Strukturen<\/strong>, <strong>direkte Kommunikation mit der Unternehmerschaft<\/strong> und eine <strong>Wirtschaftsf\u00f6rderung auf Augenh\u00f6he<\/strong>.<\/p>\n","protected":false},"excerpt":{"rendered":"<p>Mit Blick auf das Ausscheiden des bisherigen Wirtschaftsf\u00f6rderers hat die CDU-Stadtratsfraktion eine schriftliche Anfrage an B\u00fcrgermeister Dellmans gestellt \u2013 mit klarer Erwartung: Die Wirtschaftsf\u00f6rderung in Kempen darf keinen Tag ins Stocken geraten. F\u00fcr die CDU ist die Wirtschaftsf\u00f6rderung keine Randaufgabe, sondern ein zentrales Element verantwortungsvoller Kommunalpolitik. In einer Stadt wie Kempen, die von einer starken [&hellip;]<\/p>\n","protected":false},"author":5,"featured_media":12350,"comment_status":"closed","ping_status":"closed","sticky":false,"template":"","format":"standard","meta":{"_et_pb_use_builder":"off","_et_pb_old_content":"","_et_gb_content_width":"","footnotes":""},"categories":[5],"tags":[43],"class_list":["post-12348","post","type-post","status-publish","format-standard","has-post-thumbnail","hentry","category-aktuelles","tag-cdu-kempen"],"_links":{"self":[{"href":"https:\/\/cdu-kempen.de\/index.php\/wp-json\/wp\/v2\/posts\/12348"}],"collection":[{"href":"https:\/\/cdu-kempen.de\/index.php\/wp-json\/wp\/v2\/posts"}],"about":[{"href":"https:\/\/cdu-kempen.de\/index.php\/wp-json\/wp\/v2\/types\/post"}],"author":[{"embeddable":true,"href":"https:\/\/cdu-kempen.de\/index.php\/wp-json\/wp\/v2\/users\/5"}],"replies":[{"embeddable":true,"href":"https:\/\/cdu-kempen.de\/index.php\/wp-json\/wp\/v2\/comments?post=12348"}],"version-history":[{"count":1,"href":"https:\/\/cdu-kempen.de\/index.php\/wp-json\/wp\/v2\/posts\/12348\/revisions"}],"predecessor-version":[{"id":12349,"href":"https:\/\/cdu-kempen.de\/index.php\/wp-json\/wp\/v2\/posts\/12348\/revisions\/12349"}],"wp:featuredmedia":[{"embeddable":true,"href":"https:\/\/cdu-kempen.de\/index.php\/wp-json\/wp\/v2\/media\/12350"}],"wp:attachment":[{"href":"https:\/\/cdu-kempen.de\/index.php\/wp-json\/wp\/v2\/media?parent=12348"}],"wp:term":[{"taxonomy":"category","embeddable":true,"href":"https:\/\/cdu-kempen.de\/index.php\/wp-json\/wp\/v2\/categories?post=12348"},{"taxonomy":"post_tag","embeddable":true,"href":"https:\/\/cdu-kempen.de\/index.php\/wp-json\/wp\/v2\/tags?post=12348"}],"curies":[{"name":"wp","href":"https:\/\/api.w.org\/{rel}","templated":true}]}}