{"id":12357,"date":"2025-07-09T20:04:24","date_gmt":"2025-07-09T20:04:24","guid":{"rendered":"https:\/\/cdu-kempen.de\/?p=12357"},"modified":"2025-07-09T20:10:48","modified_gmt":"2025-07-09T20:10:48","slug":"haushaltsrede-der-cdu-fraktion-kempen-2","status":"publish","type":"post","link":"https:\/\/cdu-kempen.de\/index.php\/haushaltsrede-der-cdu-fraktion-kempen-2\/","title":{"rendered":"Haushaltsrede der CDU-Fraktion Kempen 2025"},"content":{"rendered":"\n<p>In der Ratssitzung am gestrigen Dienstag, 08.07.2025, wurden der Stellenplan und der Haushalt f\u00fcr das Jahr 2025 verabschiedet.<\/p>\n\n\n\n<p>Nur mit der Aussicht und dem Wissen, dass in diesem Jahr realistisch keine gr\u00f6\u00dferen Einsparungen mehr erreichbar sind, hat die CDU dem Haushalt 2025 mit Bedenken zugestimmt.<\/p>\n\n\n\n<p>Die vollst\u00e4ndige Haushaltsrede des Fraktionsvorsitzenden, Michael Smeets, finden Sie hier:<\/p>\n\n\n\n<p><a href=\"https:\/\/cdu-kempen.de\/wp-content\/uploads\/2025\/07\/2025-07-08-Haushaltsrede-CDU.pdf\">https:\/\/cdu-kempen.de\/wp-content\/uploads\/2025\/07\/2025-07-08-Haushaltsrede-CDU.pdf<\/a><\/p>\n","protected":false},"excerpt":{"rendered":"<p>In der Ratssitzung am gestrigen Dienstag, 08.07.2025, wurden der Stellenplan und der Haushalt f\u00fcr das Jahr 2025 verabschiedet. Nur mit der Aussicht und dem Wissen, dass in diesem Jahr realistisch keine gr\u00f6\u00dferen Einsparungen mehr erreichbar sind, hat die CDU dem Haushalt 2025 mit Bedenken zugestimmt. Die vollst\u00e4ndige Haushaltsrede des Fraktionsvorsitzenden, Michael Smeets, finden Sie hier: [&hellip;]<\/p>\n","protected":false},"author":5,"featured_media":12350,"comment_status":"closed","ping_status":"closed","sticky":false,"template":"","format":"standard","meta":{"_et_pb_use_builder":"off","_et_pb_old_content":"","_et_gb_content_width":"","footnotes":""},"categories":[5,4],"tags":[43,83],"class_list":["post-12357","post","type-post","status-publish","format-standard","has-post-thumbnail","hentry","category-aktuelles","category-allgemeines","tag-cdu-kempen","tag-haushalt"],"_links":{"self":[{"href":"https:\/\/cdu-kempen.de\/index.php\/wp-json\/wp\/v2\/posts\/12357"}],"collection":[{"href":"https:\/\/cdu-kempen.de\/index.php\/wp-json\/wp\/v2\/posts"}],"about":[{"href":"https:\/\/cdu-kempen.de\/index.php\/wp-json\/wp\/v2\/types\/post"}],"author":[{"embeddable":true,"href":"https:\/\/cdu-kempen.de\/index.php\/wp-json\/wp\/v2\/users\/5"}],"replies":[{"embeddable":true,"href":"https:\/\/cdu-kempen.de\/index.php\/wp-json\/wp\/v2\/comments?post=12357"}],"version-history":[{"count":6,"href":"https:\/\/cdu-kempen.de\/index.php\/wp-json\/wp\/v2\/posts\/12357\/revisions"}],"predecessor-version":[{"id":12364,"href":"https:\/\/cdu-kempen.de\/index.php\/wp-json\/wp\/v2\/posts\/12357\/revisions\/12364"}],"wp:featuredmedia":[{"embeddable":true,"href":"https:\/\/cdu-kempen.de\/index.php\/wp-json\/wp\/v2\/media\/12350"}],"wp:attachment":[{"href":"https:\/\/cdu-kempen.de\/index.php\/wp-json\/wp\/v2\/media?parent=12357"}],"wp:term":[{"taxonomy":"category","embeddable":true,"href":"https:\/\/cdu-kempen.de\/index.php\/wp-json\/wp\/v2\/categories?post=12357"},{"taxonomy":"post_tag","embeddable":true,"href":"https:\/\/cdu-kempen.de\/index.php\/wp-json\/wp\/v2\/tags?post=12357"}],"curies":[{"name":"wp","href":"https:\/\/api.w.org\/{rel}","templated":true}]}}