{"id":12391,"date":"2025-07-15T22:05:35","date_gmt":"2025-07-15T22:05:35","guid":{"rendered":"https:\/\/cdu-kempen.de\/?p=12391"},"modified":"2025-07-23T22:43:41","modified_gmt":"2025-07-23T22:43:41","slug":"mit-sommergruss-und-klarer-botschaft-cdu-stadtverband-kempen-startet-sommerkampagne","status":"publish","type":"post","link":"https:\/\/cdu-kempen.de\/index.php\/mit-sommergruss-und-klarer-botschaft-cdu-stadtverband-kempen-startet-sommerkampagne\/","title":{"rendered":"Mit Sommergru\u00df und klarer Botschaft: CDU-Stadtverband Kempen startet Sommerkampagne"},"content":{"rendered":"\n[et_pb_section][et_pb_row][et_pb_column type=&#8220;4_4&#8243;][et_pb_text]<!-- divi:paragraph {\"style\":{\"typography\":{\"fontSize\":\"17px\"}}} -->\n<p style=\"font-size:17px\">P\u00fcnktlich zum Ferienbeginn setzt der <strong>CDU-Stadtverband Kempen<\/strong> ein sichtbares Zeichen im Stadtgebiet: Sommerpostkarten wurden vom CDU-Team im gesamten Stadtgebiet verteilt \u2013 als Teil einer b\u00fcrgernahen Sommerkampagne zur anstehenden <strong>Kommunalwahl am 14. September<\/strong>.<\/p>\n<!-- \/divi:paragraph -->\n\n<!-- divi:paragraph {\"style\":{\"typography\":{\"fontSize\":\"17px\"}}} -->\n<p style=\"font-size:17px\">Mit der Sommerpostkarte setzt der <strong>CDU-Stadtverband Kempen<\/strong> auf direkte Ansprache und greifbaren Mehrwert: Ein pers\u00f6nlicher Feriengru\u00df trifft auf praktische Alltagshilfe \u2013 in Form des <strong>NRW-Ferienplaners<\/strong> f\u00fcr das Schuljahr 2025\/2026. Ein kleines Format, das zeigt, worum es geht: <strong>Nah an den Menschen<\/strong>, mit Blick auf das, was z\u00e4hlt.<\/p>\n<!-- \/divi:paragraph -->\n\n<!-- divi:paragraph {\"style\":{\"typography\":{\"fontSize\":\"17px\"}}} -->\n<p style=\"font-size:17px\">Unter dem Motto <strong>\u201eSommer. Sonne. CDU. \u2013 f\u00fcr ein starkes Kempen\u201c<\/strong> bringt die Karte nicht nur positive W\u00fcnsche zum Ausdruck, sondern unterstreicht auch das Engagement des <strong>CDU-Stadtverbands Kempen<\/strong> f\u00fcr eine verantwortungsvolle und zukunftsorientierte Stadtpolitik.<\/p>\n<!-- \/divi:paragraph -->\n\n<!-- divi:paragraph {\"style\":{\"typography\":{\"fontSize\":\"17px\"}}} -->\n<p style=\"font-size:17px\">Begleitet wurde die Aktion von zahlreichen Momentaufnahmen, die das CDU-Team im Einsatz zeigen \u2013 engagiert, nahbar und pr\u00e4sent vor Ort.<\/p>\n<!-- \/divi:paragraph -->\n\n<!-- divi:paragraph {\"style\":{\"typography\":{\"fontSize\":\"17px\"}}} -->\n<p style=\"font-size:17px\">Allen B\u00fcrgerinnen und B\u00fcrgern w\u00fcnschen wir weiterhin eine sch\u00f6ne, sonnige und erholsame Ferienzeit!<\/p>\n<!-- \/divi:paragraph -->\n\n<!-- divi:video {\"id\":12394,\"align\":\"center\"} -->\n<figure class=\"wp-block-video aligncenter\"><video controls src=\"https:\/\/cdu-kempen.de\/wp-content\/uploads\/2025\/07\/CDU-Verteilaktion-Sommergruesse-2025-\u2013-Mit-Clipchamp-erstellt.mp4\"><\/video><\/figure>\n<!-- \/divi:video -->[\/et_pb_text][\/et_pb_column][\/et_pb_row][\/et_pb_section]\n","protected":false},"excerpt":{"rendered":"<p><div class=\"et_pb_section et_pb_section_0 et_section_regular\" >\n\t\t\t\t\n\t\t\t\t\n\t\t\t\t\n\t\t\t\t\n\t\t\t\t\n\t\t\t\t\n\t\t\t\t\n\t\t\t\t\n\t\t\t\t\n\t\t\t<\/div><div class=\"et_pb_row et_pb_row_0 et_pb_row_empty\">\n\t\t\t\t\n\t\t\t\t\n\t\t\t\t\n\t\t\t\t\n\t\t\t\t\n\t\t\t<\/div><div class=\"et_pb_module et_pb_text et_pb_text_0  et_pb_text_align_left et_pb_bg_layout_light\">\n\t\t\t\t\n\t\t\t\t\n\t\t\t\t\n\t\t\t\t\n\t\t\t\t\n\t\t\t<\/div> P\u00fcnktlich zum Ferienbeginn setzt der CDU-Stadtverband Kempen ein sichtbares Zeichen im Stadtgebiet: Sommerpostkarten wurden vom CDU-Team im gesamten Stadtgebiet verteilt \u2013 als Teil einer b\u00fcrgernahen Sommerkampagne zur anstehenden Kommunalwahl am 14. September. Mit der Sommerpostkarte setzt der CDU-Stadtverband Kempen auf direkte Ansprache und greifbaren Mehrwert: Ein pers\u00f6nlicher Feriengru\u00df trifft auf praktische Alltagshilfe \u2013 in [&hellip;]<\/p>\n","protected":false},"author":5,"featured_media":12350,"comment_status":"closed","ping_status":"closed","sticky":false,"template":"","format":"standard","meta":{"_et_pb_use_builder":"on","_et_pb_old_content":"<!-- wp:paragraph {\"style\":{\"typography\":{\"fontSize\":\"17px\"}}} -->\n<p style=\"font-size:17px\">P\u00fcnktlich zum Ferienbeginn setzt der <strong>CDU-Stadtverband Kempen<\/strong> ein sichtbares Zeichen im Stadtgebiet: Sommerpostkarten wurden vom CDU-Team im gesamten Stadtgebiet verteilt \u2013 als Teil einer b\u00fcrgernahen Sommerkampagne zur anstehenden <strong>Kommunalwahl am 14. September<\/strong>.<\/p>\n<!-- \/wp:paragraph -->\n\n<!-- wp:paragraph {\"style\":{\"typography\":{\"fontSize\":\"17px\"}}} -->\n<p style=\"font-size:17px\">Mit der Sommerpostkarte setzt der <strong>CDU-Stadtverband Kempen<\/strong> auf direkte Ansprache und greifbaren Mehrwert: Ein pers\u00f6nlicher Feriengru\u00df trifft auf praktische Alltagshilfe \u2013 in Form des <strong>NRW-Ferienplaners<\/strong> f\u00fcr das Schuljahr 2025\/2026. Ein kleines Format, das zeigt, worum es geht: <strong>Nah an den Menschen<\/strong>, mit Blick auf das, was z\u00e4hlt.<\/p>\n<!-- \/wp:paragraph -->\n\n<!-- wp:paragraph {\"style\":{\"typography\":{\"fontSize\":\"17px\"}}} -->\n<p style=\"font-size:17px\">Unter dem Motto <strong>\u201eSommer. Sonne. CDU. \u2013 f\u00fcr ein starkes Kempen\u201c<\/strong> bringt die Karte nicht nur positive W\u00fcnsche zum Ausdruck, sondern unterstreicht auch das Engagement des <strong>CDU-Stadtverbands Kempen<\/strong> f\u00fcr eine verantwortungsvolle und zukunftsorientierte Stadtpolitik.<\/p>\n<!-- \/wp:paragraph -->\n\n<!-- wp:paragraph {\"style\":{\"typography\":{\"fontSize\":\"17px\"}}} -->\n<p style=\"font-size:17px\">Begleitet wurde die Aktion von zahlreichen Momentaufnahmen, die das CDU-Team im Einsatz zeigen \u2013 engagiert, nahbar und pr\u00e4sent vor Ort.<\/p>\n<!-- \/wp:paragraph -->\n\n<!-- wp:paragraph {\"style\":{\"typography\":{\"fontSize\":\"17px\"}}} -->\n<p style=\"font-size:17px\">Allen B\u00fcrgerinnen und B\u00fcrgern w\u00fcnschen wir weiterhin eine sch\u00f6ne, sonnige und erholsame Ferienzeit!<\/p>\n<!-- \/wp:paragraph -->\n\n<!-- wp:video {\"id\":12394,\"align\":\"center\"} -->\n<figure class=\"wp-block-video aligncenter\"><video controls src=\"https:\/\/cdu-kempen.de\/wp-content\/uploads\/2025\/07\/CDU-Verteilaktion-Sommergruesse-2025-\u2013-Mit-Clipchamp-erstellt.mp4\"><\/video><\/figure>\n<!-- \/wp:video -->","_et_gb_content_width":"","footnotes":""},"categories":[5],"tags":[43,66],"class_list":["post-12391","post","type-post","status-publish","format-standard","has-post-thumbnail","hentry","category-aktuelles","tag-cdu-kempen","tag-kommunalwahl"],"_links":{"self":[{"href":"https:\/\/cdu-kempen.de\/index.php\/wp-json\/wp\/v2\/posts\/12391"}],"collection":[{"href":"https:\/\/cdu-kempen.de\/index.php\/wp-json\/wp\/v2\/posts"}],"about":[{"href":"https:\/\/cdu-kempen.de\/index.php\/wp-json\/wp\/v2\/types\/post"}],"author":[{"embeddable":true,"href":"https:\/\/cdu-kempen.de\/index.php\/wp-json\/wp\/v2\/users\/5"}],"replies":[{"embeddable":true,"href":"https:\/\/cdu-kempen.de\/index.php\/wp-json\/wp\/v2\/comments?post=12391"}],"version-history":[{"count":4,"href":"https:\/\/cdu-kempen.de\/index.php\/wp-json\/wp\/v2\/posts\/12391\/revisions"}],"predecessor-version":[{"id":12534,"href":"https:\/\/cdu-kempen.de\/index.php\/wp-json\/wp\/v2\/posts\/12391\/revisions\/12534"}],"wp:featuredmedia":[{"embeddable":true,"href":"https:\/\/cdu-kempen.de\/index.php\/wp-json\/wp\/v2\/media\/12350"}],"wp:attachment":[{"href":"https:\/\/cdu-kempen.de\/index.php\/wp-json\/wp\/v2\/media?parent=12391"}],"wp:term":[{"taxonomy":"category","embeddable":true,"href":"https:\/\/cdu-kempen.de\/index.php\/wp-json\/wp\/v2\/categories?post=12391"},{"taxonomy":"post_tag","embeddable":true,"href":"https:\/\/cdu-kempen.de\/index.php\/wp-json\/wp\/v2\/tags?post=12391"}],"curies":[{"name":"wp","href":"https:\/\/api.w.org\/{rel}","templated":true}]}}