{"id":12541,"date":"2025-07-25T11:58:45","date_gmt":"2025-07-25T11:58:45","guid":{"rendered":"https:\/\/cdu-kempen.de\/?p=12541"},"modified":"2025-07-25T11:58:46","modified_gmt":"2025-07-25T11:58:46","slug":"zukunft-fuer-kempen-cdu-stellt-neues-wahlprogramm-vor","status":"publish","type":"post","link":"https:\/\/cdu-kempen.de\/index.php\/zukunft-fuer-kempen-cdu-stellt-neues-wahlprogramm-vor\/","title":{"rendered":"Zukunft f\u00fcr Kempen \u2013 CDU stellt neues Wahlprogramm vor"},"content":{"rendered":"\n<p><strong>Verl\u00e4sslich. Aktiv. Vor Ort.<\/strong><br><strong>F\u00fcr unser Kempen. F\u00fcr die Menschen. Mit der CDU.<\/strong><\/p>\n\n\n\n<p>Der <strong>CDU-Stadtverband Kempen<\/strong> geht mit <strong>klarer Haltung<\/strong>, <strong>innovativen Ideen<\/strong> und <strong>starker Geschlossenheit<\/strong> in die <strong>Kommunalwahl 2025<\/strong>. Mit gro\u00dfer \u00dcberzeugung stellen wir unser neues Wahlprogramm vor:<\/p>\n\n\n\n<p><strong>Verl\u00e4sslich. Aktiv. Vor Ort.<\/strong><br><strong>F\u00fcr unser Kempen. F\u00fcr die Menschen. Mit der CDU.<\/strong><\/p>\n\n\n\n<p>Dieses Programm ist mehr als ein Katalog politischer Vorhaben \u2013 es ist ein <strong>Gemeinschaftswerk<\/strong>, entstanden aus zahlreichen <strong>Gespr\u00e4chen<\/strong>, der Arbeit <strong>engagierter Mitglieder<\/strong> und vielf\u00e4ltigem <strong>Input aus der B\u00fcrgerschaft<\/strong>. Es zeigt, was uns antreibt: <strong>Verantwortung \u00fcbernehmen<\/strong>, <strong>Chancen gestalten<\/strong>, <strong>N\u00e4he leben<\/strong>.<\/p>\n\n\n\n<p>Unser Ziel ist ein <strong>modernes<\/strong>, <strong>gemeinschaftliches<\/strong> und <strong>lebenswertes Kempen<\/strong>. Deshalb stehen wir f\u00fcr:<\/p>\n\n\n\n<ul class=\"wp-block-list\">\n<li><strong>neuen und gef\u00f6rderten Wohnraum<\/strong> f\u00fcr alle Generationen<\/li>\n<\/ul>\n\n\n\n<ul class=\"wp-block-list\">\n<li><strong>starke Bildung<\/strong> und <strong>verl\u00e4ssliche Betreuung<\/strong> von Anfang an<\/li>\n<\/ul>\n\n\n\n<ul class=\"wp-block-list\">\n<li><strong>sichere<\/strong>, <strong>nachhaltige<\/strong> und <strong>zukunftsf\u00e4hige Mobilit\u00e4t<\/strong><\/li>\n<\/ul>\n\n\n\n<ul class=\"wp-block-list\">\n<li><strong>wirtschaftliche St\u00e4rke<\/strong> durch Unterst\u00fctzung von <strong>Handel, Handwerk, Gastronomie <\/strong>und<strong> Mittelstand<\/strong><\/li>\n<\/ul>\n\n\n\n<ul class=\"wp-block-list\">\n<li><strong>echten, technologieoffenen Umwelt- und Klimaschutz <\/strong>mit Augenma\u00df<\/li>\n<\/ul>\n\n\n\n<ul class=\"wp-block-list\">\n<li>eine <strong>moderne<\/strong>, <strong>serviceorientierte Verwaltung<\/strong><\/li>\n<\/ul>\n\n\n\n<ul class=\"wp-block-list\">\n<li><strong>gelebtes Miteinander<\/strong>, <strong>Ehrenamt<\/strong> und <strong>Sicherheit<\/strong><\/li>\n<\/ul>\n\n\n\n<p><strong>Parteivorsitzender Niklas Hell<\/strong> erkl\u00e4rt dazu:<br>\u201eDieses Programm ist unser <strong>Angebot an alle B\u00fcrgerinnen und B\u00fcrger Kempens<\/strong>. Es verbindet <strong>Bew\u00e4hrtes mit neuen Ideen<\/strong> und zeigt, wie wir gemeinsam Kempen <strong>weiterentwickeln<\/strong> wollen \u2013 <strong>pragmatisch<\/strong>, <strong>b\u00fcrgernah<\/strong> und <strong>zukunftsgerichtet<\/strong>.\u201c<\/p>\n\n\n\n<p>Wir laden alle B\u00fcrgerinnen und B\u00fcrger ein, sich selbst ein Bild zu machen und mit uns in den <strong>Dialog<\/strong> zu treten. Denn <strong>Politik lebt vom Mitgestalten<\/strong> \u2013 und <strong>Kempen braucht eine starke, verl\u00e4ssliche Kraft im Stadtrat<\/strong>.<\/p>\n\n\n\n<p><strong>CDU w\u00e4hlen! <\/strong>\u2013 f\u00fcr ein starkes, modernes und menschliches Kempen.<br><strong>Schnell und einfach per Briefwahl.<\/strong><br><strong>Oder pers\u00f6nlich am 14. September im Wahllokal.<\/strong><\/p>\n\n\n\n<p>Werfen Sie jetzt einen Blick auf unser <a href=\"https:\/\/cdu-kempen.de\/wp-content\/uploads\/2025\/07\/Wahlprogramm_Verlaesslich.-Aktiv.-Vor-Ort.-SO-geht-Kempen-2025-2030.pdf\">vollst\u00e4ndiges Programm<\/a> f\u00fcr Kempen.<br><\/p>\n\n\n\n<figure class=\"wp-block-image size-full is-resized\"><a href=\"https:\/\/cdu-kempen.de\/wp-content\/uploads\/2025\/07\/Wahlprogramm_Verlaesslich.-Aktiv.-Vor-Ort.-SO-geht-Kempen-2025-2030.pdf\"><img loading=\"lazy\" decoding=\"async\" width=\"426\" height=\"595\" src=\"https:\/\/cdu-kempen.de\/wp-content\/uploads\/2025\/07\/Wahlprogramm-2025-2030-Verlaesslich.-Aktiv.-Vor-Ort.jpg\" alt=\"\" class=\"wp-image-12469\" style=\"width:428px;height:auto\" srcset=\"https:\/\/cdu-kempen.de\/wp-content\/uploads\/2025\/07\/Wahlprogramm-2025-2030-Verlaesslich.-Aktiv.-Vor-Ort.jpg 426w, https:\/\/cdu-kempen.de\/wp-content\/uploads\/2025\/07\/Wahlprogramm-2025-2030-Verlaesslich.-Aktiv.-Vor-Ort-175x245.jpg 175w, https:\/\/cdu-kempen.de\/wp-content\/uploads\/2025\/07\/Wahlprogramm-2025-2030-Verlaesslich.-Aktiv.-Vor-Ort-179x250.jpg 179w, https:\/\/cdu-kempen.de\/wp-content\/uploads\/2025\/07\/Wahlprogramm-2025-2030-Verlaesslich.-Aktiv.-Vor-Ort-203x284.jpg 203w, https:\/\/cdu-kempen.de\/wp-content\/uploads\/2025\/07\/Wahlprogramm-2025-2030-Verlaesslich.-Aktiv.-Vor-Ort-273x382.jpg 273w, https:\/\/cdu-kempen.de\/wp-content\/uploads\/2025\/07\/Wahlprogramm-2025-2030-Verlaesslich.-Aktiv.-Vor-Ort-369x516.jpg 369w, https:\/\/cdu-kempen.de\/wp-content\/uploads\/2025\/07\/Wahlprogramm-2025-2030-Verlaesslich.-Aktiv.-Vor-Ort-193x270.jpg 193w, https:\/\/cdu-kempen.de\/wp-content\/uploads\/2025\/07\/Wahlprogramm-2025-2030-Verlaesslich.-Aktiv.-Vor-Ort-394x551.jpg 394w\" sizes=\"(max-width: 426px) 100vw, 426px\" \/><\/a><\/figure>\n","protected":false},"excerpt":{"rendered":"<p>Verl\u00e4sslich. Aktiv. Vor Ort.F\u00fcr unser Kempen. F\u00fcr die Menschen. Mit der CDU. Der CDU-Stadtverband Kempen geht mit klarer Haltung, innovativen Ideen und starker Geschlossenheit in die Kommunalwahl 2025. Mit gro\u00dfer \u00dcberzeugung stellen wir unser neues Wahlprogramm vor: Verl\u00e4sslich. Aktiv. Vor Ort.F\u00fcr unser Kempen. F\u00fcr die Menschen. Mit der CDU. Dieses Programm ist mehr als ein [&hellip;]<\/p>\n","protected":false},"author":5,"featured_media":12469,"comment_status":"closed","ping_status":"closed","sticky":false,"template":"","format":"standard","meta":{"_et_pb_use_builder":"","_et_pb_old_content":"","_et_gb_content_width":"","footnotes":""},"categories":[5],"tags":[43,66,85],"class_list":["post-12541","post","type-post","status-publish","format-standard","has-post-thumbnail","hentry","category-aktuelles","tag-cdu-kempen","tag-kommunalwahl","tag-wahlprogramm-2025"],"_links":{"self":[{"href":"https:\/\/cdu-kempen.de\/index.php\/wp-json\/wp\/v2\/posts\/12541"}],"collection":[{"href":"https:\/\/cdu-kempen.de\/index.php\/wp-json\/wp\/v2\/posts"}],"about":[{"href":"https:\/\/cdu-kempen.de\/index.php\/wp-json\/wp\/v2\/types\/post"}],"author":[{"embeddable":true,"href":"https:\/\/cdu-kempen.de\/index.php\/wp-json\/wp\/v2\/users\/5"}],"replies":[{"embeddable":true,"href":"https:\/\/cdu-kempen.de\/index.php\/wp-json\/wp\/v2\/comments?post=12541"}],"version-history":[{"count":7,"href":"https:\/\/cdu-kempen.de\/index.php\/wp-json\/wp\/v2\/posts\/12541\/revisions"}],"predecessor-version":[{"id":12548,"href":"https:\/\/cdu-kempen.de\/index.php\/wp-json\/wp\/v2\/posts\/12541\/revisions\/12548"}],"wp:featuredmedia":[{"embeddable":true,"href":"https:\/\/cdu-kempen.de\/index.php\/wp-json\/wp\/v2\/media\/12469"}],"wp:attachment":[{"href":"https:\/\/cdu-kempen.de\/index.php\/wp-json\/wp\/v2\/media?parent=12541"}],"wp:term":[{"taxonomy":"category","embeddable":true,"href":"https:\/\/cdu-kempen.de\/index.php\/wp-json\/wp\/v2\/categories?post=12541"},{"taxonomy":"post_tag","embeddable":true,"href":"https:\/\/cdu-kempen.de\/index.php\/wp-json\/wp\/v2\/tags?post=12541"}],"curies":[{"name":"wp","href":"https:\/\/api.w.org\/{rel}","templated":true}]}}