{"id":12571,"date":"2025-07-28T11:29:45","date_gmt":"2025-07-28T11:29:45","guid":{"rendered":"https:\/\/cdu-kempen.de\/?p=12571"},"modified":"2025-07-28T11:34:10","modified_gmt":"2025-07-28T11:34:10","slug":"cdu-kempen-im-dialog-mit-der-senioren-union","status":"publish","type":"post","link":"https:\/\/cdu-kempen.de\/index.php\/cdu-kempen-im-dialog-mit-der-senioren-union\/","title":{"rendered":"CDU Kempen im Dialog mit der Senioren-Union"},"content":{"rendered":"\n<p><strong>Aktive Beteiligung und Impulse aus der Senioren-Union<\/strong><\/p>\n\n\n\n<p>Am <strong>3. Juli 2025<\/strong> lud die <strong>Senioren-Union Kempen<\/strong> unter Leitung von <strong>Manfred Hoffmann<\/strong> zur zweiten Veranstaltung des Jahres ins <strong>Haus Wiesengrund<\/strong> ein. Bei <strong>Kaffee und Kuchen<\/strong> kamen zahlreiche Mitglieder zusammen, um \u00fcber aktuelle Themen rund um das <strong>\u00c4lterwerden in Kempen<\/strong> zu diskutieren.<\/p>\n\n\n\n<p>Mit besonderem Interesse verfolgten die Teilnehmenden den Beitrag von <strong>Niklas Hell<\/strong>, Parteivorsitzender, der einen ersten <strong>Ausblick auf die Kommunalwahl 2025<\/strong> gab. Neben der <strong>strategischen Planung<\/strong> betonte er die Bedeutung der <strong>aktiven Mitgestaltung<\/strong> durch die <strong>Generation 60+<\/strong>. In K\u00fcrze werde das neue <strong>Wahlprogramm<\/strong> vorgestellt \u2013 erg\u00e4nzt durch <strong>Informationsveranstaltungen<\/strong> in den kommenden Wochen.<\/p>\n\n\n\n<p><strong>Willi Stenhorst<\/strong>, Fraktionsvorsitzender, unterstrich das Ziel einer <strong>fr\u00fchzeitigeren B\u00fcrgerbeteiligung<\/strong> und stellte den <strong>politischen Antrag<\/strong> zur Versch\u00f6nerung von <strong>Fu\u00dfg\u00e4ngerampeln mit St.-Martin-Motiven<\/strong> vor.<\/p>\n\n\n\n<p>Ein weiterer H\u00f6hepunkt war der Beitrag von <strong>Marga Kammann<\/strong>, <strong>Seniorenlotsin<\/strong> der Stadt Kempen, die ihre <strong>Unterst\u00fctzung f\u00fcr alleinlebende \u00e4ltere Menschen<\/strong> pr\u00e4sentierte. Ihr Angebot umfasst <strong>Hausbesuche<\/strong>, Informationen zu <strong>Pflegeleistungen<\/strong>, <strong>Haushaltshilfen<\/strong> und mehr \u2013 ein wertvoller Baustein f\u00fcr ein <strong>w\u00fcrdiges Leben im Alter<\/strong>.<\/p>\n\n\n\n<p>Zum Abschluss berichtete <strong>Reinhard Maly<\/strong>, Vorsitzender der Senioren-Union im Kreis Viersen, \u00fcber geplante <strong>Themenveranstaltungen<\/strong> wie <em>\u201eSucht im Alter\u201c<\/em> oder <em>\u201eDigitale Herausforderungen\u201c<\/em>.<\/p>\n\n\n\n<p>Die <strong>CDU Kempen<\/strong> dankt der <strong>Senioren-Union<\/strong> f\u00fcr die hervorragende Organisation und die wichtige Plattform f\u00fcr <strong>Austausch und politische Teilhabe<\/strong>. Die Veranstaltung zeigt einmal mehr: <strong>Seniorenpolitik<\/strong> ist ein zentraler Bestandteil unserer <strong>kommunalen Verantwortung<\/strong>.<\/p>\n\n\n\n<figure class=\"wp-block-gallery has-nested-images columns-default is-cropped wp-block-gallery-1 is-layout-flex wp-block-gallery-is-layout-flex\">\n<figure class=\"wp-block-image size-large\"><img loading=\"lazy\" decoding=\"async\" width=\"1160\" height=\"960\" data-id=\"12574\" src=\"https:\/\/cdu-kempen.de\/wp-content\/uploads\/2025\/07\/SU_2-1160x960.jpg\" alt=\"\" class=\"wp-image-12574\" srcset=\"https:\/\/cdu-kempen.de\/wp-content\/uploads\/2025\/07\/SU_2-1160x960.jpg 1160w, https:\/\/cdu-kempen.de\/wp-content\/uploads\/2025\/07\/SU_2-980x735.jpg 980w, https:\/\/cdu-kempen.de\/wp-content\/uploads\/2025\/07\/SU_2-480x360.jpg 480w\" sizes=\"(min-width: 0px) and (max-width: 480px) 480px, (min-width: 481px) and (max-width: 980px) 980px, (min-width: 981px) 1160px, 100vw\" \/><\/figure>\n\n\n\n<figure class=\"wp-block-image size-large\"><img loading=\"lazy\" decoding=\"async\" width=\"1160\" height=\"960\" data-id=\"12573\" src=\"https:\/\/cdu-kempen.de\/wp-content\/uploads\/2025\/07\/SU_1-1160x960.jpg\" alt=\"\" class=\"wp-image-12573\" srcset=\"https:\/\/cdu-kempen.de\/wp-content\/uploads\/2025\/07\/SU_1-1160x960.jpg 1160w, https:\/\/cdu-kempen.de\/wp-content\/uploads\/2025\/07\/SU_1-980x735.jpg 980w, https:\/\/cdu-kempen.de\/wp-content\/uploads\/2025\/07\/SU_1-480x360.jpg 480w\" sizes=\"(min-width: 0px) and (max-width: 480px) 480px, (min-width: 481px) and (max-width: 980px) 980px, (min-width: 981px) 1160px, 100vw\" \/><\/figure>\n<\/figure>\n","protected":false},"excerpt":{"rendered":"<p>Aktive Beteiligung und Impulse aus der Senioren-Union Am 3. Juli 2025 lud die Senioren-Union Kempen unter Leitung von Manfred Hoffmann zur zweiten Veranstaltung des Jahres ins Haus Wiesengrund ein. Bei Kaffee und Kuchen kamen zahlreiche Mitglieder zusammen, um \u00fcber aktuelle Themen rund um das \u00c4lterwerden in Kempen zu diskutieren. Mit besonderem Interesse verfolgten die Teilnehmenden [&hellip;]<\/p>\n","protected":false},"author":5,"featured_media":12578,"comment_status":"closed","ping_status":"closed","sticky":false,"template":"","format":"standard","meta":{"_et_pb_use_builder":"","_et_pb_old_content":"","_et_gb_content_width":"","footnotes":""},"categories":[5],"tags":[43,68],"class_list":["post-12571","post","type-post","status-publish","format-standard","has-post-thumbnail","hentry","category-aktuelles","tag-cdu-kempen","tag-senioren-union"],"_links":{"self":[{"href":"https:\/\/cdu-kempen.de\/index.php\/wp-json\/wp\/v2\/posts\/12571"}],"collection":[{"href":"https:\/\/cdu-kempen.de\/index.php\/wp-json\/wp\/v2\/posts"}],"about":[{"href":"https:\/\/cdu-kempen.de\/index.php\/wp-json\/wp\/v2\/types\/post"}],"author":[{"embeddable":true,"href":"https:\/\/cdu-kempen.de\/index.php\/wp-json\/wp\/v2\/users\/5"}],"replies":[{"embeddable":true,"href":"https:\/\/cdu-kempen.de\/index.php\/wp-json\/wp\/v2\/comments?post=12571"}],"version-history":[{"count":2,"href":"https:\/\/cdu-kempen.de\/index.php\/wp-json\/wp\/v2\/posts\/12571\/revisions"}],"predecessor-version":[{"id":12576,"href":"https:\/\/cdu-kempen.de\/index.php\/wp-json\/wp\/v2\/posts\/12571\/revisions\/12576"}],"wp:featuredmedia":[{"embeddable":true,"href":"https:\/\/cdu-kempen.de\/index.php\/wp-json\/wp\/v2\/media\/12578"}],"wp:attachment":[{"href":"https:\/\/cdu-kempen.de\/index.php\/wp-json\/wp\/v2\/media?parent=12571"}],"wp:term":[{"taxonomy":"category","embeddable":true,"href":"https:\/\/cdu-kempen.de\/index.php\/wp-json\/wp\/v2\/categories?post=12571"},{"taxonomy":"post_tag","embeddable":true,"href":"https:\/\/cdu-kempen.de\/index.php\/wp-json\/wp\/v2\/tags?post=12571"}],"curies":[{"name":"wp","href":"https:\/\/api.w.org\/{rel}","templated":true}]}}