{"id":12674,"date":"2025-08-05T11:18:18","date_gmt":"2025-08-05T11:18:18","guid":{"rendered":"https:\/\/cdu-kempen.de\/?p=12674"},"modified":"2025-08-05T11:54:23","modified_gmt":"2025-08-05T11:54:23","slug":"verlaesslich-aktiv-vor-ort-unsere-antwort-auf-die-herausforderungen-der-zukunft","status":"publish","type":"post","link":"https:\/\/cdu-kempen.de\/index.php\/verlaesslich-aktiv-vor-ort-unsere-antwort-auf-die-herausforderungen-der-zukunft\/","title":{"rendered":"Verl\u00e4sslich. Aktiv. Vor Ort. \u2013 Unsere Antwort auf die Herausforderungen der Zukunft"},"content":{"rendered":"\n<p>Mit Blick auf die Kommunalwahl im September freut sich die CDU Kempen \u00fcber die \u00f6ffentliche Aufmerksamkeit f\u00fcr die zentralen Inhalte ihres Wahlprogramms.<\/p>\n\n\n\n<p><strong><br>Verl\u00e4sslich. Aktiv. Vor Ort. &#8211; F\u00fcr unser Kempen. F\u00fcr die Menschen. Mit der CDU. \u2013 SO! geht Kempen 2025 \u2013 2030<\/strong>.<\/p>\n\n\n\n<p>Diese Leitlinie steht \u00fcber unserem politischen Handeln \u2013 und genau das spiegeln auch die Kernaussagen unseres Programms wieder: Wir setzen klare Impulse f\u00fcr ein starkes, modernes und lebenswertes Kempen.<\/p>\n\n\n\n<p><strong>Wohnen mit Weitblick<\/strong><\/p>\n\n\n\n<p>Deshalb stehen neue Wohnformen und die gezielte Erweiterung des Wohnangebots in allen Ortsteilen ganz oben auf unserer Agenda. Besonders im Kempener Westen setzen wir auf ein zukunftsorientiertes Wohnquartier mit einem ausgewogenen Mix aus Mehrfamilien-, Reihen- und Einfamilienh\u00e4usern, erg\u00e4nzt durch barrierefreie und gef\u00f6rderte Wohnungen. Unser Ziel: Lebensqualit\u00e4t f\u00fcr alle Generationen.<\/p>\n\n\n\n<p><strong>Bildung ist Zukunft<\/strong><\/p>\n\n\n\n<p>Kempen ist und bleibt Schulstadt \u2013 mit einem breiten Angebot an Schulformen. Wir investieren gezielt in die Sanierung und Modernisierung von Schulen, den Ausbau digitaler Infrastruktur und eine verl\u00e4ssliche Ganztagsbetreuung. Kein Kind soll in Kempen ohne Betreuungsplatz bleiben \u2013 das ist unser Anspruch und Versprechen.<\/p>\n\n\n\n<p><strong>Starker Wirtschaftsstandort \u2013 digital und lokal<\/strong><\/p>\n\n\n\n<p>Wir machen uns stark f\u00fcr eine moderne Stadtverwaltung, eine digitale Infrastruktur auf Gigabit-Niveau und eine aktive Wirtschaftsf\u00f6rderung. Ziel ist es, bestehende Unternehmen zu halten, neue anzusiedeln und die Innenstadt mit kreativen Konzepten wie Pop-up-Stores und Gesch\u00e4ftsfl\u00e4chenmanagement zu beleben. Die CDU steht f\u00fcr einen gesunden Mittelstand, starke Handwerksbetriebe und ein attraktives Kempen als Wirtschaftsstandort.<\/p>\n\n\n\n<p><strong>Mobilit\u00e4t, die alle mitnimmt<\/strong><\/p>\n\n\n\n<p>Wir setzen uns f\u00fcr einen verl\u00e4sslichen Nahverkehr, sichere Radwege und nachhaltige Mobilit\u00e4t ein. Die Probleme rund um die Bahnstrecke RE10 sind uns bekannt \u2013 wir k\u00e4mpfen mit Nachdruck f\u00fcr Verbesserungen. Gleichzeitig denken wir Mobilit\u00e4t ganzheitlich: ob zu Fu\u00df, mit dem Rad, dem Auto oder der Bahn \u2013 jeder soll gut vorankommen.<\/p>\n\n\n\n<p><strong>Verl\u00e4ssliche Politik f\u00fcr unsere Stadt<\/strong><\/p>\n\n\n\n<p>Wir laden alle B\u00fcrgerinnen und B\u00fcrger herzlich ein, sich mit unserem vollst\u00e4ndigen Programm vertraut zu machen. Es ist ein Angebot f\u00fcr alle, die Kempen mitgestalten wollen \u2013 b\u00fcrgernah, zukunftsorientiert und mit Herz f\u00fcr unsere Stadtgemeinschaft.<\/p>\n\n\n\n<p><strong>CDU w\u00e4hlen! Schnell und einfach per Briefwahl. Oder pers\u00f6nlich am 14. September im Wahllokal.<\/strong><\/p>\n\n\n\n<p><br><a href=\"https:\/\/cdu-kempen.de\/wp-content\/uploads\/2025\/07\/Wahlprogramm_Verlaesslich.-Aktiv.-Vor-Ort.-SO-geht-Kempen-2025-2030.pdf\" target=\"_blank\" rel=\"noreferrer noopener\">Unser Wahlprogramm 2025<\/a><\/p>\n\n\n\n<p><a href=\"https:\/\/rp-online.de\/nrw\/staedte\/kempen\/kempen-cdu-stellt-schwerpunkte-fuer-kommunalwahl-vor_aid-131950581\">https:\/\/rp-online.de\/nrw\/staedte\/kempen\/kempen-cdu-stellt-schwerpunkte-fuer-kommunalwahl-vor_aid-131950581<\/a><\/p>\n","protected":false},"excerpt":{"rendered":"<p>Mit Blick auf die Kommunalwahl im September freut sich die CDU Kempen \u00fcber die \u00f6ffentliche Aufmerksamkeit f\u00fcr die zentralen Inhalte ihres Wahlprogramms. Verl\u00e4sslich. Aktiv. Vor Ort. &#8211; F\u00fcr unser Kempen. F\u00fcr die Menschen. Mit der CDU. \u2013 SO! geht Kempen 2025 \u2013 2030. Diese Leitlinie steht \u00fcber unserem politischen Handeln \u2013 und genau das spiegeln [&hellip;]<\/p>\n","protected":false},"author":5,"featured_media":12469,"comment_status":"closed","ping_status":"closed","sticky":false,"template":"","format":"standard","meta":{"_et_pb_use_builder":"","_et_pb_old_content":"","_et_gb_content_width":"","footnotes":""},"categories":[5],"tags":[43,66,85],"class_list":["post-12674","post","type-post","status-publish","format-standard","has-post-thumbnail","hentry","category-aktuelles","tag-cdu-kempen","tag-kommunalwahl","tag-wahlprogramm-2025"],"_links":{"self":[{"href":"https:\/\/cdu-kempen.de\/index.php\/wp-json\/wp\/v2\/posts\/12674"}],"collection":[{"href":"https:\/\/cdu-kempen.de\/index.php\/wp-json\/wp\/v2\/posts"}],"about":[{"href":"https:\/\/cdu-kempen.de\/index.php\/wp-json\/wp\/v2\/types\/post"}],"author":[{"embeddable":true,"href":"https:\/\/cdu-kempen.de\/index.php\/wp-json\/wp\/v2\/users\/5"}],"replies":[{"embeddable":true,"href":"https:\/\/cdu-kempen.de\/index.php\/wp-json\/wp\/v2\/comments?post=12674"}],"version-history":[{"count":2,"href":"https:\/\/cdu-kempen.de\/index.php\/wp-json\/wp\/v2\/posts\/12674\/revisions"}],"predecessor-version":[{"id":12676,"href":"https:\/\/cdu-kempen.de\/index.php\/wp-json\/wp\/v2\/posts\/12674\/revisions\/12676"}],"wp:featuredmedia":[{"embeddable":true,"href":"https:\/\/cdu-kempen.de\/index.php\/wp-json\/wp\/v2\/media\/12469"}],"wp:attachment":[{"href":"https:\/\/cdu-kempen.de\/index.php\/wp-json\/wp\/v2\/media?parent=12674"}],"wp:term":[{"taxonomy":"category","embeddable":true,"href":"https:\/\/cdu-kempen.de\/index.php\/wp-json\/wp\/v2\/categories?post=12674"},{"taxonomy":"post_tag","embeddable":true,"href":"https:\/\/cdu-kempen.de\/index.php\/wp-json\/wp\/v2\/tags?post=12674"}],"curies":[{"name":"wp","href":"https:\/\/api.w.org\/{rel}","templated":true}]}}