{"id":12739,"date":"2025-08-12T15:38:52","date_gmt":"2025-08-12T15:38:52","guid":{"rendered":"https:\/\/cdu-kempen.de\/?p=12739"},"modified":"2025-08-12T15:38:54","modified_gmt":"2025-08-12T15:38:54","slug":"cdu-kempen-kuendigt-canvassing-termine-zur-kommunalwahl-an","status":"publish","type":"post","link":"https:\/\/cdu-kempen.de\/index.php\/cdu-kempen-kuendigt-canvassing-termine-zur-kommunalwahl-an\/","title":{"rendered":"CDU Kempen k\u00fcndigt Canvassing-Termine zur Kommunalwahl an"},"content":{"rendered":"\n<p>Der CDU-Stadtverband Kempen l\u00e4dt alle B\u00fcrgerinnen und B\u00fcrger herzlich ein, die anstehenden <strong>Canvassing-Termine<\/strong> im Vorfeld der <strong>Kommunalwahl am 14. September 2025<\/strong> zu besuchen. An den St\u00e4nden besteht die M\u00f6glichkeit, sich \u00fcber die kommunalpolitischen Ziele zu informieren und direkt mit den Kandidatinnen und Kandidaten ins Gespr\u00e4ch zu kommen.<\/p>\n\n\n\n<p><strong>Unsere Canvassing-Termine im \u00dcberblick:<\/strong><\/p>\n\n\n\n<ul class=\"wp-block-list\">\n<li><strong>Ortsausschuss Kempen-S\u00fcd<\/strong>\n<ul class=\"wp-block-list\">\n<li><strong>So, 24.08.25<\/strong>, 9:00\u201315:00 Uhr \u2013 Emilie-Horten-Platz \u201ePenny\u201c (Familientr\u00f6del) \u2013 mit Bennet Gielen<\/li>\n\n\n\n<li><strong>So, 31.08.25<\/strong>, 14:00\u201317:00 Uhr \u2013 vor der Kreuzkapelle\/Spielplatz<\/li>\n\n\n\n<li><strong>Sa, 13.09.25<\/strong>, 9:00\u201312:00 Uhr \u2013 Emilie-Horten-Platz \u201ePenny\u201c<\/li>\n<\/ul>\n<\/li>\n<\/ul>\n\n\n\n<ul class=\"wp-block-list\">\n<li><strong>Ortsausschuss Kempen-Mitte<\/strong>\n<ul class=\"wp-block-list\">\n<li><strong>Sa, 23.08.25<\/strong>, 10:00\u201314:00 Uhr \u2013 Engerstra\u00dfe gegen\u00fcber \u201eTchibo\u201c<\/li>\n\n\n\n<li><strong>Sa, 06.09.25<\/strong>, 10:00\u201314:00 Uhr \u2013 Edeka Markt, Hessenring 25<\/li>\n\n\n\n<li><strong>Fr, 12.09.25<\/strong>, 10:00\u201313:00 Uhr \u2013 Buttermarkt am Brunnen<\/li>\n\n\n\n<li><strong>Sa, 13.09.25<\/strong>, 10:00\u201314:00 Uhr \u2013 Engerstra\u00dfe gegen\u00fcber \u201eTchibo\u201c<\/li>\n<\/ul>\n<\/li>\n<\/ul>\n\n\n\n<ul class=\"wp-block-list\">\n<li><strong>Ortsausschuss Kempen-Hagelkreuz<\/strong>\n<ul class=\"wp-block-list\">\n<li><strong>Sa, 30.08.25<\/strong>, ab 10:00 Uhr \u2013 \u201eNetto\u201c, Max-Planck-Stra\u00dfe<\/li>\n\n\n\n<li><strong>Sa, 13.09.25<\/strong>, ab 10:00 Uhr \u2013 \u201eNetto\u201c, Max-Planck-Stra\u00dfe<\/li>\n<\/ul>\n<\/li>\n<\/ul>\n\n\n\n<ul class=\"wp-block-list\">\n<li><strong>Ortsausschuss St. Hubert<\/strong>\n<ul class=\"wp-block-list\">\n<li><strong>Do, 21.08.25<\/strong>, 8:30\u201310:00 Uhr \u2013 Markt St. Hubert \u2013 mit Bennet Gielen<\/li>\n\n\n\n<li><strong>Sa, 23.08.25<\/strong>, 9:30\u201311:30 Uhr \u2013 Edeka Markt St. Hubert, Stendener Str. 1<\/li>\n\n\n\n<li><strong>Sa, 13.09.25<\/strong>, 9:30\u201311:30 Uhr \u2013 Edeka Markt St. Hubert, Stendener Str. 1<\/li>\n<\/ul>\n<\/li>\n<\/ul>\n\n\n\n<ul class=\"wp-block-list\">\n<li><strong>Ortsausschuss T\u00f6nisberg<\/strong>\n<ul class=\"wp-block-list\">\n<li><strong>Sa, 13.09.25<\/strong> \u2013 \u201eNetto\u201c T\u00f6nisberg<\/li>\n<\/ul>\n<\/li>\n<\/ul>\n\n\n\n<p>Der CDU-Stadtverband freut sich auf zahlreiche Besucherinnen und Besucher an den Infost\u00e4nden.<\/p>\n","protected":false},"excerpt":{"rendered":"<p>Der CDU-Stadtverband Kempen l\u00e4dt alle B\u00fcrgerinnen und B\u00fcrger herzlich ein, die anstehenden Canvassing-Termine im Vorfeld der Kommunalwahl am 14. September 2025 zu besuchen. An den St\u00e4nden besteht die M\u00f6glichkeit, sich \u00fcber die kommunalpolitischen Ziele zu informieren und direkt mit den Kandidatinnen und Kandidaten ins Gespr\u00e4ch zu kommen. Unsere Canvassing-Termine im \u00dcberblick: Der CDU-Stadtverband freut sich [&hellip;]<\/p>\n","protected":false},"author":5,"featured_media":12738,"comment_status":"closed","ping_status":"closed","sticky":false,"template":"","format":"standard","meta":{"_et_pb_use_builder":"","_et_pb_old_content":"","_et_gb_content_width":"","footnotes":""},"categories":[5],"tags":[43,66],"class_list":["post-12739","post","type-post","status-publish","format-standard","has-post-thumbnail","hentry","category-aktuelles","tag-cdu-kempen","tag-kommunalwahl"],"_links":{"self":[{"href":"https:\/\/cdu-kempen.de\/index.php\/wp-json\/wp\/v2\/posts\/12739"}],"collection":[{"href":"https:\/\/cdu-kempen.de\/index.php\/wp-json\/wp\/v2\/posts"}],"about":[{"href":"https:\/\/cdu-kempen.de\/index.php\/wp-json\/wp\/v2\/types\/post"}],"author":[{"embeddable":true,"href":"https:\/\/cdu-kempen.de\/index.php\/wp-json\/wp\/v2\/users\/5"}],"replies":[{"embeddable":true,"href":"https:\/\/cdu-kempen.de\/index.php\/wp-json\/wp\/v2\/comments?post=12739"}],"version-history":[{"count":1,"href":"https:\/\/cdu-kempen.de\/index.php\/wp-json\/wp\/v2\/posts\/12739\/revisions"}],"predecessor-version":[{"id":12740,"href":"https:\/\/cdu-kempen.de\/index.php\/wp-json\/wp\/v2\/posts\/12739\/revisions\/12740"}],"wp:featuredmedia":[{"embeddable":true,"href":"https:\/\/cdu-kempen.de\/index.php\/wp-json\/wp\/v2\/media\/12738"}],"wp:attachment":[{"href":"https:\/\/cdu-kempen.de\/index.php\/wp-json\/wp\/v2\/media?parent=12739"}],"wp:term":[{"taxonomy":"category","embeddable":true,"href":"https:\/\/cdu-kempen.de\/index.php\/wp-json\/wp\/v2\/categories?post=12739"},{"taxonomy":"post_tag","embeddable":true,"href":"https:\/\/cdu-kempen.de\/index.php\/wp-json\/wp\/v2\/tags?post=12739"}],"curies":[{"name":"wp","href":"https:\/\/api.w.org\/{rel}","templated":true}]}}