{"id":12741,"date":"2025-08-14T14:56:04","date_gmt":"2025-08-14T14:56:04","guid":{"rendered":"https:\/\/cdu-kempen.de\/?p=12741"},"modified":"2025-08-14T15:08:46","modified_gmt":"2025-08-14T15:08:46","slug":"frauen-union-kempen-fuehrung-durch-die-ausstellung-standpunkt-kempen-10-kuenstlerinnen-und-kuenstler","status":"publish","type":"post","link":"https:\/\/cdu-kempen.de\/index.php\/frauen-union-kempen-fuehrung-durch-die-ausstellung-standpunkt-kempen-10-kuenstlerinnen-und-kuenstler\/","title":{"rendered":"Frauen Union Kempen &#8211; F\u00fchrung durch die Ausstellung &#8222;Standpunkt.Kempen | 10 K\u00fcnstlerinnen und K\u00fcnstler&#8220;"},"content":{"rendered":"\n<p style=\"font-size:17px\">Ausstellungsf\u00fchrung \u201eStandpunkt.Kempen\u00a0 | 10 K\u00fcnstlerinnen und K\u00fcnstler\u201c im Kulturforum Franziskanerkloster durch die K\u00fcnstler selbst &#8211; das gab tiefe Einblicke in Entstehungsprozesse, in Gedankenwelten und handwerkliche Abl\u00e4ufe. Die anberaumte Zeit von 1 1\/2 Stunden reichte nicht aus. Moderatorin (und gleichzeitig eine der Kunstschaffenden) <a href=\"https:\/\/www.facebook.com\/edith.stefelmanns?__cft__[0]=AZXKB5memfzz_U-OqtE6E-qn9GALGtKCcDOYcu23Kha6lQ_xMiXOulSrFjNOGm5mN4vym3ikCDqj2BsSL4jF_OHHlFlXImlGWC-8ZSBUak6MGPxqM4lruQh5-PzANDbkYM7jYUUUfmDpZ6F4ZG1lDwc-P6kwjUmXLkYy3SUsqh_Hir2Fm7fJSn2mA_jwvMDTYsQ&amp;__tn__=-]K-R\">Edith Stefelmanns<\/a> musste zum Ende hin alle etwas zur Eile aufrufen. <a href=\"https:\/\/www.facebook.com\/heike.holtken?__cft__[0]=AZXKB5memfzz_U-OqtE6E-qn9GALGtKCcDOYcu23Kha6lQ_xMiXOulSrFjNOGm5mN4vym3ikCDqj2BsSL4jF_OHHlFlXImlGWC-8ZSBUak6MGPxqM4lruQh5-PzANDbkYM7jYUUUfmDpZ6F4ZG1lDwc-P6kwjUmXLkYy3SUsqh_Hir2Fm7fJSn2mA_jwvMDTYsQ&amp;__tn__=-]K-R\">Heike H\u00f6ltken<\/a>, Vorsitzende der Frauen Union der <a href=\"https:\/\/www.facebook.com\/cdukempen?__cft__[0]=AZXKB5memfzz_U-OqtE6E-qn9GALGtKCcDOYcu23Kha6lQ_xMiXOulSrFjNOGm5mN4vym3ikCDqj2BsSL4jF_OHHlFlXImlGWC-8ZSBUak6MGPxqM4lruQh5-PzANDbkYM7jYUUUfmDpZ6F4ZG1lDwc-P6kwjUmXLkYy3SUsqh_Hir2Fm7fJSn2mA_jwvMDTYsQ&amp;__tn__=-]K-R\">CDU Kempen<\/a>, bedankte sich bei den G\u00e4sten, den K\u00fcnstlern und besonders bei Edith Stefelmanns f\u00fcr die gute Idee.<\/p>\n\n\n\n<figure class=\"wp-block-gallery has-nested-images columns-default is-cropped wp-block-gallery-1 is-layout-flex wp-block-gallery-is-layout-flex\">\n<figure class=\"wp-block-image size-large\"><img loading=\"lazy\" decoding=\"async\" width=\"1160\" height=\"1160\" data-id=\"12759\" src=\"https:\/\/cdu-kempen.de\/wp-content\/uploads\/2025\/08\/20250807_Fuehrung-Ausstellung_3-1160x1160.jpg\" alt=\"\" class=\"wp-image-12759\" srcset=\"https:\/\/cdu-kempen.de\/wp-content\/uploads\/2025\/08\/20250807_Fuehrung-Ausstellung_3-980x735.jpg 980w, https:\/\/cdu-kempen.de\/wp-content\/uploads\/2025\/08\/20250807_Fuehrung-Ausstellung_3-480x360.jpg 480w\" sizes=\"(min-width: 0px) and (max-width: 480px) 480px, (min-width: 481px) and (max-width: 980px) 980px, (min-width: 981px) 1160px, 100vw\" \/><\/figure>\n\n\n\n<figure class=\"wp-block-image size-large\"><img loading=\"lazy\" decoding=\"async\" width=\"1160\" height=\"1160\" data-id=\"12758\" src=\"https:\/\/cdu-kempen.de\/wp-content\/uploads\/2025\/08\/20250807_Fuehrung-Ausstellung_2-1160x1160.jpg\" alt=\"\" class=\"wp-image-12758\" srcset=\"https:\/\/cdu-kempen.de\/wp-content\/uploads\/2025\/08\/20250807_Fuehrung-Ausstellung_2-980x735.jpg 980w, https:\/\/cdu-kempen.de\/wp-content\/uploads\/2025\/08\/20250807_Fuehrung-Ausstellung_2-480x360.jpg 480w\" sizes=\"(min-width: 0px) and (max-width: 480px) 480px, (min-width: 481px) and (max-width: 980px) 980px, (min-width: 981px) 1160px, 100vw\" \/><\/figure>\n\n\n\n<figure class=\"wp-block-image size-large\"><img loading=\"lazy\" decoding=\"async\" width=\"1160\" height=\"1160\" data-id=\"12757\" src=\"https:\/\/cdu-kempen.de\/wp-content\/uploads\/2025\/08\/20250807_Fuehrung-Ausstellung_1-1160x1160.jpg\" alt=\"\" class=\"wp-image-12757\" srcset=\"https:\/\/cdu-kempen.de\/wp-content\/uploads\/2025\/08\/20250807_Fuehrung-Ausstellung_1-980x735.jpg 980w, https:\/\/cdu-kempen.de\/wp-content\/uploads\/2025\/08\/20250807_Fuehrung-Ausstellung_1-480x360.jpg 480w\" sizes=\"(min-width: 0px) and (max-width: 480px) 480px, (min-width: 481px) and (max-width: 980px) 980px, (min-width: 981px) 1160px, 100vw\" \/><\/figure>\n\n\n\n<figure class=\"wp-block-image size-large\"><img loading=\"lazy\" decoding=\"async\" width=\"1160\" height=\"1160\" data-id=\"12756\" src=\"https:\/\/cdu-kempen.de\/wp-content\/uploads\/2025\/08\/20250807_Fuehrung-Ausstellung_10-1160x1160.jpg\" alt=\"\" class=\"wp-image-12756\" srcset=\"https:\/\/cdu-kempen.de\/wp-content\/uploads\/2025\/08\/20250807_Fuehrung-Ausstellung_10-980x1307.jpg 980w, https:\/\/cdu-kempen.de\/wp-content\/uploads\/2025\/08\/20250807_Fuehrung-Ausstellung_10-480x640.jpg 480w\" sizes=\"(min-width: 0px) and (max-width: 480px) 480px, (min-width: 481px) and (max-width: 980px) 980px, (min-width: 981px) 1160px, 100vw\" \/><\/figure>\n\n\n\n<figure class=\"wp-block-image size-large\"><img loading=\"lazy\" decoding=\"async\" width=\"1160\" height=\"1160\" data-id=\"12755\" src=\"https:\/\/cdu-kempen.de\/wp-content\/uploads\/2025\/08\/20250807_Fuehrung-Ausstellung_9-1160x1160.jpg\" alt=\"\" class=\"wp-image-12755\" srcset=\"https:\/\/cdu-kempen.de\/wp-content\/uploads\/2025\/08\/20250807_Fuehrung-Ausstellung_9-980x1307.jpg 980w, https:\/\/cdu-kempen.de\/wp-content\/uploads\/2025\/08\/20250807_Fuehrung-Ausstellung_9-480x640.jpg 480w\" sizes=\"(min-width: 0px) and (max-width: 480px) 480px, (min-width: 481px) and (max-width: 980px) 980px, (min-width: 981px) 1160px, 100vw\" \/><\/figure>\n\n\n\n<figure class=\"wp-block-image size-large\"><img loading=\"lazy\" decoding=\"async\" width=\"1160\" height=\"1160\" data-id=\"12754\" src=\"https:\/\/cdu-kempen.de\/wp-content\/uploads\/2025\/08\/20250807_Fuehrung-Ausstellung_8-1160x1160.jpg\" alt=\"\" class=\"wp-image-12754\" srcset=\"https:\/\/cdu-kempen.de\/wp-content\/uploads\/2025\/08\/20250807_Fuehrung-Ausstellung_8-980x722.jpg 980w, https:\/\/cdu-kempen.de\/wp-content\/uploads\/2025\/08\/20250807_Fuehrung-Ausstellung_8-480x353.jpg 480w\" sizes=\"(min-width: 0px) and (max-width: 480px) 480px, (min-width: 481px) and (max-width: 980px) 980px, (min-width: 981px) 1160px, 100vw\" \/><\/figure>\n\n\n\n<figure class=\"wp-block-image size-large\"><img loading=\"lazy\" decoding=\"async\" width=\"1160\" height=\"1160\" data-id=\"12753\" src=\"https:\/\/cdu-kempen.de\/wp-content\/uploads\/2025\/08\/20250807_Fuehrung-Ausstellung_7-1160x1160.jpg\" alt=\"\" class=\"wp-image-12753\" srcset=\"https:\/\/cdu-kempen.de\/wp-content\/uploads\/2025\/08\/20250807_Fuehrung-Ausstellung_7-980x735.jpg 980w, https:\/\/cdu-kempen.de\/wp-content\/uploads\/2025\/08\/20250807_Fuehrung-Ausstellung_7-480x360.jpg 480w\" sizes=\"(min-width: 0px) and (max-width: 480px) 480px, (min-width: 481px) and (max-width: 980px) 980px, (min-width: 981px) 1160px, 100vw\" \/><\/figure>\n\n\n\n<figure class=\"wp-block-image size-large\"><img loading=\"lazy\" decoding=\"async\" width=\"1160\" height=\"1160\" data-id=\"12752\" src=\"https:\/\/cdu-kempen.de\/wp-content\/uploads\/2025\/08\/20250807_Fuehrung-Ausstellung_6-1160x1160.jpg\" alt=\"\" class=\"wp-image-12752\" srcset=\"https:\/\/cdu-kempen.de\/wp-content\/uploads\/2025\/08\/20250807_Fuehrung-Ausstellung_6-980x1307.jpg 980w, https:\/\/cdu-kempen.de\/wp-content\/uploads\/2025\/08\/20250807_Fuehrung-Ausstellung_6-480x640.jpg 480w\" sizes=\"(min-width: 0px) and (max-width: 480px) 480px, (min-width: 481px) and (max-width: 980px) 980px, (min-width: 981px) 1160px, 100vw\" \/><\/figure>\n\n\n\n<figure class=\"wp-block-image size-large\"><img loading=\"lazy\" decoding=\"async\" width=\"1160\" height=\"1160\" data-id=\"12751\" src=\"https:\/\/cdu-kempen.de\/wp-content\/uploads\/2025\/08\/20250807_Fuehrung-Ausstellung_5-1160x1160.jpg\" alt=\"\" class=\"wp-image-12751\" srcset=\"https:\/\/cdu-kempen.de\/wp-content\/uploads\/2025\/08\/20250807_Fuehrung-Ausstellung_5-980x735.jpg 980w, https:\/\/cdu-kempen.de\/wp-content\/uploads\/2025\/08\/20250807_Fuehrung-Ausstellung_5-480x360.jpg 480w\" sizes=\"(min-width: 0px) and (max-width: 480px) 480px, (min-width: 481px) and (max-width: 980px) 980px, (min-width: 981px) 1160px, 100vw\" \/><\/figure>\n\n\n\n<figure class=\"wp-block-image size-large\"><img loading=\"lazy\" decoding=\"async\" width=\"1160\" height=\"1160\" data-id=\"12750\" src=\"https:\/\/cdu-kempen.de\/wp-content\/uploads\/2025\/08\/20250807_Fuehrung-Ausstellung_4-1160x1160.jpg\" alt=\"\" class=\"wp-image-12750\" srcset=\"https:\/\/cdu-kempen.de\/wp-content\/uploads\/2025\/08\/20250807_Fuehrung-Ausstellung_4-980x735.jpg 980w, https:\/\/cdu-kempen.de\/wp-content\/uploads\/2025\/08\/20250807_Fuehrung-Ausstellung_4-480x360.jpg 480w\" sizes=\"(min-width: 0px) and (max-width: 480px) 480px, (min-width: 481px) and (max-width: 980px) 980px, (min-width: 981px) 1160px, 100vw\" \/><\/figure>\n<\/figure>\n","protected":false},"excerpt":{"rendered":"<p>Ausstellungsf\u00fchrung \u201eStandpunkt.Kempen\u00a0 | 10 K\u00fcnstlerinnen und K\u00fcnstler\u201c im Kulturforum Franziskanerkloster durch die K\u00fcnstler selbst &#8211; das gab tiefe Einblicke in Entstehungsprozesse, in Gedankenwelten und handwerkliche Abl\u00e4ufe. Die anberaumte Zeit von 1 1\/2 Stunden reichte nicht aus. Moderatorin (und gleichzeitig eine der Kunstschaffenden) Edith Stefelmanns musste zum Ende hin alle etwas zur Eile aufrufen. Heike H\u00f6ltken, [&hellip;]<\/p>\n","protected":false},"author":5,"featured_media":12764,"comment_status":"closed","ping_status":"closed","sticky":false,"template":"","format":"standard","meta":{"_et_pb_use_builder":"","_et_pb_old_content":"","_et_gb_content_width":"","footnotes":""},"categories":[5],"tags":[43,86],"class_list":["post-12741","post","type-post","status-publish","format-standard","has-post-thumbnail","hentry","category-aktuelles","tag-cdu-kempen","tag-frauen-union-kempen"],"_links":{"self":[{"href":"https:\/\/cdu-kempen.de\/index.php\/wp-json\/wp\/v2\/posts\/12741"}],"collection":[{"href":"https:\/\/cdu-kempen.de\/index.php\/wp-json\/wp\/v2\/posts"}],"about":[{"href":"https:\/\/cdu-kempen.de\/index.php\/wp-json\/wp\/v2\/types\/post"}],"author":[{"embeddable":true,"href":"https:\/\/cdu-kempen.de\/index.php\/wp-json\/wp\/v2\/users\/5"}],"replies":[{"embeddable":true,"href":"https:\/\/cdu-kempen.de\/index.php\/wp-json\/wp\/v2\/comments?post=12741"}],"version-history":[{"count":7,"href":"https:\/\/cdu-kempen.de\/index.php\/wp-json\/wp\/v2\/posts\/12741\/revisions"}],"predecessor-version":[{"id":12763,"href":"https:\/\/cdu-kempen.de\/index.php\/wp-json\/wp\/v2\/posts\/12741\/revisions\/12763"}],"wp:featuredmedia":[{"embeddable":true,"href":"https:\/\/cdu-kempen.de\/index.php\/wp-json\/wp\/v2\/media\/12764"}],"wp:attachment":[{"href":"https:\/\/cdu-kempen.de\/index.php\/wp-json\/wp\/v2\/media?parent=12741"}],"wp:term":[{"taxonomy":"category","embeddable":true,"href":"https:\/\/cdu-kempen.de\/index.php\/wp-json\/wp\/v2\/categories?post=12741"},{"taxonomy":"post_tag","embeddable":true,"href":"https:\/\/cdu-kempen.de\/index.php\/wp-json\/wp\/v2\/tags?post=12741"}],"curies":[{"name":"wp","href":"https:\/\/api.w.org\/{rel}","templated":true}]}}