{"id":12767,"date":"2025-08-14T15:18:48","date_gmt":"2025-08-14T15:18:48","guid":{"rendered":"https:\/\/cdu-kempen.de\/?p=12767"},"modified":"2025-08-14T15:20:20","modified_gmt":"2025-08-14T15:20:20","slug":"cdu-zeigt-fuehrungskraft-politikwechsel-bringt-deutschland-und-nrw-voran","status":"publish","type":"post","link":"https:\/\/cdu-kempen.de\/index.php\/cdu-zeigt-fuehrungskraft-politikwechsel-bringt-deutschland-und-nrw-voran\/","title":{"rendered":"CDU zeigt F\u00fchrungskraft \u2013 Politikwechsel bringt Deutschland und NRW voran"},"content":{"rendered":"\n<p>Die CDU-gef\u00fchrte Bundesregierung unter Bundeskanzler <strong>Friedrich Merz<\/strong> beweist: Politik aus der Mitte kann gestalten, Probleme anpacken und unser Land voranbringen. Nach nur wenigen Monaten im Amt sind bereits zahlreiche Ma\u00dfnahmen umgesetzt, die Deutschland wettbewerbsf\u00e4higer, leistungsst\u00e4rker und zukunftssicher machen.<\/p>\n\n\n\n<p>Mit klaren Priorit\u00e4ten \u2013 <strong>Wettbewerbsf\u00e4higkeit, Energie, Leistungsgerechtigkeit und Migration<\/strong> \u2013 sorgt die CDU daf\u00fcr, dass Deutschland Schritt f\u00fcr Schritt, St\u00fcck f\u00fcr St\u00fcck wieder auf Erfolgskurs kommt.<\/p>\n\n\n\n<p><strong>Konkret f\u00fcr Nordrhein-Westfalen bedeutet das:<\/strong><\/p>\n\n\n\n<ul class=\"wp-block-list\">\n<li style=\"font-size:18px\"><strong>Bezahlbare und sichere Energieversorgung<\/strong><br>Durch den Wegfall der Gasspeicherumlage, gesenkte Netzentgelte und geringere Stromsteuern f\u00fcr energieintensive Unternehmen entlastet die CDU-B\u00fcrger und Wirtschaft. Die verbesserte steuerliche Forschungszulage st\u00e4rkt zus\u00e4tzlich unseren Mittelstand und den Innovationsstandort NRW.<\/li>\n\n\n\n<li><strong>Mehr Investitionen in unsere Wirtschaft<\/strong><br>Das Investitions-Sofortprogramm mit besseren Abschreibungen und einer stufenweisen Steuerentlastung ab 2028 macht Investitionen attraktiver \u2013 auch f\u00fcr unsere heimischen Unternehmen.<\/li>\n\n\n\n<li><strong>Starke Infrastruktur f\u00fcr unsere Region<\/strong><br>Die auf NRW entfallenden Mittel aus dem Sonderverm\u00f6gen f\u00fcr Infrastruktur werden in Stra\u00dfen, Gleise, Schulen und Kitas vor Ort investiert \u2013 das ist konkrete Politik f\u00fcr unsere B\u00fcrgerinnen und B\u00fcrger.<\/li>\n\n\n\n<li><strong>Unterst\u00fctzung des l\u00e4ndlichen Raums<\/strong><br>Die CDU erh\u00f6ht die Pendlerpauschale und st\u00e4rkt damit gezielt die Leistungstr\u00e4ger, die tagt\u00e4glich weitere Wege zur\u00fccklegen.<\/li>\n\n\n\n<li><strong>L\u00f6sung f\u00fcr kommunale Altschulden<\/strong><br>Mit einer viertel Milliarde Euro j\u00e4hrlich vom Land und einer h\u00e4lftigen Beteiligung des Bundes sorgt die CDU f\u00fcr eine nachhaltige Entlastung unserer Kommunen.<\/li>\n\n\n\n<li><strong>Klare Regeln in der Migrationspolitik<\/strong><br>Die CDU handelt: Migration wird geordnet, begrenzt und gesteuert. Dauerhafte Grenzkontrollen und gezielte Ma\u00dfnahmen f\u00fchren bereits zu sinkenden Asylbewerberzahlen in NRW.<\/li>\n<\/ul>\n\n\n\n<p><strong>Unser Fazit:<\/strong> Die CDU liefert \u2013 f\u00fcr Deutschland, f\u00fcr Nordrhein-Westfalen, f\u00fcr Kempen.<\/p>\n\n\n\n<p>Wir stehen f\u00fcr eine Politik mit klarem Kompass, die Verantwortung \u00fcbernimmt und unser Land in eine sichere und erfolgreiche Zukunft f\u00fchrt.<\/p>\n","protected":false},"excerpt":{"rendered":"<p>Die CDU-gef\u00fchrte Bundesregierung unter Bundeskanzler Friedrich Merz beweist: Politik aus der Mitte kann gestalten, Probleme anpacken und unser Land voranbringen. Nach nur wenigen Monaten im Amt sind bereits zahlreiche Ma\u00dfnahmen umgesetzt, die Deutschland wettbewerbsf\u00e4higer, leistungsst\u00e4rker und zukunftssicher machen. Mit klaren Priorit\u00e4ten \u2013 Wettbewerbsf\u00e4higkeit, Energie, Leistungsgerechtigkeit und Migration \u2013 sorgt die CDU daf\u00fcr, dass Deutschland Schritt [&hellip;]<\/p>\n","protected":false},"author":5,"featured_media":12768,"comment_status":"closed","ping_status":"closed","sticky":false,"template":"","format":"standard","meta":{"_et_pb_use_builder":"","_et_pb_old_content":"","_et_gb_content_width":"","footnotes":""},"categories":[5],"tags":[47],"class_list":["post-12767","post","type-post","status-publish","format-standard","has-post-thumbnail","hentry","category-aktuelles","tag-cdu"],"_links":{"self":[{"href":"https:\/\/cdu-kempen.de\/index.php\/wp-json\/wp\/v2\/posts\/12767"}],"collection":[{"href":"https:\/\/cdu-kempen.de\/index.php\/wp-json\/wp\/v2\/posts"}],"about":[{"href":"https:\/\/cdu-kempen.de\/index.php\/wp-json\/wp\/v2\/types\/post"}],"author":[{"embeddable":true,"href":"https:\/\/cdu-kempen.de\/index.php\/wp-json\/wp\/v2\/users\/5"}],"replies":[{"embeddable":true,"href":"https:\/\/cdu-kempen.de\/index.php\/wp-json\/wp\/v2\/comments?post=12767"}],"version-history":[{"count":1,"href":"https:\/\/cdu-kempen.de\/index.php\/wp-json\/wp\/v2\/posts\/12767\/revisions"}],"predecessor-version":[{"id":12769,"href":"https:\/\/cdu-kempen.de\/index.php\/wp-json\/wp\/v2\/posts\/12767\/revisions\/12769"}],"wp:featuredmedia":[{"embeddable":true,"href":"https:\/\/cdu-kempen.de\/index.php\/wp-json\/wp\/v2\/media\/12768"}],"wp:attachment":[{"href":"https:\/\/cdu-kempen.de\/index.php\/wp-json\/wp\/v2\/media?parent=12767"}],"wp:term":[{"taxonomy":"category","embeddable":true,"href":"https:\/\/cdu-kempen.de\/index.php\/wp-json\/wp\/v2\/categories?post=12767"},{"taxonomy":"post_tag","embeddable":true,"href":"https:\/\/cdu-kempen.de\/index.php\/wp-json\/wp\/v2\/tags?post=12767"}],"curies":[{"name":"wp","href":"https:\/\/api.w.org\/{rel}","templated":true}]}}