{"id":12776,"date":"2025-08-19T15:05:29","date_gmt":"2025-08-19T15:05:29","guid":{"rendered":"https:\/\/cdu-kempen.de\/?p=12776"},"modified":"2025-08-19T15:05:30","modified_gmt":"2025-08-19T15:05:30","slug":"fahrradtour-mit-der-cdu-kempen-mitte","status":"publish","type":"post","link":"https:\/\/cdu-kempen.de\/index.php\/fahrradtour-mit-der-cdu-kempen-mitte\/","title":{"rendered":"Fahrradtour mit der CDU Kempen-Mitte"},"content":{"rendered":"\n<p style=\"font-size:17px\">Die CDU Kempen-Mitte hatte zu einer Fahrradtour zu allen aktuellen und markanten Punkten in Kempen eingeladen.<\/p>\n\n\n\n<p style=\"font-size:17px\">Es ging von der Kempener Burg \u00fcber De Beukelaer, der Feuerwache Kempen, dem Gewerbegebiet An der Kornm\u00fchle und dem K\u00f6nigsh\u00fcttesee (- Floating-PV-Anlage) nach T\u00f6nisberg.<\/p>\n\n\n\n<p style=\"font-size:17px\">In T\u00f6nisberg gab es einen l\u00e4ngeren Aufenthalt und einen aktuellen Stand zum Zechengel\u00e4nde.<\/p>\n\n\n\n<p style=\"font-size:17px\">Es ging \u00fcber St. Hubert, dem Neubaugebiet Orbroicher Stra\u00dfe, dem Blockheizkraftwerk des Wohngebiets Auf dem Zanger und dem Feuerwehrger\u00e4tehaus in St. Hubert zur\u00fcck zu den Arnoldh\u00e4usern und zum Abschluss zum Neubaugebiet Kempener Westen.<\/p>\n\n\n\n<p style=\"font-size:17px\">Frank Lange, Vorsitzender des Ortsausschusses Kempen-Mitte, freut sich \u00fcber die gro\u00dfe Beteiligung und bedankt sich bei allen Sprechern und deren Vorbereitung und bei allen Teilnehmern, die zum Gelingen der interessanten Fahrradtour beigetragen haben.<\/p>\n\n\n\n<figure class=\"wp-block-gallery has-nested-images columns-default is-cropped wp-block-gallery-1 is-layout-flex wp-block-gallery-is-layout-flex\">\n<figure class=\"wp-block-image size-large\"><img loading=\"lazy\" decoding=\"async\" width=\"1160\" height=\"1160\" data-id=\"12795\" src=\"https:\/\/cdu-kempen.de\/wp-content\/uploads\/2025\/08\/20250817_Fahrradtour-OAS-Kempen-Mitte_16-1160x1160.jpg\" alt=\"\" class=\"wp-image-12795\" srcset=\"https:\/\/cdu-kempen.de\/wp-content\/uploads\/2025\/08\/20250817_Fahrradtour-OAS-Kempen-Mitte_16-980x735.jpg 980w, https:\/\/cdu-kempen.de\/wp-content\/uploads\/2025\/08\/20250817_Fahrradtour-OAS-Kempen-Mitte_16-480x360.jpg 480w\" sizes=\"(min-width: 0px) and (max-width: 480px) 480px, (min-width: 481px) and (max-width: 980px) 980px, (min-width: 981px) 1160px, 100vw\" \/><\/figure>\n\n\n\n<figure class=\"wp-block-image size-large\"><img loading=\"lazy\" decoding=\"async\" width=\"1160\" height=\"1160\" data-id=\"12794\" src=\"https:\/\/cdu-kempen.de\/wp-content\/uploads\/2025\/08\/20250817_Fahrradtour-OAS-Kempen-Mitte_15-1160x1160.jpg\" alt=\"\" class=\"wp-image-12794\" srcset=\"https:\/\/cdu-kempen.de\/wp-content\/uploads\/2025\/08\/20250817_Fahrradtour-OAS-Kempen-Mitte_15-980x1307.jpg 980w, https:\/\/cdu-kempen.de\/wp-content\/uploads\/2025\/08\/20250817_Fahrradtour-OAS-Kempen-Mitte_15-480x640.jpg 480w\" sizes=\"(min-width: 0px) and (max-width: 480px) 480px, (min-width: 481px) and (max-width: 980px) 980px, (min-width: 981px) 1160px, 100vw\" \/><\/figure>\n\n\n\n<figure class=\"wp-block-image size-large\"><img loading=\"lazy\" decoding=\"async\" width=\"800\" height=\"600\" data-id=\"12793\" src=\"https:\/\/cdu-kempen.de\/wp-content\/uploads\/2025\/08\/20250817_Fahrradtour-OAS-Kempen-Mitte_14.jpg\" alt=\"\" class=\"wp-image-12793\" srcset=\"https:\/\/cdu-kempen.de\/wp-content\/uploads\/2025\/08\/20250817_Fahrradtour-OAS-Kempen-Mitte_14.jpg 800w, https:\/\/cdu-kempen.de\/wp-content\/uploads\/2025\/08\/20250817_Fahrradtour-OAS-Kempen-Mitte_14-480x360.jpg 480w\" sizes=\"(min-width: 0px) and (max-width: 480px) 480px, (min-width: 481px) 800px, 100vw\" \/><\/figure>\n\n\n\n<figure class=\"wp-block-image size-large\"><img loading=\"lazy\" decoding=\"async\" width=\"800\" height=\"600\" data-id=\"12792\" src=\"https:\/\/cdu-kempen.de\/wp-content\/uploads\/2025\/08\/20250817_Fahrradtour-OAS-Kempen-Mitte_13.jpg\" alt=\"\" class=\"wp-image-12792\" srcset=\"https:\/\/cdu-kempen.de\/wp-content\/uploads\/2025\/08\/20250817_Fahrradtour-OAS-Kempen-Mitte_13.jpg 800w, https:\/\/cdu-kempen.de\/wp-content\/uploads\/2025\/08\/20250817_Fahrradtour-OAS-Kempen-Mitte_13-480x360.jpg 480w\" sizes=\"(min-width: 0px) and (max-width: 480px) 480px, (min-width: 481px) 800px, 100vw\" \/><\/figure>\n\n\n\n<figure class=\"wp-block-image size-large\"><img loading=\"lazy\" decoding=\"async\" width=\"1160\" height=\"1160\" data-id=\"12791\" src=\"https:\/\/cdu-kempen.de\/wp-content\/uploads\/2025\/08\/20250817_Fahrradtour-OAS-Kempen-Mitte_11-1160x1160.jpg\" alt=\"\" class=\"wp-image-12791\" srcset=\"https:\/\/cdu-kempen.de\/wp-content\/uploads\/2025\/08\/20250817_Fahrradtour-OAS-Kempen-Mitte_11-980x735.jpg 980w, https:\/\/cdu-kempen.de\/wp-content\/uploads\/2025\/08\/20250817_Fahrradtour-OAS-Kempen-Mitte_11-480x360.jpg 480w\" sizes=\"(min-width: 0px) and (max-width: 480px) 480px, (min-width: 481px) and (max-width: 980px) 980px, (min-width: 981px) 1160px, 100vw\" \/><\/figure>\n\n\n\n<figure class=\"wp-block-image size-large\"><img loading=\"lazy\" decoding=\"async\" width=\"800\" height=\"600\" data-id=\"12783\" src=\"https:\/\/cdu-kempen.de\/wp-content\/uploads\/2025\/08\/20250817_Fahrradtour-OAS-Kempen-Mitte_22.jpg\" alt=\"\" class=\"wp-image-12783\" srcset=\"https:\/\/cdu-kempen.de\/wp-content\/uploads\/2025\/08\/20250817_Fahrradtour-OAS-Kempen-Mitte_22.jpg 800w, https:\/\/cdu-kempen.de\/wp-content\/uploads\/2025\/08\/20250817_Fahrradtour-OAS-Kempen-Mitte_22-480x360.jpg 480w\" sizes=\"(min-width: 0px) and (max-width: 480px) 480px, (min-width: 481px) 800px, 100vw\" \/><\/figure>\n\n\n\n<figure class=\"wp-block-image size-large\"><img loading=\"lazy\" decoding=\"async\" width=\"800\" height=\"600\" data-id=\"12784\" src=\"https:\/\/cdu-kempen.de\/wp-content\/uploads\/2025\/08\/20250817_Fahrradtour-OAS-Kempen-Mitte_23.jpg\" alt=\"\" class=\"wp-image-12784\" srcset=\"https:\/\/cdu-kempen.de\/wp-content\/uploads\/2025\/08\/20250817_Fahrradtour-OAS-Kempen-Mitte_23.jpg 800w, https:\/\/cdu-kempen.de\/wp-content\/uploads\/2025\/08\/20250817_Fahrradtour-OAS-Kempen-Mitte_23-480x360.jpg 480w\" sizes=\"(min-width: 0px) and (max-width: 480px) 480px, (min-width: 481px) 800px, 100vw\" \/><\/figure>\n\n\n\n<figure class=\"wp-block-image size-large\"><img loading=\"lazy\" decoding=\"async\" width=\"1160\" height=\"1160\" data-id=\"12790\" src=\"https:\/\/cdu-kempen.de\/wp-content\/uploads\/2025\/08\/20250817_Fahrradtour-OAS-Kempen-Mitte_10-1160x1160.jpg\" alt=\"\" class=\"wp-image-12790\" srcset=\"https:\/\/cdu-kempen.de\/wp-content\/uploads\/2025\/08\/20250817_Fahrradtour-OAS-Kempen-Mitte_10-980x1307.jpg 980w, https:\/\/cdu-kempen.de\/wp-content\/uploads\/2025\/08\/20250817_Fahrradtour-OAS-Kempen-Mitte_10-480x640.jpg 480w\" sizes=\"(min-width: 0px) and (max-width: 480px) 480px, (min-width: 481px) and (max-width: 980px) 980px, (min-width: 981px) 1160px, 100vw\" \/><\/figure>\n\n\n\n<figure class=\"wp-block-image size-large\"><img loading=\"lazy\" decoding=\"async\" width=\"1160\" height=\"1160\" data-id=\"12789\" src=\"https:\/\/cdu-kempen.de\/wp-content\/uploads\/2025\/08\/20250817_Fahrradtour-OAS-Kempen-Mitte_7-1160x1160.jpg\" alt=\"\" class=\"wp-image-12789\" srcset=\"https:\/\/cdu-kempen.de\/wp-content\/uploads\/2025\/08\/20250817_Fahrradtour-OAS-Kempen-Mitte_7-980x735.jpg 980w, https:\/\/cdu-kempen.de\/wp-content\/uploads\/2025\/08\/20250817_Fahrradtour-OAS-Kempen-Mitte_7-480x360.jpg 480w\" sizes=\"(min-width: 0px) and (max-width: 480px) 480px, (min-width: 481px) and (max-width: 980px) 980px, (min-width: 981px) 1160px, 100vw\" \/><\/figure>\n\n\n\n<figure class=\"wp-block-image size-large\"><img loading=\"lazy\" decoding=\"async\" width=\"1160\" height=\"1160\" data-id=\"12788\" src=\"https:\/\/cdu-kempen.de\/wp-content\/uploads\/2025\/08\/20250817_Fahrradtour-OAS-Kempen-Mitte_6-1160x1160.jpg\" alt=\"\" class=\"wp-image-12788\" srcset=\"https:\/\/cdu-kempen.de\/wp-content\/uploads\/2025\/08\/20250817_Fahrradtour-OAS-Kempen-Mitte_6-980x1307.jpg 980w, https:\/\/cdu-kempen.de\/wp-content\/uploads\/2025\/08\/20250817_Fahrradtour-OAS-Kempen-Mitte_6-480x640.jpg 480w\" sizes=\"(min-width: 0px) and (max-width: 480px) 480px, (min-width: 481px) and (max-width: 980px) 980px, (min-width: 981px) 1160px, 100vw\" \/><\/figure>\n\n\n\n<figure class=\"wp-block-image size-large\"><img loading=\"lazy\" decoding=\"async\" width=\"1160\" height=\"1160\" data-id=\"12787\" src=\"https:\/\/cdu-kempen.de\/wp-content\/uploads\/2025\/08\/20250817_Fahrradtour-OAS-Kempen-Mitte_4-1160x1160.jpg\" alt=\"\" class=\"wp-image-12787\" srcset=\"https:\/\/cdu-kempen.de\/wp-content\/uploads\/2025\/08\/20250817_Fahrradtour-OAS-Kempen-Mitte_4-980x735.jpg 980w, https:\/\/cdu-kempen.de\/wp-content\/uploads\/2025\/08\/20250817_Fahrradtour-OAS-Kempen-Mitte_4-480x360.jpg 480w\" sizes=\"(min-width: 0px) and (max-width: 480px) 480px, (min-width: 481px) and (max-width: 980px) 980px, (min-width: 981px) 1160px, 100vw\" \/><\/figure>\n\n\n\n<figure class=\"wp-block-image size-large\"><img loading=\"lazy\" decoding=\"async\" width=\"1160\" height=\"1160\" data-id=\"12778\" src=\"https:\/\/cdu-kempen.de\/wp-content\/uploads\/2025\/08\/20250817_Fahrradtour-OAS-Kempen-Mitte_17-1160x1160.jpg\" alt=\"\" class=\"wp-image-12778\" srcset=\"https:\/\/cdu-kempen.de\/wp-content\/uploads\/2025\/08\/20250817_Fahrradtour-OAS-Kempen-Mitte_17-980x1307.jpg 980w, https:\/\/cdu-kempen.de\/wp-content\/uploads\/2025\/08\/20250817_Fahrradtour-OAS-Kempen-Mitte_17-480x640.jpg 480w\" sizes=\"(min-width: 0px) and (max-width: 480px) 480px, (min-width: 481px) and (max-width: 980px) 980px, (min-width: 981px) 1160px, 100vw\" \/><\/figure>\n\n\n\n<figure class=\"wp-block-image size-large\"><img loading=\"lazy\" decoding=\"async\" width=\"1160\" height=\"1160\" data-id=\"12779\" src=\"https:\/\/cdu-kempen.de\/wp-content\/uploads\/2025\/08\/20250817_Fahrradtour-OAS-Kempen-Mitte_18-1160x1160.jpg\" alt=\"\" class=\"wp-image-12779\" srcset=\"https:\/\/cdu-kempen.de\/wp-content\/uploads\/2025\/08\/20250817_Fahrradtour-OAS-Kempen-Mitte_18-980x1307.jpg 980w, https:\/\/cdu-kempen.de\/wp-content\/uploads\/2025\/08\/20250817_Fahrradtour-OAS-Kempen-Mitte_18-480x640.jpg 480w\" sizes=\"(min-width: 0px) and (max-width: 480px) 480px, (min-width: 481px) and (max-width: 980px) 980px, (min-width: 981px) 1160px, 100vw\" \/><\/figure>\n\n\n\n<figure class=\"wp-block-image size-large\"><img loading=\"lazy\" decoding=\"async\" width=\"800\" height=\"600\" data-id=\"12780\" src=\"https:\/\/cdu-kempen.de\/wp-content\/uploads\/2025\/08\/20250817_Fahrradtour-OAS-Kempen-Mitte_19.jpg\" alt=\"\" class=\"wp-image-12780\" srcset=\"https:\/\/cdu-kempen.de\/wp-content\/uploads\/2025\/08\/20250817_Fahrradtour-OAS-Kempen-Mitte_19.jpg 800w, https:\/\/cdu-kempen.de\/wp-content\/uploads\/2025\/08\/20250817_Fahrradtour-OAS-Kempen-Mitte_19-480x360.jpg 480w\" sizes=\"(min-width: 0px) and (max-width: 480px) 480px, (min-width: 481px) 800px, 100vw\" \/><\/figure>\n\n\n\n<figure class=\"wp-block-image size-large\"><img loading=\"lazy\" decoding=\"async\" width=\"800\" height=\"600\" data-id=\"12781\" src=\"https:\/\/cdu-kempen.de\/wp-content\/uploads\/2025\/08\/20250817_Fahrradtour-OAS-Kempen-Mitte_20.jpg\" alt=\"\" class=\"wp-image-12781\" srcset=\"https:\/\/cdu-kempen.de\/wp-content\/uploads\/2025\/08\/20250817_Fahrradtour-OAS-Kempen-Mitte_20.jpg 800w, https:\/\/cdu-kempen.de\/wp-content\/uploads\/2025\/08\/20250817_Fahrradtour-OAS-Kempen-Mitte_20-480x360.jpg 480w\" sizes=\"(min-width: 0px) and (max-width: 480px) 480px, (min-width: 481px) 800px, 100vw\" \/><\/figure>\n\n\n\n<figure class=\"wp-block-image size-large\"><img loading=\"lazy\" decoding=\"async\" width=\"800\" height=\"600\" data-id=\"12782\" src=\"https:\/\/cdu-kempen.de\/wp-content\/uploads\/2025\/08\/20250817_Fahrradtour-OAS-Kempen-Mitte_21.jpg\" alt=\"\" class=\"wp-image-12782\" srcset=\"https:\/\/cdu-kempen.de\/wp-content\/uploads\/2025\/08\/20250817_Fahrradtour-OAS-Kempen-Mitte_21.jpg 800w, https:\/\/cdu-kempen.de\/wp-content\/uploads\/2025\/08\/20250817_Fahrradtour-OAS-Kempen-Mitte_21-480x360.jpg 480w\" sizes=\"(min-width: 0px) and (max-width: 480px) 480px, (min-width: 481px) 800px, 100vw\" \/><\/figure>\n\n\n\n<figure class=\"wp-block-image size-large\"><img loading=\"lazy\" decoding=\"async\" width=\"1160\" height=\"1160\" data-id=\"12785\" src=\"https:\/\/cdu-kempen.de\/wp-content\/uploads\/2025\/08\/20250817_Fahrradtour-OAS-Kempen-Mitte_2-1160x1160.jpg\" alt=\"\" class=\"wp-image-12785\" srcset=\"https:\/\/cdu-kempen.de\/wp-content\/uploads\/2025\/08\/20250817_Fahrradtour-OAS-Kempen-Mitte_2-980x735.jpg 980w, https:\/\/cdu-kempen.de\/wp-content\/uploads\/2025\/08\/20250817_Fahrradtour-OAS-Kempen-Mitte_2-480x360.jpg 480w\" sizes=\"(min-width: 0px) and (max-width: 480px) 480px, (min-width: 481px) and (max-width: 980px) 980px, (min-width: 981px) 1160px, 100vw\" \/><\/figure>\n\n\n\n<figure class=\"wp-block-image size-large\"><img loading=\"lazy\" decoding=\"async\" width=\"1160\" height=\"1160\" data-id=\"12786\" src=\"https:\/\/cdu-kempen.de\/wp-content\/uploads\/2025\/08\/20250817_Fahrradtour-OAS-Kempen-Mitte_3-1160x1160.jpg\" alt=\"\" class=\"wp-image-12786\" srcset=\"https:\/\/cdu-kempen.de\/wp-content\/uploads\/2025\/08\/20250817_Fahrradtour-OAS-Kempen-Mitte_3-980x1307.jpg 980w, https:\/\/cdu-kempen.de\/wp-content\/uploads\/2025\/08\/20250817_Fahrradtour-OAS-Kempen-Mitte_3-480x640.jpg 480w\" sizes=\"(min-width: 0px) and (max-width: 480px) 480px, (min-width: 481px) and (max-width: 980px) 980px, (min-width: 981px) 1160px, 100vw\" \/><\/figure>\n<\/figure>\n","protected":false},"excerpt":{"rendered":"<p>Die CDU Kempen-Mitte hatte zu einer Fahrradtour zu allen aktuellen und markanten Punkten in Kempen eingeladen. Es ging von der Kempener Burg \u00fcber De Beukelaer, der Feuerwache Kempen, dem Gewerbegebiet An der Kornm\u00fchle und dem K\u00f6nigsh\u00fcttesee (- Floating-PV-Anlage) nach T\u00f6nisberg. In T\u00f6nisberg gab es einen l\u00e4ngeren Aufenthalt und einen aktuellen Stand zum Zechengel\u00e4nde. Es ging [&hellip;]<\/p>\n","protected":false},"author":5,"featured_media":12796,"comment_status":"closed","ping_status":"closed","sticky":false,"template":"","format":"standard","meta":{"_et_pb_use_builder":"","_et_pb_old_content":"","_et_gb_content_width":"","footnotes":""},"categories":[5,4],"tags":[43,32],"class_list":["post-12776","post","type-post","status-publish","format-standard","has-post-thumbnail","hentry","category-aktuelles","category-allgemeines","tag-cdu-kempen","tag-cdu-ortsausschuss"],"_links":{"self":[{"href":"https:\/\/cdu-kempen.de\/index.php\/wp-json\/wp\/v2\/posts\/12776"}],"collection":[{"href":"https:\/\/cdu-kempen.de\/index.php\/wp-json\/wp\/v2\/posts"}],"about":[{"href":"https:\/\/cdu-kempen.de\/index.php\/wp-json\/wp\/v2\/types\/post"}],"author":[{"embeddable":true,"href":"https:\/\/cdu-kempen.de\/index.php\/wp-json\/wp\/v2\/users\/5"}],"replies":[{"embeddable":true,"href":"https:\/\/cdu-kempen.de\/index.php\/wp-json\/wp\/v2\/comments?post=12776"}],"version-history":[{"count":2,"href":"https:\/\/cdu-kempen.de\/index.php\/wp-json\/wp\/v2\/posts\/12776\/revisions"}],"predecessor-version":[{"id":12797,"href":"https:\/\/cdu-kempen.de\/index.php\/wp-json\/wp\/v2\/posts\/12776\/revisions\/12797"}],"wp:featuredmedia":[{"embeddable":true,"href":"https:\/\/cdu-kempen.de\/index.php\/wp-json\/wp\/v2\/media\/12796"}],"wp:attachment":[{"href":"https:\/\/cdu-kempen.de\/index.php\/wp-json\/wp\/v2\/media?parent=12776"}],"wp:term":[{"taxonomy":"category","embeddable":true,"href":"https:\/\/cdu-kempen.de\/index.php\/wp-json\/wp\/v2\/categories?post=12776"},{"taxonomy":"post_tag","embeddable":true,"href":"https:\/\/cdu-kempen.de\/index.php\/wp-json\/wp\/v2\/tags?post=12776"}],"curies":[{"name":"wp","href":"https:\/\/api.w.org\/{rel}","templated":true}]}}