{"id":12804,"date":"2025-08-22T20:44:36","date_gmt":"2025-08-22T20:44:36","guid":{"rendered":"https:\/\/cdu-kempen.de\/?p=12804"},"modified":"2025-08-22T20:44:37","modified_gmt":"2025-08-22T20:44:37","slug":"marktfruehstueck-mit-bennet-gielen-in-st-hubert","status":"publish","type":"post","link":"https:\/\/cdu-kempen.de\/index.php\/marktfruehstueck-mit-bennet-gielen-in-st-hubert\/","title":{"rendered":"Marktfr\u00fchst\u00fcck mit Bennet Gielen in St. Hubert"},"content":{"rendered":"\n<p>Der CDU-Stadtverband Kempen konnte am vergangenen Donnerstag gemeinsam mit vielen B\u00fcrgerinnen und B\u00fcrgern den Landratskandidaten der CDU im Kreis Viersen, <strong>Bennet Gielen<\/strong>, auf dem Wochenmarkt in St. Hubert begr\u00fc\u00dfen. In lockerer Atmosph\u00e4re standen aktuelle Themen zur Zukunft unserer Stadt und des Kreises Viersen im Mittelpunkt.<\/p>\n\n\n\n<p>Bennet Gielen machte dabei deutlich: <em>\u201eStarke Kommunen brauchen einen starken Kreis \u2013 daf\u00fcr stehe ich.&#8220;<\/em><\/p>\n\n\n\n<p>Auch die <strong>CDU Kempen<\/strong> war mit ihren Kandidatinnen und Kandidaten vor Ort vertreten. Gemeinsam setzen wir uns daf\u00fcr ein, dass Kempen verl\u00e4sslich, aktiv und nah an den Menschen gestaltet wird. Wir wollen Verantwortung \u00fcbernehmen \u2013 f\u00fcr unsere Heimat \u2013 St. Hubert und Kempen.<\/p>\n\n\n\n<p>\ud83d\udc49 Am <strong>14. September<\/strong> ist Kommunalwahl. Geben Sie Ihre Stimme der CDU \u2013 f\u00fcr eine starke Vertretung in Kempen und im Kreis Viersen mit Bennet Gielen als Landrat. Nutzen Sie auch schon jetzt die M\u00f6glichkeit der <strong>Briefwahl<\/strong> und gestalten Sie aktiv die Zukunft unserer Heimat mit.<\/p>\n\n\n\n<figure class=\"wp-block-gallery has-nested-images columns-default is-cropped wp-block-gallery-1 is-layout-flex wp-block-gallery-is-layout-flex\">\n<figure class=\"wp-block-image size-large\"><img loading=\"lazy\" decoding=\"async\" width=\"1160\" height=\"1160\" data-id=\"12824\" src=\"https:\/\/cdu-kempen.de\/wp-content\/uploads\/2025\/08\/IMG-20250821-WA0024-1160x1160.jpg\" alt=\"\" class=\"wp-image-12824\" srcset=\"https:\/\/cdu-kempen.de\/wp-content\/uploads\/2025\/08\/IMG-20250821-WA0024-980x735.jpg 980w, https:\/\/cdu-kempen.de\/wp-content\/uploads\/2025\/08\/IMG-20250821-WA0024-480x360.jpg 480w\" sizes=\"(min-width: 0px) and (max-width: 480px) 480px, (min-width: 481px) and (max-width: 980px) 980px, (min-width: 981px) 1160px, 100vw\" \/><\/figure>\n\n\n\n<figure class=\"wp-block-image size-large\"><img loading=\"lazy\" decoding=\"async\" width=\"1160\" height=\"1160\" data-id=\"12829\" src=\"https:\/\/cdu-kempen.de\/wp-content\/uploads\/2025\/08\/IMG-20250821-WA0029-1160x1160.jpg\" alt=\"\" class=\"wp-image-12829\" srcset=\"https:\/\/cdu-kempen.de\/wp-content\/uploads\/2025\/08\/IMG-20250821-WA0029-980x599.jpg 980w, https:\/\/cdu-kempen.de\/wp-content\/uploads\/2025\/08\/IMG-20250821-WA0029-480x293.jpg 480w\" sizes=\"(min-width: 0px) and (max-width: 480px) 480px, (min-width: 481px) and (max-width: 980px) 980px, (min-width: 981px) 1160px, 100vw\" \/><\/figure>\n\n\n\n<figure class=\"wp-block-image size-large\"><img loading=\"lazy\" decoding=\"async\" width=\"1160\" height=\"1160\" data-id=\"12827\" src=\"https:\/\/cdu-kempen.de\/wp-content\/uploads\/2025\/08\/IMG-20250821-WA0027-1160x1160.jpg\" alt=\"\" class=\"wp-image-12827\" srcset=\"https:\/\/cdu-kempen.de\/wp-content\/uploads\/2025\/08\/IMG-20250821-WA0027-980x735.jpg 980w, https:\/\/cdu-kempen.de\/wp-content\/uploads\/2025\/08\/IMG-20250821-WA0027-480x360.jpg 480w\" sizes=\"(min-width: 0px) and (max-width: 480px) 480px, (min-width: 481px) and (max-width: 980px) 980px, (min-width: 981px) 1160px, 100vw\" \/><\/figure>\n\n\n\n<figure class=\"wp-block-image size-large\"><img loading=\"lazy\" decoding=\"async\" width=\"1160\" height=\"1160\" data-id=\"12828\" src=\"https:\/\/cdu-kempen.de\/wp-content\/uploads\/2025\/08\/IMG-20250821-WA0028-1160x1160.jpg\" alt=\"\" class=\"wp-image-12828\" srcset=\"https:\/\/cdu-kempen.de\/wp-content\/uploads\/2025\/08\/IMG-20250821-WA0028-980x735.jpg 980w, https:\/\/cdu-kempen.de\/wp-content\/uploads\/2025\/08\/IMG-20250821-WA0028-480x360.jpg 480w\" sizes=\"(min-width: 0px) and (max-width: 480px) 480px, (min-width: 481px) and (max-width: 980px) 980px, (min-width: 981px) 1160px, 100vw\" \/><\/figure>\n\n\n\n<figure class=\"wp-block-image size-large\"><img loading=\"lazy\" decoding=\"async\" width=\"1160\" height=\"1160\" data-id=\"12826\" src=\"https:\/\/cdu-kempen.de\/wp-content\/uploads\/2025\/08\/IMG-20250821-WA0026-1160x1160.jpg\" alt=\"\" class=\"wp-image-12826\" srcset=\"https:\/\/cdu-kempen.de\/wp-content\/uploads\/2025\/08\/IMG-20250821-WA0026-980x657.jpg 980w, https:\/\/cdu-kempen.de\/wp-content\/uploads\/2025\/08\/IMG-20250821-WA0026-480x322.jpg 480w\" sizes=\"(min-width: 0px) and (max-width: 480px) 480px, (min-width: 481px) and (max-width: 980px) 980px, (min-width: 981px) 1160px, 100vw\" \/><\/figure>\n\n\n\n<figure class=\"wp-block-image size-large\"><img loading=\"lazy\" decoding=\"async\" width=\"1160\" height=\"1160\" data-id=\"12825\" src=\"https:\/\/cdu-kempen.de\/wp-content\/uploads\/2025\/08\/IMG-20250821-WA0025-1160x1160.jpg\" alt=\"\" class=\"wp-image-12825\" srcset=\"https:\/\/cdu-kempen.de\/wp-content\/uploads\/2025\/08\/IMG-20250821-WA0025-980x555.jpg 980w, https:\/\/cdu-kempen.de\/wp-content\/uploads\/2025\/08\/IMG-20250821-WA0025-480x272.jpg 480w\" sizes=\"(min-width: 0px) and (max-width: 480px) 480px, (min-width: 481px) and (max-width: 980px) 980px, (min-width: 981px) 1160px, 100vw\" \/><\/figure>\n<\/figure>\n","protected":false},"excerpt":{"rendered":"<p>Der CDU-Stadtverband Kempen konnte am vergangenen Donnerstag gemeinsam mit vielen B\u00fcrgerinnen und B\u00fcrgern den Landratskandidaten der CDU im Kreis Viersen, Bennet Gielen, auf dem Wochenmarkt in St. Hubert begr\u00fc\u00dfen. In lockerer Atmosph\u00e4re standen aktuelle Themen zur Zukunft unserer Stadt und des Kreises Viersen im Mittelpunkt. Bennet Gielen machte dabei deutlich: \u201eStarke Kommunen brauchen einen starken [&hellip;]<\/p>\n","protected":false},"author":5,"featured_media":12826,"comment_status":"closed","ping_status":"closed","sticky":false,"template":"","format":"standard","meta":{"_et_pb_use_builder":"","_et_pb_old_content":"","_et_gb_content_width":"","footnotes":""},"categories":[5,29],"tags":[43,66],"class_list":["post-12804","post","type-post","status-publish","format-standard","has-post-thumbnail","hentry","category-aktuelles","category-landrat","tag-cdu-kempen","tag-kommunalwahl"],"_links":{"self":[{"href":"https:\/\/cdu-kempen.de\/index.php\/wp-json\/wp\/v2\/posts\/12804"}],"collection":[{"href":"https:\/\/cdu-kempen.de\/index.php\/wp-json\/wp\/v2\/posts"}],"about":[{"href":"https:\/\/cdu-kempen.de\/index.php\/wp-json\/wp\/v2\/types\/post"}],"author":[{"embeddable":true,"href":"https:\/\/cdu-kempen.de\/index.php\/wp-json\/wp\/v2\/users\/5"}],"replies":[{"embeddable":true,"href":"https:\/\/cdu-kempen.de\/index.php\/wp-json\/wp\/v2\/comments?post=12804"}],"version-history":[{"count":2,"href":"https:\/\/cdu-kempen.de\/index.php\/wp-json\/wp\/v2\/posts\/12804\/revisions"}],"predecessor-version":[{"id":12830,"href":"https:\/\/cdu-kempen.de\/index.php\/wp-json\/wp\/v2\/posts\/12804\/revisions\/12830"}],"wp:featuredmedia":[{"embeddable":true,"href":"https:\/\/cdu-kempen.de\/index.php\/wp-json\/wp\/v2\/media\/12826"}],"wp:attachment":[{"href":"https:\/\/cdu-kempen.de\/index.php\/wp-json\/wp\/v2\/media?parent=12804"}],"wp:term":[{"taxonomy":"category","embeddable":true,"href":"https:\/\/cdu-kempen.de\/index.php\/wp-json\/wp\/v2\/categories?post=12804"},{"taxonomy":"post_tag","embeddable":true,"href":"https:\/\/cdu-kempen.de\/index.php\/wp-json\/wp\/v2\/tags?post=12804"}],"curies":[{"name":"wp","href":"https:\/\/api.w.org\/{rel}","templated":true}]}}