{"id":12847,"date":"2025-08-26T11:27:16","date_gmt":"2025-08-26T11:27:16","guid":{"rendered":"https:\/\/cdu-kempen.de\/?p=12847"},"modified":"2025-08-26T11:27:18","modified_gmt":"2025-08-26T11:27:18","slug":"einladung-zur-veranstaltung-mit-dr-jan-heinisch","status":"publish","type":"post","link":"https:\/\/cdu-kempen.de\/index.php\/einladung-zur-veranstaltung-mit-dr-jan-heinisch\/","title":{"rendered":"Einladung zur Veranstaltung mit Dr. Jan Heinisch"},"content":{"rendered":"\n<p style=\"font-size:17px\">Der CDU-Stadtverband Kempen l\u00e4dt am <strong>01. September 2025<\/strong> um <strong>18:00 Uhr<\/strong> zu einer \u00f6ffentlichen Veranstaltung in <strong>T\u00f6nisberg<\/strong> ein. Im Mittelpunkt stehen <strong>Brand- &amp; Katastrophenschutz<\/strong> sowie <strong>Bev\u00f6lkerungsschutzzentren<\/strong> \u2013 mit konkreten Bez\u00fcgen zu <strong>Kempen<\/strong> und dem <strong>Kreis Viersen<\/strong>. Referent ist <strong>Dr. Jan Heinisch<\/strong>, <strong>stellvertretender Fraktionsvorsitzender der CDU NRW<\/strong>.<\/p>\n\n\n\n<p><strong>Ablauf<\/strong><\/p>\n\n\n\n<ul class=\"wp-block-list\">\n<li><strong>18:00 Uhr \u2013 Treffpunkt:<\/strong> Feuerwehrger\u00e4tehaus T\u00f6nisberg, <strong>Rheinstra\u00dfe 20e<\/strong>, 47906 Kempen<\/li>\n\n\n\n<li><strong>Im Anschluss \u2013 Impuls &amp; Austausch:<\/strong> Pfarrheim T\u00f6nisberg, <strong>Hoensbroechstra\u00dfe 2<\/strong>, 47906 Kempen.<\/li>\n<\/ul>\n\n\n\n<p style=\"font-size:17px\"><strong>Kurzprofil<\/strong><\/p>\n\n\n\n<p style=\"font-size:17px\">Als <strong>Vorsitzender des Verbandes der Feuerwehren NRW e.V.<\/strong> bringt Dr. Jan Heinisch fundierte Praxis- und F\u00fchrungserfahrung aus dem Brand- und Katastrophenschutz in die Diskussion ein.<\/p>\n\n\n\n<p style=\"font-size:17px\"><strong>Anmeldung<\/strong><\/p>\n\n\n\n<p style=\"font-size:17px\">Zur besseren Planung bitten wir um Anmeldung <strong>bis 29. August 2025<\/strong> per E-Mail an <strong><a href=\"#\" data-email-protect-click=\"kphqBefw\/mtgkuxkgtugp0fg\"><span data-email-protect=\"kphqBefw\/mtgkuxkgtugp0fg\"><\/span><\/a><\/strong> oder telefonisch unter <strong>02162\/29011<\/strong>.<\/p>\n\n\n\n<p style=\"font-size:17px\">Wir freuen uns auf eine rege Teilnahme und den offenen Austausch \u2013 <strong>gemeinsam f\u00fcr Sicherheit in Kempen<\/strong>.<\/p>\n","protected":false},"excerpt":{"rendered":"<p>Der CDU-Stadtverband Kempen l\u00e4dt am 01. September 2025 um 18:00 Uhr zu einer \u00f6ffentlichen Veranstaltung in T\u00f6nisberg ein. Im Mittelpunkt stehen Brand- &amp; Katastrophenschutz sowie Bev\u00f6lkerungsschutzzentren \u2013 mit konkreten Bez\u00fcgen zu Kempen und dem Kreis Viersen. Referent ist Dr. Jan Heinisch, stellvertretender Fraktionsvorsitzender der CDU NRW. Ablauf Kurzprofil Als Vorsitzender des Verbandes der Feuerwehren NRW [&hellip;]<\/p>\n","protected":false},"author":5,"featured_media":12850,"comment_status":"closed","ping_status":"closed","sticky":false,"template":"","format":"standard","meta":{"_et_pb_use_builder":"","_et_pb_old_content":"","_et_gb_content_width":"","footnotes":""},"categories":[5],"tags":[43,66,31],"class_list":["post-12847","post","type-post","status-publish","format-standard","has-post-thumbnail","hentry","category-aktuelles","tag-cdu-kempen","tag-kommunalwahl","tag-toenisberg"],"_links":{"self":[{"href":"https:\/\/cdu-kempen.de\/index.php\/wp-json\/wp\/v2\/posts\/12847"}],"collection":[{"href":"https:\/\/cdu-kempen.de\/index.php\/wp-json\/wp\/v2\/posts"}],"about":[{"href":"https:\/\/cdu-kempen.de\/index.php\/wp-json\/wp\/v2\/types\/post"}],"author":[{"embeddable":true,"href":"https:\/\/cdu-kempen.de\/index.php\/wp-json\/wp\/v2\/users\/5"}],"replies":[{"embeddable":true,"href":"https:\/\/cdu-kempen.de\/index.php\/wp-json\/wp\/v2\/comments?post=12847"}],"version-history":[{"count":2,"href":"https:\/\/cdu-kempen.de\/index.php\/wp-json\/wp\/v2\/posts\/12847\/revisions"}],"predecessor-version":[{"id":12849,"href":"https:\/\/cdu-kempen.de\/index.php\/wp-json\/wp\/v2\/posts\/12847\/revisions\/12849"}],"wp:featuredmedia":[{"embeddable":true,"href":"https:\/\/cdu-kempen.de\/index.php\/wp-json\/wp\/v2\/media\/12850"}],"wp:attachment":[{"href":"https:\/\/cdu-kempen.de\/index.php\/wp-json\/wp\/v2\/media?parent=12847"}],"wp:term":[{"taxonomy":"category","embeddable":true,"href":"https:\/\/cdu-kempen.de\/index.php\/wp-json\/wp\/v2\/categories?post=12847"},{"taxonomy":"post_tag","embeddable":true,"href":"https:\/\/cdu-kempen.de\/index.php\/wp-json\/wp\/v2\/tags?post=12847"}],"curies":[{"name":"wp","href":"https:\/\/api.w.org\/{rel}","templated":true}]}}