{"id":12857,"date":"2025-08-30T20:00:00","date_gmt":"2025-08-30T20:00:00","guid":{"rendered":"https:\/\/cdu-kempen.de\/?p=12857"},"modified":"2025-08-30T12:59:35","modified_gmt":"2025-08-30T12:59:35","slug":"cdu-kempen-trauert-um-horst-latzel","status":"publish","type":"post","link":"https:\/\/cdu-kempen.de\/index.php\/cdu-kempen-trauert-um-horst-latzel\/","title":{"rendered":"CDU Kempen trauert um Horst Latzel."},"content":{"rendered":"\n<p style=\"font-size:17px\">Horst Latzel war 50 Jahre Mitglied in der CDU. Von Oktober 1994 bis Mai 2014 geh\u00f6rte er dem Rat der Stadt Kempen an. Dort setzte er sich stets f\u00fcr die Belange der B\u00fcrgerinnen und B\u00fcrger ein.<\/p>\n\n\n\n<p style=\"font-size:17px\">Horst Latzel war jahrelang stellvertretender Vorsitzender im Ausschuss f\u00fcr Ordnungsangelegenheiten, Feuerschutz und Verkehr.<\/p>\n\n\n\n<p style=\"font-size:17px\">Des Weiteren war er Mitglied im Haupt- und Finanzausschuss, Rechnungspr\u00fcfungs-ausschuss, Sportausschuss, Kulturausschuss, Beirat Krankentransport, Ausschuss f\u00fcr Liegenschaften und Wirtschaftsf\u00f6rderung sowie im Ausschuss f\u00fcr Umwelt, Planung und Klimaschutz.<\/p>\n\n\n\n<p style=\"font-size:17px\">In seiner politischen Arbeit lag ihm besonders das Hagelkreuz am Herzen. Er war von 1999 bis zu seinem Tode Vorsitzender des Ortausschusses Hagelkreuz. Hier hat er sich unerm\u00fcdlich f\u00fcr den Ortsteil eingesetzt.<\/p>\n\n\n\n<p style=\"font-size:17px\">Wir verlieren mit Horst Latzel einen treuen Weggef\u00e4hrten. Sein Andenken werden wir in Ehren halten.<\/p>\n\n\n\n<p style=\"font-size:17px\">Unser Mitgef\u00fchl gilt seiner Frau und seiner Familie.<\/p>\n\n\n\n<figure class=\"wp-block-table is-style-stripes\" style=\"font-size:17px\"><table><tbody><tr><td>Michael Smeets &amp; Willi Stenhorst<\/td><td>Niklas Hell<\/td><\/tr><tr><td>CDU-Fraktion Kempen<\/td><td>CDU-Stadtverband Kempen<\/td><\/tr><\/tbody><\/table><\/figure>\n\n\n\n<p style=\"font-size:17px\"> <br> <br><\/p>\n","protected":false},"excerpt":{"rendered":"<p>Horst Latzel war 50 Jahre Mitglied in der CDU. Von Oktober 1994 bis Mai 2014 geh\u00f6rte er dem Rat der Stadt Kempen an. Dort setzte er sich stets f\u00fcr die Belange der B\u00fcrgerinnen und B\u00fcrger ein. Horst Latzel war jahrelang stellvertretender Vorsitzender im Ausschuss f\u00fcr Ordnungsangelegenheiten, Feuerschutz und Verkehr. Des Weiteren war er Mitglied im [&hellip;]<\/p>\n","protected":false},"author":5,"featured_media":12853,"comment_status":"closed","ping_status":"closed","sticky":false,"template":"","format":"standard","meta":{"_et_pb_use_builder":"","_et_pb_old_content":"","_et_gb_content_width":"","footnotes":""},"categories":[5],"tags":[43],"class_list":["post-12857","post","type-post","status-publish","format-standard","has-post-thumbnail","hentry","category-aktuelles","tag-cdu-kempen"],"_links":{"self":[{"href":"https:\/\/cdu-kempen.de\/index.php\/wp-json\/wp\/v2\/posts\/12857"}],"collection":[{"href":"https:\/\/cdu-kempen.de\/index.php\/wp-json\/wp\/v2\/posts"}],"about":[{"href":"https:\/\/cdu-kempen.de\/index.php\/wp-json\/wp\/v2\/types\/post"}],"author":[{"embeddable":true,"href":"https:\/\/cdu-kempen.de\/index.php\/wp-json\/wp\/v2\/users\/5"}],"replies":[{"embeddable":true,"href":"https:\/\/cdu-kempen.de\/index.php\/wp-json\/wp\/v2\/comments?post=12857"}],"version-history":[{"count":6,"href":"https:\/\/cdu-kempen.de\/index.php\/wp-json\/wp\/v2\/posts\/12857\/revisions"}],"predecessor-version":[{"id":12895,"href":"https:\/\/cdu-kempen.de\/index.php\/wp-json\/wp\/v2\/posts\/12857\/revisions\/12895"}],"wp:featuredmedia":[{"embeddable":true,"href":"https:\/\/cdu-kempen.de\/index.php\/wp-json\/wp\/v2\/media\/12853"}],"wp:attachment":[{"href":"https:\/\/cdu-kempen.de\/index.php\/wp-json\/wp\/v2\/media?parent=12857"}],"wp:term":[{"taxonomy":"category","embeddable":true,"href":"https:\/\/cdu-kempen.de\/index.php\/wp-json\/wp\/v2\/categories?post=12857"},{"taxonomy":"post_tag","embeddable":true,"href":"https:\/\/cdu-kempen.de\/index.php\/wp-json\/wp\/v2\/tags?post=12857"}],"curies":[{"name":"wp","href":"https:\/\/api.w.org\/{rel}","templated":true}]}}