{"id":12860,"date":"2025-08-27T21:03:59","date_gmt":"2025-08-27T21:03:59","guid":{"rendered":"https:\/\/cdu-kempen.de\/?p=12860"},"modified":"2025-08-27T21:04:02","modified_gmt":"2025-08-27T21:04:02","slug":"die-cdu-kempen-trauert-um-heinz-heyer","status":"publish","type":"post","link":"https:\/\/cdu-kempen.de\/index.php\/die-cdu-kempen-trauert-um-heinz-heyer\/","title":{"rendered":"Die CDU Kempen trauert um Heinz Heyer."},"content":{"rendered":"\n<p>Heinz Heyer war 56 Jahre Mitglied in der CDU. Von Mai 1975 bis Mai 2014 geh\u00f6rte er dem Rat der Stadt Kempen an und hat mit viel Engagement die Interessen der B\u00fcrgerinnen und B\u00fcrger vertreten.<\/p>\n\n\n\n<p>Im Jahre 1998 wurde ihm das Bundesverdienstkreuz verliehen.<\/p>\n\n\n\n<p>Ein Jahr sp\u00e4ter wurde ihm die Ratskanne der Stadt Kempen f\u00fcr seine 25-j\u00e4hrige Mitgliedschaft im Rat \u00fcberreicht.<\/p>\n\n\n\n<p>Im Rechnungspr\u00fcfungsausschuss hatte er von 1989 bis 2014 den Vorsitz inne.<\/p>\n\n\n\n<p>Ferner war er Mitglied im Haupt- und Finanzausschuss, Personalausschuss, Ausschuss f\u00fcr Liegenschaften und Wirtschaftsf\u00f6rderung, Ausschuss f\u00fcr Ordnungsangelegenheiten, Feuerschutz und Verkehr, Bau- und Denkmalausschuss sowie im Aufsichtsrat der Stadtwerke Kempen.<\/p>\n\n\n\n<p>Wir verlieren mit Heinz Heyer einen treuen Weggef\u00e4hrten. Sein Andenken werden wir in Ehren halten.<\/p>\n\n\n\n<p>Unser Mitgef\u00fchl gilt seiner Frau und den Angeh\u00f6rigen.<\/p>\n\n\n\n<p>CDU-Fraktion Kempen                                            CDU-Stadtverband Kempen<\/p>\n\n\n\n<p>Michael Smeets &amp; Willi Stenhorst                       Niklas Hell<\/p>\n","protected":false},"excerpt":{"rendered":"<p>Heinz Heyer war 56 Jahre Mitglied in der CDU. Von Mai 1975 bis Mai 2014 geh\u00f6rte er dem Rat der Stadt Kempen an und hat mit viel Engagement die Interessen der B\u00fcrgerinnen und B\u00fcrger vertreten. Im Jahre 1998 wurde ihm das Bundesverdienstkreuz verliehen. Ein Jahr sp\u00e4ter wurde ihm die Ratskanne der Stadt Kempen f\u00fcr seine [&hellip;]<\/p>\n","protected":false},"author":5,"featured_media":12854,"comment_status":"closed","ping_status":"closed","sticky":false,"template":"","format":"standard","meta":{"_et_pb_use_builder":"","_et_pb_old_content":"","_et_gb_content_width":"","footnotes":""},"categories":[5],"tags":[43],"class_list":["post-12860","post","type-post","status-publish","format-standard","has-post-thumbnail","hentry","category-aktuelles","tag-cdu-kempen"],"_links":{"self":[{"href":"https:\/\/cdu-kempen.de\/index.php\/wp-json\/wp\/v2\/posts\/12860"}],"collection":[{"href":"https:\/\/cdu-kempen.de\/index.php\/wp-json\/wp\/v2\/posts"}],"about":[{"href":"https:\/\/cdu-kempen.de\/index.php\/wp-json\/wp\/v2\/types\/post"}],"author":[{"embeddable":true,"href":"https:\/\/cdu-kempen.de\/index.php\/wp-json\/wp\/v2\/users\/5"}],"replies":[{"embeddable":true,"href":"https:\/\/cdu-kempen.de\/index.php\/wp-json\/wp\/v2\/comments?post=12860"}],"version-history":[{"count":1,"href":"https:\/\/cdu-kempen.de\/index.php\/wp-json\/wp\/v2\/posts\/12860\/revisions"}],"predecessor-version":[{"id":12861,"href":"https:\/\/cdu-kempen.de\/index.php\/wp-json\/wp\/v2\/posts\/12860\/revisions\/12861"}],"wp:featuredmedia":[{"embeddable":true,"href":"https:\/\/cdu-kempen.de\/index.php\/wp-json\/wp\/v2\/media\/12854"}],"wp:attachment":[{"href":"https:\/\/cdu-kempen.de\/index.php\/wp-json\/wp\/v2\/media?parent=12860"}],"wp:term":[{"taxonomy":"category","embeddable":true,"href":"https:\/\/cdu-kempen.de\/index.php\/wp-json\/wp\/v2\/categories?post=12860"},{"taxonomy":"post_tag","embeddable":true,"href":"https:\/\/cdu-kempen.de\/index.php\/wp-json\/wp\/v2\/tags?post=12860"}],"curies":[{"name":"wp","href":"https:\/\/api.w.org\/{rel}","templated":true}]}}