{"id":12900,"date":"2025-09-03T13:10:54","date_gmt":"2025-09-03T13:10:54","guid":{"rendered":"https:\/\/cdu-kempen.de\/?p=12900"},"modified":"2025-12-01T21:45:28","modified_gmt":"2025-12-01T21:45:28","slug":"cdu-stadtfuehrung-durch-unsere-altstadt","status":"publish","type":"post","link":"https:\/\/cdu-kempen.de\/index.php\/cdu-stadtfuehrung-durch-unsere-altstadt\/","title":{"rendered":"CDU-Stadtf\u00fchrung durch unsere Altstadt"},"content":{"rendered":"\n<p style=\"font-size:17px\">Am Samstag, dem 30. August, fand ein&nbsp; Stadtrundgang durch die Altstadt mit dem Ortsausschuss Mitte der CDU statt.<\/p>\n\n\n\n<p style=\"font-size:17px\">An der Burg begr\u00fc\u00dfte der Vorsitzende des Ortsausschusses, Frank Lange, die Teilnehmer. Nach Vorstellung der anwesenden CDU-Ratskandidaten, berichtete unsere Kandidatin f\u00fcr diesen Bezirk, Dr. Ina Germes-Dohmen, \u00fcber die Geschichte und Entwicklung vieler Denkm\u00e4ler und ging dabei auch auf die aktuelle Situation ein.<\/p>\n\n\n\n<p style=\"font-size:17px\">So entwickelte sich direkt zu Beginn, an der Burg ein lebhaftes Gespr\u00e4ch \u00fcber die Zukunft der Burg, bei dem auch Ideen zur Finanzierung und Nutzung genannt wurden. Im Laufe des Rundgangs machte Dr. Ina Germes-Dohmen immer wieder klar, dass bei Um- und Neubauten der Charakter der kleinparzelligen Altstadt nicht verloren gehen darf.<\/p>\n\n\n\n<p style=\"font-size:17px\">Was ist an der Bauweise der Fachwerkh\u00e4user in der alten Schulstra\u00dfe besonders? Warum gibt es die Ausbuchtung des Gr\u00fcng\u00fcrtels, auf der das Burgw\u00e4ldchen steht und warum sind das n\u00f6rdliche und das s\u00fcdliche Seitenschiff der Propsteikirche unterschiedlich hoch? Diese und viele weitere Fragen wurden gekl\u00e4rt.<\/p>\n\n\n\n<p style=\"font-size:17px\">Nach gut zwei Stunden brachte es eine der Teilnehmerinnen auf den Punkt: \u201eDass ich noch so viel \u00fcber Kempen lernen k\u00f6nnte, hatte ich nicht gedacht.\u201c&nbsp;&nbsp;<\/p>\n\n\n\n<p style=\"font-size:17px\">Nach der Radtour und den Begehungen im Gewerbegebiet und einzelnen Betrieben zeigte auch dieser Rundgang, dass wir als CDU auf vielen Wegen mit den Menschen ins Gespr\u00e4ch kommen wollen.<\/p>\n\n\n\n<figure class=\"wp-block-gallery has-nested-images columns-default is-cropped wp-block-gallery-1 is-layout-flex wp-block-gallery-is-layout-flex\">\n<figure class=\"wp-block-image size-large\"><img loading=\"lazy\" decoding=\"async\" width=\"1160\" height=\"1160\" data-id=\"12903\" src=\"https:\/\/cdu-kempen.de\/wp-content\/uploads\/2025\/09\/2025-08-30-CDU-Stadtfuehrung-2-1160x1160.jpg\" alt=\"\" class=\"wp-image-12903\" srcset=\"https:\/\/cdu-kempen.de\/wp-content\/uploads\/2025\/09\/2025-08-30-CDU-Stadtfuehrung-2-1160x1160.jpg 1160w, https:\/\/cdu-kempen.de\/wp-content\/uploads\/2025\/09\/2025-08-30-CDU-Stadtfuehrung-2-980x1306.jpg 980w, https:\/\/cdu-kempen.de\/wp-content\/uploads\/2025\/09\/2025-08-30-CDU-Stadtfuehrung-2-480x640.jpg 480w\" sizes=\"(min-width: 0px) and (max-width: 480px) 480px, (min-width: 481px) and (max-width: 980px) 980px, (min-width: 981px) 1160px, 100vw\" \/><\/figure>\n<\/figure>\n\n\n\n<figure class=\"wp-block-image size-large\"><img loading=\"lazy\" decoding=\"async\" width=\"1160\" height=\"1160\" src=\"https:\/\/cdu-kempen.de\/wp-content\/uploads\/2025\/09\/2025-08-30-CDU-Stadtfuehrung-1-1160x1160.jpg\" alt=\"\" class=\"wp-image-12902\" srcset=\"https:\/\/cdu-kempen.de\/wp-content\/uploads\/2025\/09\/2025-08-30-CDU-Stadtfuehrung-1-1160x1160.jpg 1160w, https:\/\/cdu-kempen.de\/wp-content\/uploads\/2025\/09\/2025-08-30-CDU-Stadtfuehrung-1-980x1307.jpg 980w, https:\/\/cdu-kempen.de\/wp-content\/uploads\/2025\/09\/2025-08-30-CDU-Stadtfuehrung-1-480x640.jpg 480w\" sizes=\"(min-width: 0px) and (max-width: 480px) 480px, (min-width: 481px) and (max-width: 980px) 980px, (min-width: 981px) 1160px, 100vw\" \/><\/figure>\n\n\n\n<figure class=\"wp-block-image size-large\"><img loading=\"lazy\" decoding=\"async\" width=\"1160\" height=\"1160\" src=\"https:\/\/cdu-kempen.de\/wp-content\/uploads\/2025\/09\/2025-08-30-CDU-Stadtfuehrung-3-1160x1160.jpg\" alt=\"\" class=\"wp-image-12904\" srcset=\"https:\/\/cdu-kempen.de\/wp-content\/uploads\/2025\/09\/2025-08-30-CDU-Stadtfuehrung-3-980x735.jpg 980w, https:\/\/cdu-kempen.de\/wp-content\/uploads\/2025\/09\/2025-08-30-CDU-Stadtfuehrung-3-480x360.jpg 480w\" sizes=\"(min-width: 0px) and (max-width: 480px) 480px, (min-width: 481px) and (max-width: 980px) 980px, (min-width: 981px) 1160px, 100vw\" \/><\/figure>\n","protected":false},"excerpt":{"rendered":"<p>Am Samstag, dem 30. August, fand ein&nbsp; Stadtrundgang durch die Altstadt mit dem Ortsausschuss Mitte der CDU statt. An der Burg begr\u00fc\u00dfte der Vorsitzende des Ortsausschusses, Frank Lange, die Teilnehmer. Nach Vorstellung der anwesenden CDU-Ratskandidaten, berichtete unsere Kandidatin f\u00fcr diesen Bezirk, Dr. Ina Germes-Dohmen, \u00fcber die Geschichte und Entwicklung vieler Denkm\u00e4ler und ging dabei auch [&hellip;]<\/p>\n","protected":false},"author":5,"featured_media":12899,"comment_status":"closed","ping_status":"closed","sticky":false,"template":"","format":"standard","meta":{"_et_pb_use_builder":"","_et_pb_old_content":"","_et_gb_content_width":"","footnotes":""},"categories":[5],"tags":[43,32,66],"class_list":["post-12900","post","type-post","status-publish","format-standard","has-post-thumbnail","hentry","category-aktuelles","tag-cdu-kempen","tag-cdu-ortsausschuss","tag-kommunalwahl"],"_links":{"self":[{"href":"https:\/\/cdu-kempen.de\/index.php\/wp-json\/wp\/v2\/posts\/12900"}],"collection":[{"href":"https:\/\/cdu-kempen.de\/index.php\/wp-json\/wp\/v2\/posts"}],"about":[{"href":"https:\/\/cdu-kempen.de\/index.php\/wp-json\/wp\/v2\/types\/post"}],"author":[{"embeddable":true,"href":"https:\/\/cdu-kempen.de\/index.php\/wp-json\/wp\/v2\/users\/5"}],"replies":[{"embeddable":true,"href":"https:\/\/cdu-kempen.de\/index.php\/wp-json\/wp\/v2\/comments?post=12900"}],"version-history":[{"count":3,"href":"https:\/\/cdu-kempen.de\/index.php\/wp-json\/wp\/v2\/posts\/12900\/revisions"}],"predecessor-version":[{"id":12906,"href":"https:\/\/cdu-kempen.de\/index.php\/wp-json\/wp\/v2\/posts\/12900\/revisions\/12906"}],"wp:featuredmedia":[{"embeddable":true,"href":"https:\/\/cdu-kempen.de\/index.php\/wp-json\/wp\/v2\/media\/12899"}],"wp:attachment":[{"href":"https:\/\/cdu-kempen.de\/index.php\/wp-json\/wp\/v2\/media?parent=12900"}],"wp:term":[{"taxonomy":"category","embeddable":true,"href":"https:\/\/cdu-kempen.de\/index.php\/wp-json\/wp\/v2\/categories?post=12900"},{"taxonomy":"post_tag","embeddable":true,"href":"https:\/\/cdu-kempen.de\/index.php\/wp-json\/wp\/v2\/tags?post=12900"}],"curies":[{"name":"wp","href":"https:\/\/api.w.org\/{rel}","templated":true}]}}