{"id":12912,"date":"2025-09-05T16:33:29","date_gmt":"2025-09-05T16:33:29","guid":{"rendered":"https:\/\/cdu-kempen.de\/?p=12912"},"modified":"2025-09-05T16:35:08","modified_gmt":"2025-09-05T16:35:08","slug":"gemeinsam-fuer-sicherheit-cdu-kempen-im-dialog-mit-dr-jan-heinisch","status":"publish","type":"post","link":"https:\/\/cdu-kempen.de\/index.php\/gemeinsam-fuer-sicherheit-cdu-kempen-im-dialog-mit-dr-jan-heinisch\/","title":{"rendered":"Gemeinsam f\u00fcr Sicherheit: CDU-Kempen im Dialog mit Dr. Jan Heinisch"},"content":{"rendered":"\n<p style=\"font-size:18px\">Der CDU-Stadtverband Kempen begr\u00fc\u00dfte den stellvertretenden Vorsitzenden der CDU-Landtagsfraktion, <strong>Dr. Jan Heinisch<\/strong>, in T\u00f6nisberg. Unter dem Motto \u201eGemeinsam f\u00fcr Sicherheit\u201c sprach er \u00fcber die aktuellen Herausforderungen im Brand- und Katastrophenschutz sowie die Bedeutung von Bev\u00f6lkerungsschutzzentren und stellte konkrete Bez\u00fcge zu Kempen und dem Kreis Viersen her.<\/p>\n\n\n\n<p style=\"font-size:18px\"><strong>Niklas Hell, Vorsitzender des CDU-Stadtverbandes Kempen, erkl\u00e4rte:<\/strong><br><em>\u201eDie Veranstaltung mit Dr. Jan Heinisch hat deutlich gemacht, dass Sicherheit und Katastrophenschutz f\u00fcr die Menschen in Kempen zentrale Themen sind. Als CDU ist es unser Anspruch, unsere Feuerwehr ebenso wie die vielen weiteren Hilfs- und Rettungsorganisationen sowie alle Ehrenamtlichen bestm\u00f6glich zu unterst\u00fctzen.\u201c<\/em> Mit diesem Abend setzte die CDU-Kempen ein klares Zeichen f\u00fcr Sicherheit, Verl\u00e4sslichkeit und eine starke Unterst\u00fctzung des Ehrenamts.<\/p>\n\n\n\n<figure class=\"wp-block-gallery has-nested-images columns-default is-cropped wp-block-gallery-1 is-layout-flex wp-block-gallery-is-layout-flex\">\n<figure class=\"wp-block-image size-large\"><img loading=\"lazy\" decoding=\"async\" width=\"1160\" height=\"1160\" data-id=\"12908\" src=\"https:\/\/cdu-kempen.de\/wp-content\/uploads\/2025\/09\/2025-09-01-Bevoelkerungsschutz_1-1160x1160.jpg\" alt=\"\" class=\"wp-image-12908\" srcset=\"https:\/\/cdu-kempen.de\/wp-content\/uploads\/2025\/09\/2025-09-01-Bevoelkerungsschutz_1-980x838.jpg 980w, https:\/\/cdu-kempen.de\/wp-content\/uploads\/2025\/09\/2025-09-01-Bevoelkerungsschutz_1-480x410.jpg 480w\" sizes=\"(min-width: 0px) and (max-width: 480px) 480px, (min-width: 481px) and (max-width: 980px) 980px, (min-width: 981px) 1160px, 100vw\" \/><\/figure>\n\n\n\n<figure class=\"wp-block-image size-large\"><img loading=\"lazy\" decoding=\"async\" width=\"1160\" height=\"1160\" data-id=\"12909\" src=\"https:\/\/cdu-kempen.de\/wp-content\/uploads\/2025\/09\/2025-09-01-Bevoelkerungsschutz_2-1160x1160.jpg\" alt=\"\" class=\"wp-image-12909\" srcset=\"https:\/\/cdu-kempen.de\/wp-content\/uploads\/2025\/09\/2025-09-01-Bevoelkerungsschutz_2-1160x1160.jpg 1160w, https:\/\/cdu-kempen.de\/wp-content\/uploads\/2025\/09\/2025-09-01-Bevoelkerungsschutz_2-980x1307.jpg 980w, https:\/\/cdu-kempen.de\/wp-content\/uploads\/2025\/09\/2025-09-01-Bevoelkerungsschutz_2-480x640.jpg 480w\" sizes=\"(min-width: 0px) and (max-width: 480px) 480px, (min-width: 481px) and (max-width: 980px) 980px, (min-width: 981px) 1160px, 100vw\" \/><\/figure>\n\n\n\n<figure class=\"wp-block-image size-large\"><img loading=\"lazy\" decoding=\"async\" width=\"1160\" height=\"1045\" data-id=\"12911\" src=\"https:\/\/cdu-kempen.de\/wp-content\/uploads\/2025\/09\/2025-09-01-Bevoelkerungsschutz_4-1160x1045.jpg\" alt=\"\" class=\"wp-image-12911\" srcset=\"https:\/\/cdu-kempen.de\/wp-content\/uploads\/2025\/09\/2025-09-01-Bevoelkerungsschutz_4-980x640.jpg 980w, https:\/\/cdu-kempen.de\/wp-content\/uploads\/2025\/09\/2025-09-01-Bevoelkerungsschutz_4-480x314.jpg 480w\" sizes=\"(min-width: 0px) and (max-width: 480px) 480px, (min-width: 481px) and (max-width: 980px) 980px, (min-width: 981px) 1160px, 100vw\" \/><\/figure>\n\n\n\n<figure class=\"wp-block-image size-large\"><img loading=\"lazy\" decoding=\"async\" width=\"1160\" height=\"973\" data-id=\"12910\" src=\"https:\/\/cdu-kempen.de\/wp-content\/uploads\/2025\/09\/2025-09-01-Bevoelkerungsschutz_3-1160x973.jpg\" alt=\"\" class=\"wp-image-12910\" srcset=\"https:\/\/cdu-kempen.de\/wp-content\/uploads\/2025\/09\/2025-09-01-Bevoelkerungsschutz_3-980x619.jpg 980w, https:\/\/cdu-kempen.de\/wp-content\/uploads\/2025\/09\/2025-09-01-Bevoelkerungsschutz_3-480x303.jpg 480w\" sizes=\"(min-width: 0px) and (max-width: 480px) 480px, (min-width: 481px) and (max-width: 980px) 980px, (min-width: 981px) 1160px, 100vw\" \/><\/figure>\n\n\n\n<figure class=\"wp-block-image size-large\"><img loading=\"lazy\" decoding=\"async\" width=\"1160\" height=\"1160\" data-id=\"12907\" src=\"https:\/\/cdu-kempen.de\/wp-content\/uploads\/2025\/09\/2025-09-01-Bevoelkerungsschutz_5-1160x1160.jpg\" alt=\"\" class=\"wp-image-12907\" srcset=\"https:\/\/cdu-kempen.de\/wp-content\/uploads\/2025\/09\/2025-09-01-Bevoelkerungsschutz_5-980x766.jpg 980w, https:\/\/cdu-kempen.de\/wp-content\/uploads\/2025\/09\/2025-09-01-Bevoelkerungsschutz_5-480x375.jpg 480w\" sizes=\"(min-width: 0px) and (max-width: 480px) 480px, (min-width: 481px) and (max-width: 980px) 980px, (min-width: 981px) 1160px, 100vw\" \/><\/figure>\n<\/figure>\n","protected":false},"excerpt":{"rendered":"<p>Der CDU-Stadtverband Kempen begr\u00fc\u00dfte den stellvertretenden Vorsitzenden der CDU-Landtagsfraktion, Dr. Jan Heinisch, in T\u00f6nisberg. Unter dem Motto \u201eGemeinsam f\u00fcr Sicherheit\u201c sprach er \u00fcber die aktuellen Herausforderungen im Brand- und Katastrophenschutz sowie die Bedeutung von Bev\u00f6lkerungsschutzzentren und stellte konkrete Bez\u00fcge zu Kempen und dem Kreis Viersen her. Niklas Hell, Vorsitzender des CDU-Stadtverbandes Kempen, erkl\u00e4rte:\u201eDie Veranstaltung mit [&hellip;]<\/p>\n","protected":false},"author":5,"featured_media":12909,"comment_status":"closed","ping_status":"closed","sticky":false,"template":"","format":"standard","meta":{"_et_pb_use_builder":"","_et_pb_old_content":"","_et_gb_content_width":"","footnotes":""},"categories":[5,4,29],"tags":[43,66,31],"class_list":["post-12912","post","type-post","status-publish","format-standard","has-post-thumbnail","hentry","category-aktuelles","category-allgemeines","category-landrat","tag-cdu-kempen","tag-kommunalwahl","tag-toenisberg"],"_links":{"self":[{"href":"https:\/\/cdu-kempen.de\/index.php\/wp-json\/wp\/v2\/posts\/12912"}],"collection":[{"href":"https:\/\/cdu-kempen.de\/index.php\/wp-json\/wp\/v2\/posts"}],"about":[{"href":"https:\/\/cdu-kempen.de\/index.php\/wp-json\/wp\/v2\/types\/post"}],"author":[{"embeddable":true,"href":"https:\/\/cdu-kempen.de\/index.php\/wp-json\/wp\/v2\/users\/5"}],"replies":[{"embeddable":true,"href":"https:\/\/cdu-kempen.de\/index.php\/wp-json\/wp\/v2\/comments?post=12912"}],"version-history":[{"count":2,"href":"https:\/\/cdu-kempen.de\/index.php\/wp-json\/wp\/v2\/posts\/12912\/revisions"}],"predecessor-version":[{"id":12914,"href":"https:\/\/cdu-kempen.de\/index.php\/wp-json\/wp\/v2\/posts\/12912\/revisions\/12914"}],"wp:featuredmedia":[{"embeddable":true,"href":"https:\/\/cdu-kempen.de\/index.php\/wp-json\/wp\/v2\/media\/12909"}],"wp:attachment":[{"href":"https:\/\/cdu-kempen.de\/index.php\/wp-json\/wp\/v2\/media?parent=12912"}],"wp:term":[{"taxonomy":"category","embeddable":true,"href":"https:\/\/cdu-kempen.de\/index.php\/wp-json\/wp\/v2\/categories?post=12912"},{"taxonomy":"post_tag","embeddable":true,"href":"https:\/\/cdu-kempen.de\/index.php\/wp-json\/wp\/v2\/tags?post=12912"}],"curies":[{"name":"wp","href":"https:\/\/api.w.org\/{rel}","templated":true}]}}