{"id":12956,"date":"2025-10-05T20:18:55","date_gmt":"2025-10-05T20:18:55","guid":{"rendered":"https:\/\/cdu-kempen.de\/?p=12956"},"modified":"2025-12-01T21:46:55","modified_gmt":"2025-12-01T21:46:55","slug":"cdu-fraktion-stellt-weichen-fuer-kommende-wahlperiode","status":"publish","type":"post","link":"https:\/\/cdu-kempen.de\/index.php\/cdu-fraktion-stellt-weichen-fuer-kommende-wahlperiode\/","title":{"rendered":"CDU-Fraktion Kempen w\u00e4hlt Vorstand und startet gest\u00e4rkt in die neue Wahlperiode"},"content":{"rendered":"\n<p style=\"font-size:17px\">Die CDU-Fraktion Kempen hat ihren Vorstand f\u00fcr die kommende Wahlperiode bestimmt und setzt dabei bewusst auf Kontinuit\u00e4t. An der Spitze stehen weiterhin die Fraktionsvorsitzenden <strong>Willi Stenhorst<\/strong> und <strong>Michael Smeets<\/strong>, die erneut das Vertrauen der Fraktion erhalten haben. Ihnen zur Seite stehen <strong>Stefanie Beyss<\/strong> und <strong>Gerd-Wilhelm St\u00fcckemann<\/strong> als stellvertretende Vorsitzende. <strong>Hans-Willi Schmitz<\/strong> f\u00fchrt seine Arbeit als Gesch\u00e4ftsf\u00fchrer fort, erg\u00e4nzt wird das Team durch <strong>Dr. Gero Scheiermann<\/strong> als Beisitzer. Auch Parteivorsitzender <strong>Niklas Hell<\/strong> ist Teil des Fraktionsvorstands.<\/p>\n\n\n\n<p style=\"font-size:17px\">Mit dem Ergebnis der Kommunalwahl ist die CDU Kempen als deutliche Siegerin hervorgegangen und stellt die st\u00e4rkste Kraft im Stadtrat. Das Votum der B\u00fcrgerinnen und B\u00fcrger ist ein klares Zeichen des Vertrauens in unsere Kandidatinnen und Kandidaten sowie in die Arbeit der CDU vor Ort.<\/p>\n\n\n\n<p style=\"font-size:17px\">Vor diesem Hintergrund blickt die Fraktionsspitze zuversichtlich nach vorn: Die kommenden Jahre bringen anspruchsvolle Entscheidungen in herausfordernden Zeiten mit sich. \u201eAls starkes Team in der Fraktion wollen wir die Herausforderungen meistern und die Erwartungen der Kempener B\u00fcrgerinnen und B\u00fcrger an unsere Arbeit erf\u00fcllen\u201c, betonen die wiedergew\u00e4hlten Vorsitzenden Willi Stenhorst und Michael Smeets.<\/p>\n\n\n\n<p style=\"font-size:17px\">Der neue Vorstand wird nun die Gespr\u00e4che mit den \u00fcbrigen Fraktionen im Rat aufnehmen, um die Organisation des neuen Stadtrates vorzubereiten.<\/p>\n\n\n\n<p style=\"font-size:17px\"><\/p>\n\n\n\n<figure class=\"wp-block-image size-large\"><img loading=\"lazy\" decoding=\"async\" width=\"1160\" height=\"1160\" src=\"https:\/\/cdu-kempen.de\/wp-content\/uploads\/2025\/10\/2025-09-24-Fraktionsvorstand_1-1160x1160.jpg\" alt=\"\" class=\"wp-image-12942\" srcset=\"https:\/\/cdu-kempen.de\/wp-content\/uploads\/2025\/10\/2025-09-24-Fraktionsvorstand_1-980x1307.jpg 980w, https:\/\/cdu-kempen.de\/wp-content\/uploads\/2025\/10\/2025-09-24-Fraktionsvorstand_1-480x640.jpg 480w\" sizes=\"(min-width: 0px) and (max-width: 480px) 480px, (min-width: 481px) and (max-width: 980px) 980px, (min-width: 981px) 1160px, 100vw\" \/><\/figure>\n","protected":false},"excerpt":{"rendered":"<p>Die CDU-Fraktion Kempen hat ihren Vorstand f\u00fcr die kommende Wahlperiode bestimmt und setzt dabei bewusst auf Kontinuit\u00e4t. An der Spitze stehen weiterhin die Fraktionsvorsitzenden Willi Stenhorst und Michael Smeets, die erneut das Vertrauen der Fraktion erhalten haben. Ihnen zur Seite stehen Stefanie Beyss und Gerd-Wilhelm St\u00fcckemann als stellvertretende Vorsitzende. Hans-Willi Schmitz f\u00fchrt seine Arbeit als [&hellip;]<\/p>\n","protected":false},"author":5,"featured_media":12945,"comment_status":"closed","ping_status":"closed","sticky":false,"template":"","format":"standard","meta":{"_et_pb_use_builder":"","_et_pb_old_content":"","_et_gb_content_width":"","footnotes":""},"categories":[5],"tags":[43,63,66],"class_list":["post-12956","post","type-post","status-publish","format-standard","has-post-thumbnail","hentry","category-aktuelles","tag-cdu-kempen","tag-cdu-ratsfraktion","tag-kommunalwahl"],"_links":{"self":[{"href":"https:\/\/cdu-kempen.de\/index.php\/wp-json\/wp\/v2\/posts\/12956"}],"collection":[{"href":"https:\/\/cdu-kempen.de\/index.php\/wp-json\/wp\/v2\/posts"}],"about":[{"href":"https:\/\/cdu-kempen.de\/index.php\/wp-json\/wp\/v2\/types\/post"}],"author":[{"embeddable":true,"href":"https:\/\/cdu-kempen.de\/index.php\/wp-json\/wp\/v2\/users\/5"}],"replies":[{"embeddable":true,"href":"https:\/\/cdu-kempen.de\/index.php\/wp-json\/wp\/v2\/comments?post=12956"}],"version-history":[{"count":6,"href":"https:\/\/cdu-kempen.de\/index.php\/wp-json\/wp\/v2\/posts\/12956\/revisions"}],"predecessor-version":[{"id":12964,"href":"https:\/\/cdu-kempen.de\/index.php\/wp-json\/wp\/v2\/posts\/12956\/revisions\/12964"}],"wp:featuredmedia":[{"embeddable":true,"href":"https:\/\/cdu-kempen.de\/index.php\/wp-json\/wp\/v2\/media\/12945"}],"wp:attachment":[{"href":"https:\/\/cdu-kempen.de\/index.php\/wp-json\/wp\/v2\/media?parent=12956"}],"wp:term":[{"taxonomy":"category","embeddable":true,"href":"https:\/\/cdu-kempen.de\/index.php\/wp-json\/wp\/v2\/categories?post=12956"},{"taxonomy":"post_tag","embeddable":true,"href":"https:\/\/cdu-kempen.de\/index.php\/wp-json\/wp\/v2\/tags?post=12956"}],"curies":[{"name":"wp","href":"https:\/\/api.w.org\/{rel}","templated":true}]}}