{"id":12990,"date":"2025-11-11T10:31:36","date_gmt":"2025-11-11T10:31:36","guid":{"rendered":"https:\/\/cdu-kempen.de\/?p=12990"},"modified":"2025-11-11T21:04:05","modified_gmt":"2025-11-11T21:04:05","slug":"cdu-kempen-trauert-um-alt-buergermeister-karl-heinz-hermans","status":"publish","type":"post","link":"https:\/\/cdu-kempen.de\/index.php\/cdu-kempen-trauert-um-alt-buergermeister-karl-heinz-hermans\/","title":{"rendered":"CDU Kempen trauert um Alt-B\u00fcrgermeister Karl-Heinz Hermans"},"content":{"rendered":"\n<p class=\"has-black-color has-text-color has-link-color wp-elements-a9d0cf7f0c800d3c57a05ebac26dc2c4\" style=\"font-size:17px\">Die CDU Kempen trauert um ihren langj\u00e4hrigen Mitstreiter, fr\u00fcheren B\u00fcrgermeister und Ehrenb\u00fcrger der Stadt Karl-Heinz Hermans, der im Alter von 96 Jahren verstorben ist. Mit ihm verliert Kempen eine Pers\u00f6nlichkeit, die das Gesicht unserer Stadt und unserer Partei \u00fcber Jahrzehnte gepr\u00e4gt hat.<\/p>\n\n\n\n<p class=\"has-black-color has-text-color has-link-color wp-elements-df1439be504b72c5499ee5aedc7560cc\" style=\"font-size:17px\"><strong>Ein Leben im Dienst der Menschen und seiner Heimatstadt<\/strong><\/p>\n\n\n\n<p class=\"has-black-color has-text-color has-link-color wp-elements-ecabcd4e26b941afa45f5654ff7bfa95\" style=\"font-size:17px\">Mehr als 30 Jahre lang war Karl-Heinz Hermans Mitglied des Rates der Stadt Kempen und hat in dieser Zeit mit Tatkraft, Verantwortungsbewusstsein und gro\u00dfem Herz f\u00fcr die Menschen gewirkt. Von 1989 bis 1999 stand er als ehrenamtlicher B\u00fcrgermeister an der Spitze der Stadt, sp\u00e4ter war er bis 2009 erster stellvertretender B\u00fcrgermeister. In all seinen \u00c4mtern war er ein verl\u00e4sslicher Ansprechpartner und gesch\u00e4tzter Vermittler, dem das Wohl der B\u00fcrgerinnen und B\u00fcrger immer wichtiger war als parteipolitisches Kalk\u00fcl.<\/p>\n\n\n\n<p class=\"has-black-color has-text-color has-link-color wp-elements-cdab6bec2519ad5b6aae8b6bb51d5dad\" style=\"font-size:17px\">Doch auch jenseits seiner politischen \u00c4mter pr\u00e4gte Hermans das Leben in Kempen wie kaum ein anderer. Ob im Vereinswesen, im Karneval oder im St.-Martins-Verein \u2013 er engagierte sich mit Leidenschaft und Herzlichkeit f\u00fcr das Miteinander in seiner Heimatstadt.<\/p>\n\n\n\n<p class=\"has-black-color has-text-color has-link-color wp-elements-90821e87a39e9880b1c123b5620bf176\" style=\"font-size:17px\"><strong>\u201eEin Mensch mit Herz, Humor und Haltung\u201c<\/strong><\/p>\n\n\n\n<p class=\"has-black-color has-text-color has-link-color wp-elements-63cd5e38420c47f7db535db60b79f736\" style=\"font-size:17px\">\u201eMit Karl-Heinz Hermans verliert Kempen einen Menschen, der sich auf einzigartige Weise um unsere Stadt und auch um die CDU verdient gemacht hat\u201c, erkl\u00e4rt Niklas Hell, Stadtverbandsvorsitzender der CDU Kempen. \u201eEr war jemand, der mit anpackte, der Menschen zusammenbrachte und immer ein offenes Ohr hatte. Sein Humor, seine Herzlichkeit und seine Ehrlichkeit werden uns in Erinnerung bleiben.\u201c<\/p>\n\n\n\n<p class=\"has-black-color has-text-color has-link-color wp-elements-1879f0900d123322a527777e73b37391\" style=\"font-size:17px\">In diesem Jahr konnte Karl-Heinz Hermans die Ehrung f\u00fcr seine 50-j\u00e4hrige Mitgliedschaft in der CDU entgegennehmen \u2013 ein eindrucksvolles Zeichen seiner Treue und seiner jahrzehntelangen Verbundenheit mit der Partei.<\/p>\n\n\n\n<p class=\"has-black-color has-text-color has-link-color wp-elements-337d689966d5b04ad9ab94db978e68e4\" style=\"font-size:17px\"><strong>Dankbarkeit und Vorbild f\u00fcr kommende Generationen<\/strong><\/p>\n\n\n\n<p class=\"has-black-color has-text-color has-link-color wp-elements-40175466c107a40c71a42b6d9b6af750\" style=\"font-size:17px\">\u201eKarl-Heinz Hermans war ein Vorbild an Bodenst\u00e4ndigkeit und Gemeinsinn\u201c, betont Michael Smeets, Fraktionsvorsitzender der CDU Kempen. \u201eEr hat gezeigt, dass Politik dann am besten funktioniert, wenn sie von Menschlichkeit und Verantwortung getragen wird. Seine Spuren werden in Kempen noch lange sichtbar bleiben.\u201c<\/p>\n\n\n\n<p class=\"has-black-color has-text-color has-link-color wp-elements-c32d5a5df8c315f829bf8b968409519e\" style=\"font-size:17px\">Auch Willi Stenhorst, ebenfalls Fraktionsvorsitzender der CDU Kempen, erinnert sich dankbar: \u201eF\u00fcr viele von uns war Karl-Heinz Hermans eine feste Gr\u00f6\u00dfe \u2013 jemand, der Mut machte, sich einzubringen, und der immer ein gutes Wort fand. Sein Engagement bleibt f\u00fcr uns Ansporn und Verpflichtung zugleich.\u201c<\/p>\n\n\n\n<p class=\"has-black-color has-text-color has-link-color wp-elements-2a3fd2c6d3789a588611d3a75f0b93e3\" style=\"font-size:17px\">Erg\u00e4nzend betont Dr. Marcus Optendrenk, Kreisvorsitzender der CDU:<br>\u201eKarl-Heinz Hermans war \u00fcber viele Jahrzehnte ein Gesicht der CDU im Kreis Viersen. Mit seiner menschlichen Art, seiner Verl\u00e4sslichkeit und seinem Einsatz f\u00fcr Kempen und die Menschen vor Ort hat er unsere Werte authentisch verk\u00f6rpert. Sein Wirken und seine Haltung werden uns in dankbarer Erinnerung bleiben.\u201c<\/p>\n\n\n\n<p class=\"has-black-color has-text-color has-link-color wp-elements-3b84730f50eb1e37ea3d1aa264f8fd82\" style=\"font-size:17px\"><strong>Ein Abschied in tiefer Dankbarkeit<\/strong><\/p>\n\n\n\n<p class=\"has-black-color has-text-color has-link-color wp-elements-ccfb93d8bbca8e2a37ec61a1035a6092\" style=\"font-size:17px\">Die CDU Kempen verneigt sich in Dankbarkeit vor einem Mann, der \u00fcber Jahrzehnte f\u00fcr seine Stadt und seine Mitmenschen gewirkt hat. Unser tiefes Mitgef\u00fchl gilt seiner Familie und allen, die ihm nahe standen.<\/p>\n\n\n\n<p class=\"has-black-color has-text-color has-link-color wp-elements-1de91cd534570e886018a7c9c7935441\" style=\"font-size:17px\">\u201eKarl-Heinz Hermans hat Kempen gepr\u00e4gt \u2013 nicht nur durch seine \u00c4mter, sondern durch seine Art, Mensch zu sein\u201c, so Niklas Hell abschlie\u00dfend. \u201eWir werden ihn in ehrender Erinnerung behalten.\u201c<\/p>\n\n\n\n<p><\/p>\n\n\n\n<figure class=\"wp-block-image size-large\"><img loading=\"lazy\" decoding=\"async\" width=\"1160\" height=\"1160\" src=\"https:\/\/cdu-kempen.de\/wp-content\/uploads\/2025\/11\/Hermanns-Karl-Heinz_sw-1160x1160.jpg\" alt=\"\" class=\"wp-image-12989\" srcset=\"https:\/\/cdu-kempen.de\/wp-content\/uploads\/2025\/11\/Hermanns-Karl-Heinz_sw-980x743.jpg 980w, https:\/\/cdu-kempen.de\/wp-content\/uploads\/2025\/11\/Hermanns-Karl-Heinz_sw-480x364.jpg 480w\" sizes=\"(min-width: 0px) and (max-width: 480px) 480px, (min-width: 481px) and (max-width: 980px) 980px, (min-width: 981px) 1160px, 100vw\" \/><\/figure>\n","protected":false},"excerpt":{"rendered":"<p>Die CDU Kempen trauert um ihren langj\u00e4hrigen Mitstreiter, fr\u00fcheren B\u00fcrgermeister und Ehrenb\u00fcrger der Stadt Karl-Heinz Hermans, der im Alter von 96 Jahren verstorben ist. Mit ihm verliert Kempen eine Pers\u00f6nlichkeit, die das Gesicht unserer Stadt und unserer Partei \u00fcber Jahrzehnte gepr\u00e4gt hat. Ein Leben im Dienst der Menschen und seiner Heimatstadt Mehr als 30 Jahre [&hellip;]<\/p>\n","protected":false},"author":5,"featured_media":12989,"comment_status":"closed","ping_status":"closed","sticky":false,"template":"","format":"standard","meta":{"_et_pb_use_builder":"","_et_pb_old_content":"","_et_gb_content_width":"","footnotes":""},"categories":[5],"tags":[43,88],"class_list":["post-12990","post","type-post","status-publish","format-standard","has-post-thumbnail","hentry","category-aktuelles","tag-cdu-kempen","tag-hermans"],"_links":{"self":[{"href":"https:\/\/cdu-kempen.de\/index.php\/wp-json\/wp\/v2\/posts\/12990"}],"collection":[{"href":"https:\/\/cdu-kempen.de\/index.php\/wp-json\/wp\/v2\/posts"}],"about":[{"href":"https:\/\/cdu-kempen.de\/index.php\/wp-json\/wp\/v2\/types\/post"}],"author":[{"embeddable":true,"href":"https:\/\/cdu-kempen.de\/index.php\/wp-json\/wp\/v2\/users\/5"}],"replies":[{"embeddable":true,"href":"https:\/\/cdu-kempen.de\/index.php\/wp-json\/wp\/v2\/comments?post=12990"}],"version-history":[{"count":4,"href":"https:\/\/cdu-kempen.de\/index.php\/wp-json\/wp\/v2\/posts\/12990\/revisions"}],"predecessor-version":[{"id":12995,"href":"https:\/\/cdu-kempen.de\/index.php\/wp-json\/wp\/v2\/posts\/12990\/revisions\/12995"}],"wp:featuredmedia":[{"embeddable":true,"href":"https:\/\/cdu-kempen.de\/index.php\/wp-json\/wp\/v2\/media\/12989"}],"wp:attachment":[{"href":"https:\/\/cdu-kempen.de\/index.php\/wp-json\/wp\/v2\/media?parent=12990"}],"wp:term":[{"taxonomy":"category","embeddable":true,"href":"https:\/\/cdu-kempen.de\/index.php\/wp-json\/wp\/v2\/categories?post=12990"},{"taxonomy":"post_tag","embeddable":true,"href":"https:\/\/cdu-kempen.de\/index.php\/wp-json\/wp\/v2\/tags?post=12990"}],"curies":[{"name":"wp","href":"https:\/\/api.w.org\/{rel}","templated":true}]}}