{"id":13050,"date":"2025-11-28T15:47:37","date_gmt":"2025-11-28T15:47:37","guid":{"rendered":"https:\/\/cdu-kempen.de\/?p=13050"},"modified":"2025-11-28T15:48:37","modified_gmt":"2025-11-28T15:48:37","slug":"stellvertretende-buergermeister-der-cdu-fraktion-kempen-2","status":"publish","type":"post","link":"https:\/\/cdu-kempen.de\/index.php\/stellvertretende-buergermeister-der-cdu-fraktion-kempen-2\/","title":{"rendered":"Stellvertretende B\u00fcrgermeister der CDU-Fraktion Kempen"},"content":{"rendered":"\n<p>In der Ratssitzung am 25.11.2025 wurden die stellvertretenden B\u00fcrgermeister vom neuen Rat der Stadt Kempen gew\u00e4hlt. Hierbei setzt die CDU Kempen auf Kontinuit\u00e4t:<\/p>\n\n\n\n<p>Zum ersten stellvertretenden B\u00fcrgermeister wurde erneut Hans-Peter van der Bloemen und zum zweiten stellvertretenden B\u00fcrgermeister Willi Stenhorst gew\u00e4hlt.<\/p>\n\n\n\n<figure class=\"wp-block-image size-large\"><img loading=\"lazy\" decoding=\"async\" width=\"1080\" height=\"1160\" src=\"https:\/\/cdu-kempen.de\/wp-content\/uploads\/2025\/11\/2025-11-25-stv.BM-CDU-Kempen-1080x1160.jpg\" alt=\"\" class=\"wp-image-13047\" srcset=\"https:\/\/cdu-kempen.de\/wp-content\/uploads\/2025\/11\/2025-11-25-stv.BM-CDU-Kempen-1080x1160.jpg 1080w, https:\/\/cdu-kempen.de\/wp-content\/uploads\/2025\/11\/2025-11-25-stv.BM-CDU-Kempen-980x1213.jpg 980w, https:\/\/cdu-kempen.de\/wp-content\/uploads\/2025\/11\/2025-11-25-stv.BM-CDU-Kempen-480x594.jpg 480w\" sizes=\"(min-width: 0px) and (max-width: 480px) 480px, (min-width: 481px) and (max-width: 980px) 980px, (min-width: 981px) 1080px, 100vw\" \/><\/figure>\n","protected":false},"excerpt":{"rendered":"<p>In der Ratssitzung am 25.11.2025 wurden die stellvertretenden B\u00fcrgermeister vom neuen Rat der Stadt Kempen gew\u00e4hlt. Hierbei setzt die CDU Kempen auf Kontinuit\u00e4t: Zum ersten stellvertretenden B\u00fcrgermeister wurde erneut Hans-Peter van der Bloemen und zum zweiten stellvertretenden B\u00fcrgermeister Willi Stenhorst gew\u00e4hlt.<\/p>\n","protected":false},"author":5,"featured_media":13047,"comment_status":"closed","ping_status":"closed","sticky":false,"template":"","format":"standard","meta":{"_et_pb_use_builder":"","_et_pb_old_content":"","_et_gb_content_width":"","footnotes":""},"categories":[5],"tags":[43,72,89],"class_list":["post-13050","post","type-post","status-publish","format-standard","has-post-thumbnail","hentry","category-aktuelles","tag-cdu-kempen","tag-cdu-fraktion-ke","tag-stv-buergermeister"],"_links":{"self":[{"href":"https:\/\/cdu-kempen.de\/index.php\/wp-json\/wp\/v2\/posts\/13050"}],"collection":[{"href":"https:\/\/cdu-kempen.de\/index.php\/wp-json\/wp\/v2\/posts"}],"about":[{"href":"https:\/\/cdu-kempen.de\/index.php\/wp-json\/wp\/v2\/types\/post"}],"author":[{"embeddable":true,"href":"https:\/\/cdu-kempen.de\/index.php\/wp-json\/wp\/v2\/users\/5"}],"replies":[{"embeddable":true,"href":"https:\/\/cdu-kempen.de\/index.php\/wp-json\/wp\/v2\/comments?post=13050"}],"version-history":[{"count":1,"href":"https:\/\/cdu-kempen.de\/index.php\/wp-json\/wp\/v2\/posts\/13050\/revisions"}],"predecessor-version":[{"id":13051,"href":"https:\/\/cdu-kempen.de\/index.php\/wp-json\/wp\/v2\/posts\/13050\/revisions\/13051"}],"wp:featuredmedia":[{"embeddable":true,"href":"https:\/\/cdu-kempen.de\/index.php\/wp-json\/wp\/v2\/media\/13047"}],"wp:attachment":[{"href":"https:\/\/cdu-kempen.de\/index.php\/wp-json\/wp\/v2\/media?parent=13050"}],"wp:term":[{"taxonomy":"category","embeddable":true,"href":"https:\/\/cdu-kempen.de\/index.php\/wp-json\/wp\/v2\/categories?post=13050"},{"taxonomy":"post_tag","embeddable":true,"href":"https:\/\/cdu-kempen.de\/index.php\/wp-json\/wp\/v2\/tags?post=13050"}],"curies":[{"name":"wp","href":"https:\/\/api.w.org\/{rel}","templated":true}]}}