{"id":13066,"date":"2025-12-03T12:17:16","date_gmt":"2025-12-03T12:17:16","guid":{"rendered":"https:\/\/cdu-kempen.de\/?p=13066"},"modified":"2025-12-03T12:17:18","modified_gmt":"2025-12-03T12:17:18","slug":"stimmungsvoller-martinskaffee-im-haus-wiesengrund","status":"publish","type":"post","link":"https:\/\/cdu-kempen.de\/index.php\/stimmungsvoller-martinskaffee-im-haus-wiesengrund\/","title":{"rendered":"Stimmungsvoller Martinskaffee im Haus Wiesengrund"},"content":{"rendered":"\n<p>Im November fand im Haus Wiesengrund der CDU-Martinskaffee rund um den St.-Martins-Tag statt. Zahlreiche Mitglieder folgten der Einladung und verbrachten gemeinsam einen gem\u00fctlichen Nachmittag in angenehmer Atmosph\u00e4re.<\/p>\n\n\n\n<p>Nach einer herzlichen Begr\u00fc\u00dfung durch unsere stellvertretende Parteivorsitzende <strong>Ramona Peters<\/strong> folgte ein aktueller Bericht von <strong>Steffi Beyss<\/strong>, Vorsitzende des Stadtentwicklungsausschusses, zum Stand des Baugebiets Kempener Westen. Dabei entwickelte sich ein lebendiger und konstruktiver Austausch, der einmal mehr zeigte, wie engagiert und interessiert sich unsere Mitglieder in die kommunalpolitischen Themen einbringen.<\/p>\n\n\n\n<p>Die CDU Kempen bedankt sich herzlich bei allen Teilnehmenden f\u00fcr den regen Dialog und die wertvollen Impulse.<br>Wir freuen uns schon auf das n\u00e4chste Wiedersehen beim Martinskaffee im kommenden Jahr.<\/p>\n\n\n\n<p><\/p>\n\n\n\n<figure class=\"wp-block-gallery has-nested-images columns-default is-cropped wp-block-gallery-1 is-layout-flex wp-block-gallery-is-layout-flex\">\n<figure class=\"wp-block-image size-large\"><img loading=\"lazy\" decoding=\"async\" width=\"1160\" height=\"1160\" data-id=\"13063\" src=\"https:\/\/cdu-kempen.de\/wp-content\/uploads\/2025\/12\/2025-12-01-Martinskaffe_1-1160x1160.jpg\" alt=\"\" class=\"wp-image-13063\" srcset=\"https:\/\/cdu-kempen.de\/wp-content\/uploads\/2025\/12\/2025-12-01-Martinskaffe_1-980x1302.jpg 980w, https:\/\/cdu-kempen.de\/wp-content\/uploads\/2025\/12\/2025-12-01-Martinskaffe_1-480x638.jpg 480w\" sizes=\"(min-width: 0px) and (max-width: 480px) 480px, (min-width: 481px) and (max-width: 980px) 980px, (min-width: 981px) 1160px, 100vw\" \/><\/figure>\n\n\n\n<figure class=\"wp-block-image size-large\"><img loading=\"lazy\" decoding=\"async\" width=\"1160\" height=\"1160\" data-id=\"13065\" src=\"https:\/\/cdu-kempen.de\/wp-content\/uploads\/2025\/12\/2025-12-01-Martinskaffe_3-1160x1160.jpg\" alt=\"\" class=\"wp-image-13065\" srcset=\"https:\/\/cdu-kempen.de\/wp-content\/uploads\/2025\/12\/2025-12-01-Martinskaffe_3-980x980.jpg 980w, https:\/\/cdu-kempen.de\/wp-content\/uploads\/2025\/12\/2025-12-01-Martinskaffe_3-480x480.jpg 480w\" sizes=\"(min-width: 0px) and (max-width: 480px) 480px, (min-width: 481px) and (max-width: 980px) 980px, (min-width: 981px) 1160px, 100vw\" \/><\/figure>\n\n\n\n<figure class=\"wp-block-image size-large\"><img loading=\"lazy\" decoding=\"async\" width=\"1160\" height=\"1160\" data-id=\"13062\" src=\"https:\/\/cdu-kempen.de\/wp-content\/uploads\/2025\/12\/2025-12-01-Martinskaffe_5-1160x1160.jpg\" alt=\"\" class=\"wp-image-13062\" srcset=\"https:\/\/cdu-kempen.de\/wp-content\/uploads\/2025\/12\/2025-12-01-Martinskaffe_5-980x980.jpg 980w, https:\/\/cdu-kempen.de\/wp-content\/uploads\/2025\/12\/2025-12-01-Martinskaffe_5-480x480.jpg 480w\" sizes=\"(min-width: 0px) and (max-width: 480px) 480px, (min-width: 481px) and (max-width: 980px) 980px, (min-width: 981px) 1160px, 100vw\" \/><\/figure>\n\n\n\n<figure class=\"wp-block-image size-large\"><img loading=\"lazy\" decoding=\"async\" width=\"1160\" height=\"1160\" data-id=\"13061\" src=\"https:\/\/cdu-kempen.de\/wp-content\/uploads\/2025\/12\/2025-12-01-Martinskaffe_4-1160x1160.jpg\" alt=\"\" class=\"wp-image-13061\" srcset=\"https:\/\/cdu-kempen.de\/wp-content\/uploads\/2025\/12\/2025-12-01-Martinskaffe_4-980x980.jpg 980w, https:\/\/cdu-kempen.de\/wp-content\/uploads\/2025\/12\/2025-12-01-Martinskaffe_4-480x480.jpg 480w\" sizes=\"(min-width: 0px) and (max-width: 480px) 480px, (min-width: 481px) and (max-width: 980px) 980px, (min-width: 981px) 1160px, 100vw\" \/><\/figure>\n\n\n\n<figure class=\"wp-block-image size-large\"><img loading=\"lazy\" decoding=\"async\" width=\"1160\" height=\"1160\" data-id=\"13064\" src=\"https:\/\/cdu-kempen.de\/wp-content\/uploads\/2025\/12\/2025-12-01-Martinskaffe_2-1160x1160.jpg\" alt=\"\" class=\"wp-image-13064\" srcset=\"https:\/\/cdu-kempen.de\/wp-content\/uploads\/2025\/12\/2025-12-01-Martinskaffe_2-980x980.jpg 980w, https:\/\/cdu-kempen.de\/wp-content\/uploads\/2025\/12\/2025-12-01-Martinskaffe_2-480x480.jpg 480w\" sizes=\"(min-width: 0px) and (max-width: 480px) 480px, (min-width: 481px) and (max-width: 980px) 980px, (min-width: 981px) 1160px, 100vw\" \/><\/figure>\n<\/figure>\n","protected":false},"excerpt":{"rendered":"<p>Im November fand im Haus Wiesengrund der CDU-Martinskaffee rund um den St.-Martins-Tag statt. Zahlreiche Mitglieder folgten der Einladung und verbrachten gemeinsam einen gem\u00fctlichen Nachmittag in angenehmer Atmosph\u00e4re. Nach einer herzlichen Begr\u00fc\u00dfung durch unsere stellvertretende Parteivorsitzende Ramona Peters folgte ein aktueller Bericht von Steffi Beyss, Vorsitzende des Stadtentwicklungsausschusses, zum Stand des Baugebiets Kempener Westen. Dabei entwickelte [&hellip;]<\/p>\n","protected":false},"author":5,"featured_media":13063,"comment_status":"closed","ping_status":"closed","sticky":false,"template":"","format":"standard","meta":{"_et_pb_use_builder":"","_et_pb_old_content":"","_et_gb_content_width":"","footnotes":""},"categories":[5,4],"tags":[43,91],"class_list":["post-13066","post","type-post","status-publish","format-standard","has-post-thumbnail","hentry","category-aktuelles","category-allgemeines","tag-cdu-kempen","tag-martinskaffee"],"_links":{"self":[{"href":"https:\/\/cdu-kempen.de\/index.php\/wp-json\/wp\/v2\/posts\/13066"}],"collection":[{"href":"https:\/\/cdu-kempen.de\/index.php\/wp-json\/wp\/v2\/posts"}],"about":[{"href":"https:\/\/cdu-kempen.de\/index.php\/wp-json\/wp\/v2\/types\/post"}],"author":[{"embeddable":true,"href":"https:\/\/cdu-kempen.de\/index.php\/wp-json\/wp\/v2\/users\/5"}],"replies":[{"embeddable":true,"href":"https:\/\/cdu-kempen.de\/index.php\/wp-json\/wp\/v2\/comments?post=13066"}],"version-history":[{"count":4,"href":"https:\/\/cdu-kempen.de\/index.php\/wp-json\/wp\/v2\/posts\/13066\/revisions"}],"predecessor-version":[{"id":13070,"href":"https:\/\/cdu-kempen.de\/index.php\/wp-json\/wp\/v2\/posts\/13066\/revisions\/13070"}],"wp:featuredmedia":[{"embeddable":true,"href":"https:\/\/cdu-kempen.de\/index.php\/wp-json\/wp\/v2\/media\/13063"}],"wp:attachment":[{"href":"https:\/\/cdu-kempen.de\/index.php\/wp-json\/wp\/v2\/media?parent=13066"}],"wp:term":[{"taxonomy":"category","embeddable":true,"href":"https:\/\/cdu-kempen.de\/index.php\/wp-json\/wp\/v2\/categories?post=13066"},{"taxonomy":"post_tag","embeddable":true,"href":"https:\/\/cdu-kempen.de\/index.php\/wp-json\/wp\/v2\/tags?post=13066"}],"curies":[{"name":"wp","href":"https:\/\/api.w.org\/{rel}","templated":true}]}}