{"id":13073,"date":"2025-12-21T10:00:00","date_gmt":"2025-12-21T10:00:00","guid":{"rendered":"https:\/\/cdu-kempen.de\/?p=13073"},"modified":"2025-12-20T16:02:57","modified_gmt":"2025-12-20T16:02:57","slug":"ein-weihnachtlicher-gruss-aus-kempen","status":"publish","type":"post","link":"https:\/\/cdu-kempen.de\/index.php\/ein-weihnachtlicher-gruss-aus-kempen\/","title":{"rendered":"Ein weihnachtlicher Gru\u00df aus Kempen"},"content":{"rendered":"\n<p>Wenn das Jahr zur Ruhe kommt, r\u00fcckt das Wesentliche in den Mittelpunkt. Weihnachten erinnert uns daran, dass der Zusammenhalt in unserer Stadt, gegenseitiges Vertrauen und ein gutes Miteinander die Grundlage unseres gemeinsamen Handelns sind.<\/p>\n\n\n\n<p>Kempen lebt von Menschen, die Verantwortung \u00fcbernehmen, sich engagieren und ihre Stadt aktiv mitgestalten. Dieses Engagement \u2013 ob sichtbar im Ehrenamt, im pers\u00f6nlichen Umfeld oder in der politischen Arbeit \u2013 pr\u00e4gt unsere Gemeinschaft und verdient gro\u00dfen Dank.<\/p>\n\n\n\n<p>Das vergangene Jahr hat gezeigt, wie wichtig N\u00e4he, Verl\u00e4sslichkeit und der offene Dialog sind. In vielen Begegnungen wurde deutlich, dass Politik vor Ort dort beginnt, wo zugeh\u00f6rt wird und gemeinsame L\u00f6sungen entstehen. Diesen Anspruch verfolgt die CDU Kempen auch weiterhin \u2013 mit Augenma\u00df, Tatkraft und einem klaren Blick f\u00fcr das Wohl unserer Stadt.<\/p>\n\n\n\n<p>Die Weihnachtszeit ist zugleich eine Zeit der Zuversicht. Sie schenkt Gelegenheit, Kraft zu sch\u00f6pfen und mit Vertrauen nach vorn zu blicken. So wollen wir auch im neuen Jahr Verantwortung \u00fcbernehmen und uns engagiert f\u00fcr Kempen einsetzen.<\/p>\n\n\n\n<p><strong>Verl\u00e4sslich. Aktiv. Vor Ort.<\/strong><\/p>\n\n\n\n<p>Wir w\u00fcnschen Ihnen und Ihren Familien eine besinnliche Weihnachtszeit, erholsame Tage im Kreis Ihrer Liebsten sowie einen gesunden und hoffnungsvollen Start in das neue Jahr 2026. <\/p>\n\n\n\n<p>Ihre<br>CDU Kempen<\/p>\n\n\n\n<p><\/p>\n\n\n\n<figure class=\"wp-block-image size-large\"><img loading=\"lazy\" decoding=\"async\" width=\"1160\" height=\"1160\" src=\"https:\/\/cdu-kempen.de\/wp-content\/uploads\/2025\/12\/20251220_Weihnachtsgruss-1160x1160.jpg\" alt=\"\" class=\"wp-image-13072\" srcset=\"https:\/\/cdu-kempen.de\/wp-content\/uploads\/2025\/12\/20251220_Weihnachtsgruss-980x551.jpg 980w, https:\/\/cdu-kempen.de\/wp-content\/uploads\/2025\/12\/20251220_Weihnachtsgruss-480x270.jpg 480w\" sizes=\"(min-width: 0px) and (max-width: 480px) 480px, (min-width: 481px) and (max-width: 980px) 980px, (min-width: 981px) 1160px, 100vw\" \/><\/figure>\n","protected":false},"excerpt":{"rendered":"<p>Wenn das Jahr zur Ruhe kommt, r\u00fcckt das Wesentliche in den Mittelpunkt. Weihnachten erinnert uns daran, dass der Zusammenhalt in unserer Stadt, gegenseitiges Vertrauen und ein gutes Miteinander die Grundlage unseres gemeinsamen Handelns sind. Kempen lebt von Menschen, die Verantwortung \u00fcbernehmen, sich engagieren und ihre Stadt aktiv mitgestalten. Dieses Engagement \u2013 ob sichtbar im Ehrenamt, [&hellip;]<\/p>\n","protected":false},"author":5,"featured_media":13072,"comment_status":"closed","ping_status":"closed","sticky":false,"template":"","format":"standard","meta":{"_et_pb_use_builder":"","_et_pb_old_content":"","_et_gb_content_width":"","footnotes":""},"categories":[5,4],"tags":[43],"class_list":["post-13073","post","type-post","status-publish","format-standard","has-post-thumbnail","hentry","category-aktuelles","category-allgemeines","tag-cdu-kempen"],"_links":{"self":[{"href":"https:\/\/cdu-kempen.de\/index.php\/wp-json\/wp\/v2\/posts\/13073"}],"collection":[{"href":"https:\/\/cdu-kempen.de\/index.php\/wp-json\/wp\/v2\/posts"}],"about":[{"href":"https:\/\/cdu-kempen.de\/index.php\/wp-json\/wp\/v2\/types\/post"}],"author":[{"embeddable":true,"href":"https:\/\/cdu-kempen.de\/index.php\/wp-json\/wp\/v2\/users\/5"}],"replies":[{"embeddable":true,"href":"https:\/\/cdu-kempen.de\/index.php\/wp-json\/wp\/v2\/comments?post=13073"}],"version-history":[{"count":2,"href":"https:\/\/cdu-kempen.de\/index.php\/wp-json\/wp\/v2\/posts\/13073\/revisions"}],"predecessor-version":[{"id":13075,"href":"https:\/\/cdu-kempen.de\/index.php\/wp-json\/wp\/v2\/posts\/13073\/revisions\/13075"}],"wp:featuredmedia":[{"embeddable":true,"href":"https:\/\/cdu-kempen.de\/index.php\/wp-json\/wp\/v2\/media\/13072"}],"wp:attachment":[{"href":"https:\/\/cdu-kempen.de\/index.php\/wp-json\/wp\/v2\/media?parent=13073"}],"wp:term":[{"taxonomy":"category","embeddable":true,"href":"https:\/\/cdu-kempen.de\/index.php\/wp-json\/wp\/v2\/categories?post=13073"},{"taxonomy":"post_tag","embeddable":true,"href":"https:\/\/cdu-kempen.de\/index.php\/wp-json\/wp\/v2\/tags?post=13073"}],"curies":[{"name":"wp","href":"https:\/\/api.w.org\/{rel}","templated":true}]}}