{"id":13095,"date":"2026-01-17T12:33:12","date_gmt":"2026-01-17T12:33:12","guid":{"rendered":"https:\/\/cdu-kempen.de\/?p=13095"},"modified":"2026-01-20T13:16:54","modified_gmt":"2026-01-20T13:16:54","slug":"stabwechsel-im-vorstand-des-cdu-ortsausschuss-kempen-mitte","status":"publish","type":"post","link":"https:\/\/cdu-kempen.de\/index.php\/stabwechsel-im-vorstand-des-cdu-ortsausschuss-kempen-mitte\/","title":{"rendered":"Stabwechsel im Vorstand des CDU-Ortsausschuss Kempen-Mitte"},"content":{"rendered":"\n<p>Am 16. Januar 2026 hat die Mitgliederversammlung mit turnusm\u00e4\u00dfigen Vorstandswahlen des CDU-Ortsausschuss Kempen-Mitte im Kemp Inn auf der Peterstra\u00dfe stattgefunden.<\/p>\n\n\n\n<p>Nach der Begr\u00fc\u00dfung durch den Vositzenden, Frank Lange, trug dieser den T\u00e4tigkeitsbericht mit einem R\u00fcckblick auf die letzten 2 Jahre vor. Im Anschluss erfolgten die Wahlen zum Vorstand. <\/p>\n\n\n\n<p>Der bisherige Vorsitzende, Frank Lange. hatte bereits im Vorfeld angek\u00fcndigt, sich nicht erneut zur Wahl zustellen. Als neuer Vorsitzender und somit Nachfolger von Frank Lange stellte sich Thomas K\u00f6rvers zur Wahl und wurde zum neuen Vorsitzenden gew\u00e4hlt. Zu seinen Stellvertretern wurden Marc Heckmann und Josef Lamozik gew\u00e4hlt. Neuer Schriftf\u00fchrer, und damit Nachfolger von Ramona Peters, die sich ebenfalls nicht mehr zur Wahl stellte, wurde Marcel Prangs.<\/p>\n\n\n\n<p>Das Vorstandsteam wird dar\u00fcber hinaus durch die Beisitzer, Dr. J\u00f6rg Gru\u00df, Matthias Hinrichs, Tobias Janseps, Susanne Kranzusch und Stephan Wolters  verst\u00e4rkt.<\/p>\n\n\n\n<p>Der scheidende Vorsitzende, Frank Lange, gratulierte allen gew\u00e4hlten herzlich zur Wahl und w\u00fcnschte Ihnen viel Erfolg bei der k\u00fcnftigen politischen Arbeit<\/p>\n\n\n\n<figure class=\"wp-block-image size-large is-resized\"><img loading=\"lazy\" decoding=\"async\" width=\"1160\" height=\"1160\" src=\"https:\/\/cdu-kempen.de\/wp-content\/uploads\/2026\/01\/20260116_182855-1160x1160.jpg\" alt=\"\" class=\"wp-image-13105\" style=\"width:821px;height:auto\" srcset=\"https:\/\/cdu-kempen.de\/wp-content\/uploads\/2026\/01\/20260116_182855-980x1266.jpg 980w, https:\/\/cdu-kempen.de\/wp-content\/uploads\/2026\/01\/20260116_182855-480x620.jpg 480w\" sizes=\"(min-width: 0px) and (max-width: 480px) 480px, (min-width: 481px) and (max-width: 980px) 980px, (min-width: 981px) 1160px, 100vw\" \/><figcaption class=\"wp-element-caption\">Der scheidende Vorsitzende, Frank Lange (rechts) gratuliert seinem Nachfolger, Thomas K\u00f6rvers, zur Wahl.<\/figcaption><\/figure>\n\n\n\n<p>Der neue Vorstand des Ortsausschuss der CDU Kempen-Mitte:<\/p>\n\n\n\n<figure class=\"wp-block-image size-large\"><img loading=\"lazy\" decoding=\"async\" width=\"1160\" height=\"1160\" src=\"https:\/\/cdu-kempen.de\/wp-content\/uploads\/2026\/01\/20260116_183032-1160x1160.jpg\" alt=\"\" class=\"wp-image-13100\" srcset=\"https:\/\/cdu-kempen.de\/wp-content\/uploads\/2026\/01\/20260116_183032-980x973.jpg 980w, https:\/\/cdu-kempen.de\/wp-content\/uploads\/2026\/01\/20260116_183032-480x477.jpg 480w\" sizes=\"(min-width: 0px) and (max-width: 480px) 480px, (min-width: 481px) and (max-width: 980px) 980px, (min-width: 981px) 1160px, 100vw\" \/><\/figure>\n","protected":false},"excerpt":{"rendered":"<p>Am 16. Januar 2026 hat die Mitgliederversammlung mit turnusm\u00e4\u00dfigen Vorstandswahlen des CDU-Ortsausschuss Kempen-Mitte im Kemp Inn auf der Peterstra\u00dfe stattgefunden. Nach der Begr\u00fc\u00dfung durch den Vositzenden, Frank Lange, trug dieser den T\u00e4tigkeitsbericht mit einem R\u00fcckblick auf die letzten 2 Jahre vor. Im Anschluss erfolgten die Wahlen zum Vorstand. Der bisherige Vorsitzende, Frank Lange. hatte bereits [&hellip;]<\/p>\n","protected":false},"author":5,"featured_media":13097,"comment_status":"closed","ping_status":"closed","sticky":false,"template":"","format":"standard","meta":{"_et_pb_use_builder":"","_et_pb_old_content":"","_et_gb_content_width":"","footnotes":""},"categories":[5,4],"tags":[43,32,93],"class_list":["post-13095","post","type-post","status-publish","format-standard","has-post-thumbnail","hentry","category-aktuelles","category-allgemeines","tag-cdu-kempen","tag-cdu-ortsausschuss","tag-ortsausschuss-mitte"],"_links":{"self":[{"href":"https:\/\/cdu-kempen.de\/index.php\/wp-json\/wp\/v2\/posts\/13095"}],"collection":[{"href":"https:\/\/cdu-kempen.de\/index.php\/wp-json\/wp\/v2\/posts"}],"about":[{"href":"https:\/\/cdu-kempen.de\/index.php\/wp-json\/wp\/v2\/types\/post"}],"author":[{"embeddable":true,"href":"https:\/\/cdu-kempen.de\/index.php\/wp-json\/wp\/v2\/users\/5"}],"replies":[{"embeddable":true,"href":"https:\/\/cdu-kempen.de\/index.php\/wp-json\/wp\/v2\/comments?post=13095"}],"version-history":[{"count":4,"href":"https:\/\/cdu-kempen.de\/index.php\/wp-json\/wp\/v2\/posts\/13095\/revisions"}],"predecessor-version":[{"id":13108,"href":"https:\/\/cdu-kempen.de\/index.php\/wp-json\/wp\/v2\/posts\/13095\/revisions\/13108"}],"wp:featuredmedia":[{"embeddable":true,"href":"https:\/\/cdu-kempen.de\/index.php\/wp-json\/wp\/v2\/media\/13097"}],"wp:attachment":[{"href":"https:\/\/cdu-kempen.de\/index.php\/wp-json\/wp\/v2\/media?parent=13095"}],"wp:term":[{"taxonomy":"category","embeddable":true,"href":"https:\/\/cdu-kempen.de\/index.php\/wp-json\/wp\/v2\/categories?post=13095"},{"taxonomy":"post_tag","embeddable":true,"href":"https:\/\/cdu-kempen.de\/index.php\/wp-json\/wp\/v2\/tags?post=13095"}],"curies":[{"name":"wp","href":"https:\/\/api.w.org\/{rel}","templated":true}]}}