{"id":13110,"date":"2026-02-01T19:56:58","date_gmt":"2026-02-01T19:56:58","guid":{"rendered":"https:\/\/cdu-kempen.de\/?p=13110"},"modified":"2026-02-01T19:57:00","modified_gmt":"2026-02-01T19:57:00","slug":"neujahrsempfang-2026-cdu-kempen-setzt-auf-fuehrung-zusammenhalt-und-gestaltung","status":"publish","type":"post","link":"https:\/\/cdu-kempen.de\/index.php\/neujahrsempfang-2026-cdu-kempen-setzt-auf-fuehrung-zusammenhalt-und-gestaltung\/","title":{"rendered":"Neujahrsempfang 2026: CDU Kempen setzt auf F\u00fchrung, Zusammenhalt und Gestaltung"},"content":{"rendered":"\n<p class=\"has-medium-font-size\">Beim Neujahrsempfang im Forum St. Hubert begr\u00fc\u00dfte die CDU Kempen zahlreiche G\u00e4ste aus Ehrenamt, Stadtgesellschaft, Verwaltung und Politik. Der Vormittag war gepr\u00e4gt von offenen Gespr\u00e4chen, Begegnungen und einem gemeinsamen Blick auf das neue Jahr \u2013 \u00fcber alle Generationen hinweg.<\/p>\n\n\n\n<p class=\"has-medium-font-size\">In seiner Begr\u00fc\u00dfung stellte der Vorsitzende des CDU-Stadtverbandes, <strong>Niklas Hell<\/strong>, den Jahresauftakt unter einen klaren inhaltlichen Anspruch: <em>\u201eEin neues Jahr beginnt nicht mit gro\u00dfen Versprechen, sondern mit der Bereitschaft, Verantwortung zu \u00fcbernehmen und sie auch zu tragen.\u201c<\/em><br>F\u00fcr die CDU Kempen bedeute dies, zuzuh\u00f6ren, zu erkl\u00e4ren und verl\u00e4sslich zu handeln \u2013 immer mit dem Blick auf das, was die Stadt Kempen zusammenh\u00e4lt und voranbringt.<\/p>\n\n\n\n<p class=\"has-medium-font-size\">Mit Blick auf die zuk\u00fcnftige Arbeit der CDU Kempen machte Hell deutlich, welcher Anspruch das politische Handeln im neuen Jahr leiten soll: <em>\u201eVerantwortung zu \u00fcbernehmen \u2013 verl\u00e4sslich, aktiv und nah bei den Menschen. Das ist f\u00fcr uns keine leere Formel, sondern der Ma\u00dfstab unseres politischen Handelns.\u201c<\/em><br>Diese Haltung solle auch 2026 die Grundlage f\u00fcr eine Politik bilden, die Orientierung gibt und die Anliegen der B\u00fcrgerinnen und B\u00fcrger konsequent in den Mittelpunkt stellt.<\/p>\n\n\n\n<p class=\"has-medium-font-size\">Im weiteren Verlauf des Empfangs richtete <strong>Willi Stenhorst<\/strong>, Co-Vorsitzender der CDU-Ratsfraktion, den Blick auf die Arbeit im Stadtrat und die gemeinsamen Aufgaben. Dabei stellte er heraus, dass verantwortungsvolle Kommunalpolitik stets dem Gemeinwohl verpflichtet sein m\u00fcsse: <em>\u201eAber nicht das Wohlbefinden der einzelnen Parteien ist entscheidend, sondern die Stadt Kempen.\u201c<br><\/em>Gerade in herausfordernden Zeiten gehe es darum, Entscheidungen sorgf\u00e4ltig abzuw\u00e4gen und gemeinsam tragf\u00e4hige L\u00f6sungen zu finden.<\/p>\n\n\n\n<p class=\"has-medium-font-size\">Zugleich machte Stenhorst deutlich, dass die CDU-Fraktion diesen Weg aktiv mitgestalten will:<br><em>\u201eWir sind bereit an L\u00f6sungen zu arbeiten bzw. uns zu beteiligen und zu gestalten.\u201c<\/em><br>Im Mittelpunkt stehe dabei eine zukunftsorientierte Entwicklung der Stadt Kempen.<\/p>\n\n\n\n<p class=\"has-medium-font-size\">Einen wichtigen Impuls setzte NRW-Finanzminister <strong>Dr. Marcus Optendrenk<\/strong>. Er machte deutlich, dass die aktuellen Herausforderungen f\u00fcr Kommunen nur im gr\u00f6\u00dferen Zusammenhang von Bund, Land und internationaler Entwicklung zu verstehen sind. Gleichzeitig warb er daf\u00fcr, staatliche Strukturen zukunftsf\u00e4hig aufzustellen und Verfahren sp\u00fcrbar zu vereinfachen \u2013 insbesondere durch den konsequenten Einsatz digitaler L\u00f6sungen. Als CDU-Landtagsabgeordneter f\u00fcr den Wahlkreis Kempen und der Stadt seit vielen Jahren eng verbunden, richtete Optendrenk zudem einen ausdr\u00fccklichen Dank an die B\u00fcrgerinnen und B\u00fcrger f\u00fcr ihr au\u00dfergew\u00f6hnliches Engagement, das das Leben in Kempen in besonderer Weise pr\u00e4gt.<\/p>\n\n\n\n<p class=\"has-medium-font-size\">Die anliegenden Bilder verdeutlichen die positive Stimmung und den starken Zusammenhalt der CDU Kempen beim Neujahrsempfang. Sie spiegeln einen Vormittag wider, der von Dialog, Vertrauen und Zuversicht gepr\u00e4gt war. <\/p>\n\n\n\n<p class=\"has-medium-font-size\">Der Neujahrsempfang 2026 zeigte damit: Die CDU Kempen startet mit Offenheit, Verantwortung und einem starken Team in das neue Jahr.<\/p>\n\n\n\n<figure class=\"wp-block-gallery has-nested-images columns-default is-cropped wp-block-gallery-1 is-layout-flex wp-block-gallery-is-layout-flex\">\n<figure class=\"wp-block-image size-large\"><img loading=\"lazy\" decoding=\"async\" width=\"1160\" height=\"1160\" data-id=\"13119\" src=\"https:\/\/cdu-kempen.de\/wp-content\/uploads\/2026\/02\/IMG-20260201-6-1160x1160.jpg\" alt=\"\" class=\"wp-image-13119\" srcset=\"https:\/\/cdu-kempen.de\/wp-content\/uploads\/2026\/02\/IMG-20260201-6-980x737.jpg 980w, https:\/\/cdu-kempen.de\/wp-content\/uploads\/2026\/02\/IMG-20260201-6-480x361.jpg 480w\" sizes=\"(min-width: 0px) and (max-width: 480px) 480px, (min-width: 481px) and (max-width: 980px) 980px, (min-width: 981px) 1160px, 100vw\" \/><\/figure>\n\n\n\n<figure class=\"wp-block-image size-large\"><img loading=\"lazy\" decoding=\"async\" width=\"1160\" height=\"1066\" data-id=\"13118\" src=\"https:\/\/cdu-kempen.de\/wp-content\/uploads\/2026\/02\/IMG-20260201-5-1160x1066.jpg\" alt=\"\" class=\"wp-image-13118\" srcset=\"https:\/\/cdu-kempen.de\/wp-content\/uploads\/2026\/02\/IMG-20260201-5-980x653.jpg 980w, https:\/\/cdu-kempen.de\/wp-content\/uploads\/2026\/02\/IMG-20260201-5-480x320.jpg 480w\" sizes=\"(min-width: 0px) and (max-width: 480px) 480px, (min-width: 481px) and (max-width: 980px) 980px, (min-width: 981px) 1160px, 100vw\" \/><\/figure>\n\n\n\n<figure class=\"wp-block-image size-large\"><img loading=\"lazy\" decoding=\"async\" width=\"1160\" height=\"1160\" data-id=\"13117\" src=\"https:\/\/cdu-kempen.de\/wp-content\/uploads\/2026\/02\/IMG-20260201-4-1160x1160.jpg\" alt=\"\" class=\"wp-image-13117\" srcset=\"https:\/\/cdu-kempen.de\/wp-content\/uploads\/2026\/02\/IMG-20260201-4-980x737.jpg 980w, https:\/\/cdu-kempen.de\/wp-content\/uploads\/2026\/02\/IMG-20260201-4-480x361.jpg 480w\" sizes=\"(min-width: 0px) and (max-width: 480px) 480px, (min-width: 481px) and (max-width: 980px) 980px, (min-width: 981px) 1160px, 100vw\" \/><\/figure>\n\n\n\n<figure class=\"wp-block-image size-large\"><img loading=\"lazy\" decoding=\"async\" width=\"1160\" height=\"1160\" data-id=\"13116\" src=\"https:\/\/cdu-kempen.de\/wp-content\/uploads\/2026\/02\/IMG-20260201-3-1160x1160.jpg\" alt=\"\" class=\"wp-image-13116\" srcset=\"https:\/\/cdu-kempen.de\/wp-content\/uploads\/2026\/02\/IMG-20260201-3-980x737.jpg 980w, https:\/\/cdu-kempen.de\/wp-content\/uploads\/2026\/02\/IMG-20260201-3-480x361.jpg 480w\" sizes=\"(min-width: 0px) and (max-width: 480px) 480px, (min-width: 481px) and (max-width: 980px) 980px, (min-width: 981px) 1160px, 100vw\" \/><\/figure>\n\n\n\n<figure class=\"wp-block-image size-large\"><img loading=\"lazy\" decoding=\"async\" width=\"1160\" height=\"1160\" data-id=\"13115\" src=\"https:\/\/cdu-kempen.de\/wp-content\/uploads\/2026\/02\/IMG-20260201-2-1160x1160.jpg\" alt=\"\" class=\"wp-image-13115\" srcset=\"https:\/\/cdu-kempen.de\/wp-content\/uploads\/2026\/02\/IMG-20260201-2-1160x1160.jpg 1160w, https:\/\/cdu-kempen.de\/wp-content\/uploads\/2026\/02\/IMG-20260201-2-980x1302.jpg 980w, https:\/\/cdu-kempen.de\/wp-content\/uploads\/2026\/02\/IMG-20260201-2-480x638.jpg 480w\" sizes=\"(min-width: 0px) and (max-width: 480px) 480px, (min-width: 481px) and (max-width: 980px) 980px, (min-width: 981px) 1160px, 100vw\" \/><\/figure>\n\n\n\n<figure class=\"wp-block-image size-large\"><img loading=\"lazy\" decoding=\"async\" width=\"1160\" height=\"902\" data-id=\"13113\" src=\"https:\/\/cdu-kempen.de\/wp-content\/uploads\/2026\/02\/IMG-20260201-1160x902.jpg\" alt=\"\" class=\"wp-image-13113\" srcset=\"https:\/\/cdu-kempen.de\/wp-content\/uploads\/2026\/02\/IMG-20260201-980x552.jpg 980w, https:\/\/cdu-kempen.de\/wp-content\/uploads\/2026\/02\/IMG-20260201-480x271.jpg 480w\" sizes=\"(min-width: 0px) and (max-width: 480px) 480px, (min-width: 481px) and (max-width: 980px) 980px, (min-width: 981px) 1160px, 100vw\" \/><\/figure>\n\n\n\n<figure class=\"wp-block-image size-large\"><img loading=\"lazy\" decoding=\"async\" width=\"1160\" height=\"1160\" data-id=\"13114\" src=\"https:\/\/cdu-kempen.de\/wp-content\/uploads\/2026\/02\/IMG-20260201-1-1160x1160.jpg\" alt=\"\" class=\"wp-image-13114\" srcset=\"https:\/\/cdu-kempen.de\/wp-content\/uploads\/2026\/02\/IMG-20260201-1-1160x1160.jpg 1160w, https:\/\/cdu-kempen.de\/wp-content\/uploads\/2026\/02\/IMG-20260201-1-980x1307.jpg 980w, https:\/\/cdu-kempen.de\/wp-content\/uploads\/2026\/02\/IMG-20260201-1-480x640.jpg 480w\" sizes=\"(min-width: 0px) and (max-width: 480px) 480px, (min-width: 481px) and (max-width: 980px) 980px, (min-width: 981px) 1160px, 100vw\" \/><\/figure>\n<\/figure>\n","protected":false},"excerpt":{"rendered":"<p>Beim Neujahrsempfang im Forum St. Hubert begr\u00fc\u00dfte die CDU Kempen zahlreiche G\u00e4ste aus Ehrenamt, Stadtgesellschaft, Verwaltung und Politik. Der Vormittag war gepr\u00e4gt von offenen Gespr\u00e4chen, Begegnungen und einem gemeinsamen Blick auf das neue Jahr \u2013 \u00fcber alle Generationen hinweg. In seiner Begr\u00fc\u00dfung stellte der Vorsitzende des CDU-Stadtverbandes, Niklas Hell, den Jahresauftakt unter einen klaren inhaltlichen [&hellip;]<\/p>\n","protected":false},"author":5,"featured_media":13114,"comment_status":"closed","ping_status":"closed","sticky":false,"template":"","format":"standard","meta":{"_et_pb_use_builder":"","_et_pb_old_content":"","_et_gb_content_width":"","footnotes":""},"categories":[5],"tags":[43,73,51],"class_list":["post-13110","post","type-post","status-publish","format-standard","has-post-thumbnail","hentry","category-aktuelles","tag-cdu-kempen","tag-cdu-fraktion-kempen","tag-neujahrsempfang"],"_links":{"self":[{"href":"https:\/\/cdu-kempen.de\/index.php\/wp-json\/wp\/v2\/posts\/13110"}],"collection":[{"href":"https:\/\/cdu-kempen.de\/index.php\/wp-json\/wp\/v2\/posts"}],"about":[{"href":"https:\/\/cdu-kempen.de\/index.php\/wp-json\/wp\/v2\/types\/post"}],"author":[{"embeddable":true,"href":"https:\/\/cdu-kempen.de\/index.php\/wp-json\/wp\/v2\/users\/5"}],"replies":[{"embeddable":true,"href":"https:\/\/cdu-kempen.de\/index.php\/wp-json\/wp\/v2\/comments?post=13110"}],"version-history":[{"count":3,"href":"https:\/\/cdu-kempen.de\/index.php\/wp-json\/wp\/v2\/posts\/13110\/revisions"}],"predecessor-version":[{"id":13120,"href":"https:\/\/cdu-kempen.de\/index.php\/wp-json\/wp\/v2\/posts\/13110\/revisions\/13120"}],"wp:featuredmedia":[{"embeddable":true,"href":"https:\/\/cdu-kempen.de\/index.php\/wp-json\/wp\/v2\/media\/13114"}],"wp:attachment":[{"href":"https:\/\/cdu-kempen.de\/index.php\/wp-json\/wp\/v2\/media?parent=13110"}],"wp:term":[{"taxonomy":"category","embeddable":true,"href":"https:\/\/cdu-kempen.de\/index.php\/wp-json\/wp\/v2\/categories?post=13110"},{"taxonomy":"post_tag","embeddable":true,"href":"https:\/\/cdu-kempen.de\/index.php\/wp-json\/wp\/v2\/tags?post=13110"}],"curies":[{"name":"wp","href":"https:\/\/api.w.org\/{rel}","templated":true}]}}