{"id":1548,"date":"2009-08-03T01:33:39","date_gmt":"2009-08-02T23:33:39","guid":{"rendered":"http:\/\/www.cdu-kempen.de\/cdu\/?p=1548"},"modified":"2009-08-03T01:33:39","modified_gmt":"2009-08-02T23:33:39","slug":"grundsatzliches-ja-zum-kunstrasenplatz","status":"publish","type":"post","link":"https:\/\/cdu-kempen.de\/index.php\/grundsatzliches-ja-zum-kunstrasenplatz\/","title":{"rendered":"Grunds\u00e4tzliches JA zum Kunstrasenplatz"},"content":{"rendered":"<p>Die CDU Kempen hat Verst\u00e4ndnis f\u00fcr die auch in Kempen immer lauter werdenden W\u00fcnsche, einen Sportplatz mit Kunstrasen zu belegen. Gerade der letzte lange und harte Winter hat gezeigt, dass Tennenpl\u00e4tze \u00fcber einen langen Zeitrum nicht bespielbar waren. Aufgrund der hohen Investitionskosten von rund 600.000,- EUR und der noch unsicheren Finanz- und Wirtschaftskrise ist eine \u201espontane Entscheidung\u201c zugunsten eines Kunstrasenplatzes nicht m\u00f6glich. Priorit\u00e4t hat zun\u00e4chst einmal der gesicherte und dauerhaft Erhalt aller unserer Sportst\u00e4tten.<\/p>\n<p>Anhand einer von uns beantragten Bestandsbeschreibung aller Sportst\u00e4tten werden wir aber in einer der ersten Sitzungen nach den Kommunalwahlen ausgehend von dieser Bestandsaufnahme auch einen Zeitplan f\u00fcr Ausbauten und Investitionen erarbeiten. Wir sind zuversichtlich, dass sich in diesem Rahmen ein Kunstrasenplatz in absehbarer Zeit realisieren l\u00e4sst.<\/p>\n","protected":false},"excerpt":{"rendered":"<p>Die CDU Kempen hat Verst\u00e4ndnis f\u00fcr die auch in Kempen immer lauter werdenden W\u00fcnsche, einen Sportplatz mit Kunstrasen zu belegen. Gerade der letzte lange und harte Winter hat gezeigt, dass Tennenpl\u00e4tze \u00fcber einen langen Zeitrum nicht bespielbar waren. <\/p>\n","protected":false},"author":1,"featured_media":0,"comment_status":"closed","ping_status":"closed","sticky":false,"template":"","format":"standard","meta":{"_et_pb_use_builder":"","_et_pb_old_content":"","_et_gb_content_width":"","footnotes":""},"categories":[6],"tags":[],"class_list":["post-1548","post","type-post","status-publish","format-standard","hentry","category-standpunkte"],"_links":{"self":[{"href":"https:\/\/cdu-kempen.de\/index.php\/wp-json\/wp\/v2\/posts\/1548"}],"collection":[{"href":"https:\/\/cdu-kempen.de\/index.php\/wp-json\/wp\/v2\/posts"}],"about":[{"href":"https:\/\/cdu-kempen.de\/index.php\/wp-json\/wp\/v2\/types\/post"}],"author":[{"embeddable":true,"href":"https:\/\/cdu-kempen.de\/index.php\/wp-json\/wp\/v2\/users\/1"}],"replies":[{"embeddable":true,"href":"https:\/\/cdu-kempen.de\/index.php\/wp-json\/wp\/v2\/comments?post=1548"}],"version-history":[{"count":0,"href":"https:\/\/cdu-kempen.de\/index.php\/wp-json\/wp\/v2\/posts\/1548\/revisions"}],"wp:attachment":[{"href":"https:\/\/cdu-kempen.de\/index.php\/wp-json\/wp\/v2\/media?parent=1548"}],"wp:term":[{"taxonomy":"category","embeddable":true,"href":"https:\/\/cdu-kempen.de\/index.php\/wp-json\/wp\/v2\/categories?post=1548"},{"taxonomy":"post_tag","embeddable":true,"href":"https:\/\/cdu-kempen.de\/index.php\/wp-json\/wp\/v2\/tags?post=1548"}],"curies":[{"name":"wp","href":"https:\/\/api.w.org\/{rel}","templated":true}]}}