{"id":1556,"date":"2009-08-03T01:49:23","date_gmt":"2009-08-02T23:49:23","guid":{"rendered":"http:\/\/www.cdu-kempen.de\/cdu\/?p=1556"},"modified":"2009-08-03T01:49:23","modified_gmt":"2009-08-02T23:49:23","slug":"20-jahre-mauerfall-informationsfahrt-nach-berlin","status":"publish","type":"post","link":"https:\/\/cdu-kempen.de\/index.php\/20-jahre-mauerfall-informationsfahrt-nach-berlin\/","title":{"rendered":"\u201e20 Jahre Mauerfall\u201c Informationsfahrt nach Berlin"},"content":{"rendered":"<p><strong>50 B\u00fcrgerinnen und B\u00fcrger nahmen an einer von der CDU Kempen organisierten viert\u00e4gigen Informationsfahrt nach Berlin teil.<\/strong><\/p>\n<p>\u00a0<\/p>\n<p>50 B\u00fcrgerinnen und B\u00fcrger nahmen an einer von der CDU Kempen organisierten viert\u00e4gigen Informationsfahrt vom 25.6. \u2013 28.6.2009 nach Berlin teil. Ein volles Programm erwartete die Teilnehmer. Mit einem modernen Reisebus startete die Gruppe am fr\u00fchen Morgen des 25.6.2009 ab Kempen. Nach Ankunft und einer St\u00e4rkung im nahe dem Potsdamer Platz gelegenen Hotel \u201eStuttgarter Hof\u201c stand auch schon die erste Besichtigung an.<\/p>\n<p>Hier ein kurzer R\u00fcckblick auf das Programm:<\/p>\n<p>\u00a0<\/p>\n<p><strong>Donnerstag, 25.6.2009<\/strong><\/p>\n<p>Die Gruppe besichtigte den neuen Berliner Hauptbahnhof. Es ist der gr\u00f6\u00dfte Kreuzbahnhof Europas und besticht durch seine hochmoderne gl\u00e4serne Architektur. Ein Spaziergang f\u00fchrte dann an der Spree entlang vorbei am Abgeordnetenhaus und Reichstag zum Brandenburger Tor mit der neuen amerikanischen Botschaft.<\/p>\n<p>Es schloss sich eine Besichtigung des Holocaust-Denkmals (Stelenfeld) im Au\u00dfengel\u00e4nde und der Ausstellungs- und Meditationsr\u00e4ume im Untergeschoss des Denkmals an.<\/p>\n<p><strong>Freitag, 26.6.2009<\/strong><\/p>\n<p>Auf einer 3 1\/2 st\u00fcndigen Stadtrundfahrt mit mehreren Ausstiegen und Haltepunkten wurde das historische und politische Berlin anschaulich vermittelt.<br \/>\nNach dem gemeinsamen Mittagessen besichtigte die Gruppe die Ausstellungen zum \u201eJahr 1989\u201c im deutschen historischen Museum\u00a0 und nahm an einer Sonderf\u00fchrung im Berliner Dom teil. Nach einer Schifffahrt auf der Spree durch das alte und neue Berlin endete dieser Tag im Nikolai-Viertel.<\/p>\n<p><strong>Samstag, 27.6.2009<\/strong><\/p>\n<p>Am Morgen stand ein zweist\u00fcndiger Besuch im Bundeskanzleramt auf dem Programm. Die Teilnehmer waren beeindruckt von der Architektur und der Gr\u00f6\u00dfe des Geb\u00e4udes, aber auch von den sehr anschaulich vermittelten Arbeitsabl\u00e4ufen im Kanzleramt, insbesondere bei Staatsbesuchen. Mit dem Bus fuhr die Gruppe dann nach Berlin-Lichtenberg zum STASI-Museum, dem einstigen Ministerium f\u00fcr Staatssicherheit, in dem das fr\u00fchere Dienstzimmer von Erich Mielke noch vollst\u00e4ndig erhalten ist.<br \/>\nEin Referent erl\u00e4uterte Methoden und Machenschaften des DDR-Regimes.<br \/>\nNach einem gemeinsamen Mittagessen ging\u2019s zur\u00fcck zum Reichstagsgeb\u00e4ude.<br \/>\nUwe Schummer MdB begr\u00fc\u00dfte die Gruppe und f\u00fchrte sie durch die parlamentarische Ebene des Reichstages und nat\u00fcrlich die Kuppel.<br \/>\nIn einem Sitzungssaal schloss sich ein Gespr\u00e4ch \u00fcber aktuelle tagespolitische Themen an.<\/p>\n<p><strong>Sonntag, 28.6.2009<\/strong><\/p>\n<p>Auf der Heimreise wurde eine Zwischenstation in Potsdam eingelegt.<br \/>\nEin Spaziergang f\u00fchrte zun\u00e4chst durch den \u201eNeuen Garten\u201c am Marmorpalais vorbei zum Schloss Cecilenhof, bekannt durch das Potsdamer Abkommen im Jahre 1945, das die Aufteilung Deutschlands in vier Besatzungszonen zum Inhalt hatte.<br \/>\nEs schloss sich dann ein Spaziergang vom Schloss Sanssouci durch den Park in die barocke Altstadt von Potsdam an.<\/p>\n<p>Bei gutem Wetter und guter Laune wurden sehr viele Eindr\u00fccke aufgenommen.<\/p>\n<p>Schon heute steht fest:<\/p>\n<p>Wir werden eine \u00e4hnliche Informationsfahrt nach Berlin sicherlich in absehbarer Zeit wiederholen und rechtzeitig hierzu einladen<\/p>\n<p><a href=\"http:\/\/cdu-kempen.de\/wp-content\/uploads\/2009\/08\/Berlin-01.jpg\"><img loading=\"lazy\" decoding=\"async\" class=\"alignleft size-thumbnail wp-image-1608\" style=\"border: black 3px solid;\" title=\"Berlin-01-2009\" src=\"http:\/\/cdu-kempen.de\/wp-content\/uploads\/2009\/08\/Berlin-01-150x150.jpg\" alt=\"Berlin-01-2009\" width=\"150\" height=\"150\" \/><\/a><a href=\"http:\/\/cdu-kempen.de\/wp-content\/uploads\/2009\/08\/Berlin-02.jpg\"><img loading=\"lazy\" decoding=\"async\" class=\"alignleft size-thumbnail wp-image-1609\" style=\"border: black 3px solid;\" title=\"Berlin-02-2009\" src=\"http:\/\/cdu-kempen.de\/wp-content\/uploads\/2009\/08\/Berlin-02-150x150.jpg\" alt=\"Berlin-02-2009\" width=\"150\" height=\"150\" \/><\/a><a href=\"http:\/\/cdu-kempen.de\/wp-content\/uploads\/2009\/08\/Berlin-03.jpg\"><img loading=\"lazy\" decoding=\"async\" class=\"alignleft size-thumbnail wp-image-1610\" style=\"border: black 3px solid;\" title=\"Berlin-03-2009\" src=\"http:\/\/cdu-kempen.de\/wp-content\/uploads\/2009\/08\/Berlin-03-150x150.jpg\" alt=\"Berlin-03-2009\" width=\"150\" height=\"150\" \/><\/a><a href=\"http:\/\/cdu-kempen.de\/wp-content\/uploads\/2009\/08\/Berlin-04.jpg\"><img loading=\"lazy\" decoding=\"async\" class=\"alignleft size-thumbnail wp-image-1611\" style=\"border: black 3px solid;\" title=\"Berlin-04-2009\" src=\"http:\/\/cdu-kempen.de\/wp-content\/uploads\/2009\/08\/Berlin-04-150x150.jpg\" alt=\"Berlin-04-2009\" width=\"150\" height=\"150\" \/><\/a><a href=\"http:\/\/cdu-kempen.de\/wp-content\/uploads\/2009\/08\/Berlin-05.jpg\"><img loading=\"lazy\" decoding=\"async\" class=\"alignleft size-thumbnail wp-image-1612\" style=\"border: black 3px solid;\" title=\"Berlin-05-2009\" src=\"http:\/\/cdu-kempen.de\/wp-content\/uploads\/2009\/08\/Berlin-05-150x150.jpg\" alt=\"Berlin-05-2009\" width=\"150\" height=\"150\" \/><\/a><a href=\"http:\/\/cdu-kempen.de\/wp-content\/uploads\/2009\/08\/Berlin-06.jpg\"><img loading=\"lazy\" decoding=\"async\" class=\"alignleft size-thumbnail wp-image-1613\" style=\"border: black 3px solid;\" title=\"Berlin-06-2009\" src=\"http:\/\/cdu-kempen.de\/wp-content\/uploads\/2009\/08\/Berlin-06-150x150.jpg\" alt=\"Berlin-06-2009\" width=\"150\" height=\"150\" \/><\/a><a href=\"http:\/\/cdu-kempen.de\/wp-content\/uploads\/2009\/08\/Berlin-07.jpg\"><img loading=\"lazy\" decoding=\"async\" class=\"alignleft size-thumbnail wp-image-1614\" style=\"border: black 3px solid;\" title=\"Berlin-07-2009\" src=\"http:\/\/cdu-kempen.de\/wp-content\/uploads\/2009\/08\/Berlin-07-150x150.jpg\" alt=\"Berlin-07-2009\" width=\"150\" height=\"150\" \/><\/a><a href=\"http:\/\/cdu-kempen.de\/wp-content\/uploads\/2009\/08\/Berlin-08.jpg\"><img loading=\"lazy\" decoding=\"async\" class=\"alignleft size-thumbnail wp-image-1615\" style=\"border: black 3px solid;\" title=\"Berlin-08-2009\" src=\"http:\/\/cdu-kempen.de\/wp-content\/uploads\/2009\/08\/Berlin-08-150x150.jpg\" alt=\"Berlin-08-2009\" width=\"150\" height=\"150\" \/><\/a><a href=\"http:\/\/cdu-kempen.de\/wp-content\/uploads\/2009\/08\/Berlin-09.jpg\"><img loading=\"lazy\" decoding=\"async\" class=\"alignleft size-thumbnail wp-image-1616\" style=\"border: black 3px solid;\" title=\"Berlin-09-2009\" src=\"http:\/\/cdu-kempen.de\/wp-content\/uploads\/2009\/08\/Berlin-09-150x150.jpg\" alt=\"Berlin-09-2009\" width=\"150\" height=\"150\" \/><\/a><\/p>\n","protected":false},"excerpt":{"rendered":"<p>50 B\u00fcrgerinnen und B\u00fcrger nahmen an einer von der CDU Kempen organisierten viert\u00e4gigen Informationsfahrt vom 25.06. \u2013 28.06.2009 nach Berlin teil. Ein volles Programm erwartete die Teilnehmer. Mit einem modernen Reisebus startete die Gruppe am fr\u00fchen Morgen des 25.06.2009 ab Kempen. Nach Ankunft und einer St\u00e4rkung im nahe dem Potsdamer Platz gelegenen Hotel \u201eStuttgarter Hof\u201c stand auch schon die erste Besichtigung an.<\/p>\n","protected":false},"author":1,"featured_media":0,"comment_status":"closed","ping_status":"closed","sticky":false,"template":"","format":"standard","meta":{"_et_pb_use_builder":"","_et_pb_old_content":"","_et_gb_content_width":"","footnotes":""},"categories":[4],"tags":[],"class_list":["post-1556","post","type-post","status-publish","format-standard","hentry","category-allgemeines"],"_links":{"self":[{"href":"https:\/\/cdu-kempen.de\/index.php\/wp-json\/wp\/v2\/posts\/1556"}],"collection":[{"href":"https:\/\/cdu-kempen.de\/index.php\/wp-json\/wp\/v2\/posts"}],"about":[{"href":"https:\/\/cdu-kempen.de\/index.php\/wp-json\/wp\/v2\/types\/post"}],"author":[{"embeddable":true,"href":"https:\/\/cdu-kempen.de\/index.php\/wp-json\/wp\/v2\/users\/1"}],"replies":[{"embeddable":true,"href":"https:\/\/cdu-kempen.de\/index.php\/wp-json\/wp\/v2\/comments?post=1556"}],"version-history":[{"count":0,"href":"https:\/\/cdu-kempen.de\/index.php\/wp-json\/wp\/v2\/posts\/1556\/revisions"}],"wp:attachment":[{"href":"https:\/\/cdu-kempen.de\/index.php\/wp-json\/wp\/v2\/media?parent=1556"}],"wp:term":[{"taxonomy":"category","embeddable":true,"href":"https:\/\/cdu-kempen.de\/index.php\/wp-json\/wp\/v2\/categories?post=1556"},{"taxonomy":"post_tag","embeddable":true,"href":"https:\/\/cdu-kempen.de\/index.php\/wp-json\/wp\/v2\/tags?post=1556"}],"curies":[{"name":"wp","href":"https:\/\/api.w.org\/{rel}","templated":true}]}}