{"id":2033,"date":"2009-08-16T20:49:43","date_gmt":"2009-08-16T18:49:43","guid":{"rendered":"http:\/\/www.cdu-kempen.de\/?p=2033"},"modified":"2009-08-16T20:49:43","modified_gmt":"2009-08-16T18:49:43","slug":"trodelmarkt-zog-viele-besucher-an","status":"publish","type":"post","link":"https:\/\/cdu-kempen.de\/index.php\/trodelmarkt-zog-viele-besucher-an\/","title":{"rendered":"Tr\u00f6delmarkt zog viele Besucher an"},"content":{"rendered":"<p>Ein buntes Bild bot sich dem Besucher auf dem 6. Tr\u00f6delmarkt der CDU Kempen am 16.8.2009 auf dem Parkplatz an der Vorster Stra\u00dfe.<\/p>\n<p>Gleichwohl ging es \u2013wie bereits in den Vorjahren- ruhig und beschaulich zu.<br \/>\nKeine Musik, keine aufdringlichen H\u00e4ndler, keine Marktschreier!<\/p>\n<p>Einfach nur st\u00f6bern, schauen und dann um den Preis feilschen!<\/p>\n<p>Das zeichnet den Tr\u00f6delmarkt der CDU Kempen-S\u00fcd aus, der am vergangenen Sonntag viele Besucher anzog.<\/p>\n<p>Nach den gro\u00dfen Erfolgen in den Vorjahren fragten einige Tr\u00f6dler schon Anfang des Jahres nach dem Termin des diesj\u00e4hrigen Marktes.<\/p>\n<p>Schnell waren alle Pl\u00e4tze vergeben. Rund 60 Tr\u00f6dler fanden sich auf dem Parkplatz vor dem Penny-Markt ein.<\/p>\n<p>Vom B\u00fcgeleisen \u00fcber Skiausr\u00fcstungen, massenhaft Kinderspielzeug, Weihnachtsbaumschmuck, Kleidung, Autoersatzteile bis hin zur Bananenstaude gab es einfach alles, was einen Tr\u00f6delmarkt so reizvoll macht.<\/p>\n<p>So schlenderten wiederum mehrere hundert Besucher \u00fcber den Platz und entdeckten immer wieder Neues.<\/p>\n<p>Auch f\u00fcr Speis und Trank war gesorgt. Mit knackig gegrillten W\u00fcrstchen, herrlich duftenden frischen Waffeln und einem kalten Getr\u00e4nk lie\u00df es sich auch \u00fcber Mittag gut aushalten.<\/p>\n<p>Gro\u00dfen Zuspruch fand auch in diesem Jahr der Info-Stand der CDU. Anhand von Pl\u00e4nen und Skizzen wurde die Erweiterung des Baugebietes von sachkundigen Politikern erkl\u00e4rt.<\/p>\n<p>Es war wiederum ein erlebnisreicher Tag, der inzwischen Tradition hat und aus dem Terminkalender der CDU nicht mehr wegzudenken ist.<\/p>\n<p>Dem Vorsitzenden des Ortsausschusses S\u00fcd, Klaus Theissen, und seinem Team sei an dieser Stelle ein Lob f\u00fcr die gute Organisation ausgesprochen.<\/p>\n<p>\u00a0<\/p>\n<p>Sp\u00e4testens in einem Jahr sehen wir uns sicherlich hier wieder!<\/p>\n<p><a href=\"http:\/\/cdu-kempen.de\/wp-content\/uploads\/2009\/08\/troedel2.jpg\"><img loading=\"lazy\" decoding=\"async\" class=\"alignleft size-thumbnail wp-image-2036\" style=\"border: black 3px solid;\" title=\"6. Tr\u00f6delmarkt der CDU Kempen\" src=\"http:\/\/cdu-kempen.de\/wp-content\/uploads\/2009\/08\/troedel2-150x150.jpg\" alt=\"6. Tr\u00f6delmarkt der CDU Kempen\" width=\"150\" height=\"150\" \/><\/a><a href=\"http:\/\/cdu-kempen.de\/wp-content\/uploads\/2009\/08\/troedel3.jpg\"><img loading=\"lazy\" decoding=\"async\" class=\"alignleft size-thumbnail wp-image-2037\" style=\"border: black 3px solid;\" title=\"6. Tr\u00f6delmarkt der CDU Kempen\" src=\"http:\/\/cdu-kempen.de\/wp-content\/uploads\/2009\/08\/troedel3-150x150.jpg\" alt=\"6. Tr\u00f6delmarkt der CDU Kempen\" width=\"150\" height=\"150\" \/><\/a><a href=\"http:\/\/cdu-kempen.de\/wp-content\/uploads\/2009\/08\/troedel5.jpg\"><img loading=\"lazy\" decoding=\"async\" class=\"alignleft size-thumbnail wp-image-2039\" style=\"border: black 3px solid;\" title=\"6. Tr\u00f6delmarkt der CDU Kempen\" src=\"http:\/\/cdu-kempen.de\/wp-content\/uploads\/2009\/08\/troedel5-150x150.jpg\" alt=\"6. Tr\u00f6delmarkt der CDU Kempen\" width=\"150\" height=\"150\" \/><\/a><a href=\"http:\/\/cdu-kempen.de\/wp-content\/uploads\/2009\/08\/troedel4.jpg\"><img loading=\"lazy\" decoding=\"async\" class=\"alignleft size-thumbnail wp-image-2040\" style=\"border: black 3px solid;\" title=\"6. Tr\u00f6delmarkt der CDU Kempen\" src=\"http:\/\/cdu-kempen.de\/wp-content\/uploads\/2009\/08\/troedel4-150x150.jpg\" alt=\"6. Tr\u00f6delmarkt der CDU Kempen\" width=\"150\" height=\"150\" \/><\/a><a href=\"http:\/\/cdu-kempen.de\/wp-content\/uploads\/2009\/08\/troedel6.jpg\"><img loading=\"lazy\" decoding=\"async\" class=\"alignleft size-thumbnail wp-image-2041\" style=\"border: black 3px solid;\" title=\"6. Tr\u00f6delmarkt der CDU Kempen\" src=\"http:\/\/cdu-kempen.de\/wp-content\/uploads\/2009\/08\/troedel6-150x150.jpg\" alt=\"6. Tr\u00f6delmarkt der CDU Kempen\" width=\"150\" height=\"150\" \/><\/a><a href=\"http:\/\/cdu-kempen.de\/wp-content\/uploads\/2009\/08\/troedel8.jpg\"><img loading=\"lazy\" decoding=\"async\" class=\"alignleft size-thumbnail wp-image-2042\" style=\"border: black 3px solid;\" title=\"6. Tr\u00f6delmarkt der CDU Kempen\" src=\"http:\/\/cdu-kempen.de\/wp-content\/uploads\/2009\/08\/troedel8-150x150.jpg\" alt=\"6. Tr\u00f6delmarkt der CDU Kempen\" width=\"150\" height=\"150\" \/><\/a><a href=\"http:\/\/cdu-kempen.de\/wp-content\/uploads\/2009\/08\/troedel9.jpg\"><img loading=\"lazy\" decoding=\"async\" class=\"alignleft size-thumbnail wp-image-2043\" style=\"border: black 3px solid;\" title=\"6. Tr\u00f6delmarkt der CDU Kempen\" src=\"http:\/\/cdu-kempen.de\/wp-content\/uploads\/2009\/08\/troedel9-150x150.jpg\" alt=\"6. Tr\u00f6delmarkt der CDU Kempen\" width=\"150\" height=\"150\" \/><\/a><a href=\"http:\/\/cdu-kempen.de\/wp-content\/uploads\/2009\/08\/troedel7.jpg\"><img loading=\"lazy\" decoding=\"async\" class=\"alignleft size-thumbnail wp-image-2044\" style=\"border: black 3px solid;\" title=\"6. Tr\u00f6delmarkt der CDU Kempen\" src=\"http:\/\/cdu-kempen.de\/wp-content\/uploads\/2009\/08\/troedel7-150x150.jpg\" alt=\"6. Tr\u00f6delmarkt der CDU Kempen\" width=\"150\" height=\"150\" \/><\/a><a href=\"http:\/\/cdu-kempen.de\/wp-content\/uploads\/2009\/08\/troedel10.jpg\"><img loading=\"lazy\" decoding=\"async\" class=\"alignleft size-thumbnail wp-image-2045\" style=\"border: black 3px solid;\" title=\"6. Tr\u00f6delmarkt der CDU Kempen\" src=\"http:\/\/cdu-kempen.de\/wp-content\/uploads\/2009\/08\/troedel10-150x150.jpg\" alt=\"6. Tr\u00f6delmarkt der CDU Kempen\" width=\"150\" height=\"150\" \/><\/a><\/p>\n","protected":false},"excerpt":{"rendered":"<p>Ein buntes Bild bot sich dem Besucher auf dem 6. Tr\u00f6delmarkt der CDU Kempen am 16.8.2009 auf dem Parkplatz an der Vorster Stra\u00dfe. Gleichwohl ging es \u2013wie bereits in den Vorjahren- ruhig und beschaulich zu.<br \/>\nKeine Musik, keine aufdringlichen H\u00e4ndler, keine Marktschreier! Einfach nur st\u00f6bern, schauen und dann um den Preis feilschen!<br \/>\nDas zeichnet den Tr\u00f6delmarkt der CDU Kempen-S\u00fcd aus, der am vergangenen Sonntag viele Besucher anzog.<br \/>\nNach den gro\u00dfen Erfolgen in den Vorjahren fragten einige Tr\u00f6dler schon Anfang des Jahres nach dem Termin des diesj\u00e4hrigen Marktes.<\/p>\n","protected":false},"author":1,"featured_media":0,"comment_status":"closed","ping_status":"closed","sticky":false,"template":"","format":"standard","meta":{"_et_pb_use_builder":"","_et_pb_old_content":"","_et_gb_content_width":"","footnotes":""},"categories":[4],"tags":[],"class_list":["post-2033","post","type-post","status-publish","format-standard","hentry","category-allgemeines"],"_links":{"self":[{"href":"https:\/\/cdu-kempen.de\/index.php\/wp-json\/wp\/v2\/posts\/2033"}],"collection":[{"href":"https:\/\/cdu-kempen.de\/index.php\/wp-json\/wp\/v2\/posts"}],"about":[{"href":"https:\/\/cdu-kempen.de\/index.php\/wp-json\/wp\/v2\/types\/post"}],"author":[{"embeddable":true,"href":"https:\/\/cdu-kempen.de\/index.php\/wp-json\/wp\/v2\/users\/1"}],"replies":[{"embeddable":true,"href":"https:\/\/cdu-kempen.de\/index.php\/wp-json\/wp\/v2\/comments?post=2033"}],"version-history":[{"count":0,"href":"https:\/\/cdu-kempen.de\/index.php\/wp-json\/wp\/v2\/posts\/2033\/revisions"}],"wp:attachment":[{"href":"https:\/\/cdu-kempen.de\/index.php\/wp-json\/wp\/v2\/media?parent=2033"}],"wp:term":[{"taxonomy":"category","embeddable":true,"href":"https:\/\/cdu-kempen.de\/index.php\/wp-json\/wp\/v2\/categories?post=2033"},{"taxonomy":"post_tag","embeddable":true,"href":"https:\/\/cdu-kempen.de\/index.php\/wp-json\/wp\/v2\/tags?post=2033"}],"curies":[{"name":"wp","href":"https:\/\/api.w.org\/{rel}","templated":true}]}}