{"id":2172,"date":"2009-09-13T21:46:44","date_gmt":"2009-09-13T19:46:44","guid":{"rendered":"http:\/\/www.cdu-kempen.de\/?p=2172"},"modified":"2009-09-13T21:46:44","modified_gmt":"2009-09-13T19:46:44","slug":"traditionelles-kartoffelfest-in-tonisberg","status":"publish","type":"post","link":"https:\/\/cdu-kempen.de\/index.php\/traditionelles-kartoffelfest-in-tonisberg\/","title":{"rendered":"Traditionelles Kartoffelfest in T\u00f6nisberg"},"content":{"rendered":"<p>Ein Hauch von Kartoffelduft \u00fcber dem Bergdorf, die T\u00f6nisberger CDU feierte am 13.9.2009 Mal ihr Kartoffelfest.<br \/>\nZum 13. Mal drehte sich in T\u00f6nisberg alles um die Kartoffel.<\/p>\n<p>Die Organisatoren des CDU-Ortsausschusses T\u00f6nisberg haben wiederum ein buntes Fest auf die Beine gestellt.<\/p>\n<p>Ruhig und beschaulich ging&#8217;s zu, obwohl wieder einmal Hunderte Besucher aller Altersschichten ab 10.30 Uhr zum Heinrich-Op-de-Hipt-Platz in T\u00f6nisberg str\u00f6mten. Auch kleine Regenschauer hielten die Besucher nicht von einem Besuch ab.<br \/>\nSo manche K\u00fcche -nicht nur in T\u00f6nisberg-, blieb kalt. Zu verlockend waren die Angebote.<br \/>\nKartoffeln in allen Variationen, ob als Pommes, Reibekuchen, im Brot oder in fl\u00fcssiger Form als Suppe oder Kartoffelschnaps waren die Renner!<\/p>\n<p>Es war wieder einmal ein Fest f\u00fcr Jung und Alt. Kinder lie\u00dfen Luftballons steigen oder fuhren mit dem Kartoffeltrecker durch T\u00f6nisberg, w\u00e4hrend sich manche Erwachsene am Stand des T\u00f6nisberger Heimatvereins informierten oder den Kartoffelschnaps probierten.<\/p>\n<p>Klar, dass auch so manch politisches Gespr\u00e4ch gef\u00fchrt wurde.<br \/>\nDie CDU-Stadtverordneten hatten ein offenes Ohr f\u00fcr viele Fragen und Anliegen, die an sie herangetragen wurden.<br \/>\n<a href=\"http:\/\/cdu-kempen.de\/wp-content\/uploads\/2009\/09\/kf3.jpg\"><img loading=\"lazy\" decoding=\"async\" class=\"alignleft size-thumbnail wp-image-2183\" style=\"border: black 3px solid;\" title=\"Kartoffelfest\" src=\"http:\/\/cdu-kempen.de\/wp-content\/uploads\/2009\/09\/kf3-150x150.jpg\" alt=\"Kartoffelfest\" width=\"150\" height=\"150\" \/><\/a><a href=\"http:\/\/cdu-kempen.de\/wp-content\/uploads\/2009\/09\/kf10.jpg\"><img loading=\"lazy\" decoding=\"async\" class=\"alignleft size-thumbnail wp-image-2184\" style=\"border: black 3px solid;\" title=\"Kartoffelfest\" src=\"http:\/\/cdu-kempen.de\/wp-content\/uploads\/2009\/09\/kf10-150x150.jpg\" alt=\"Kartoffelfest\" width=\"150\" height=\"150\" \/><\/a><a href=\"http:\/\/cdu-kempen.de\/wp-content\/uploads\/2009\/09\/kf5.jpg\"><img loading=\"lazy\" decoding=\"async\" class=\"alignleft size-thumbnail wp-image-2185\" style=\"border: black 3px solid;\" title=\"Kartoffelfest\" src=\"http:\/\/cdu-kempen.de\/wp-content\/uploads\/2009\/09\/kf5-150x150.jpg\" alt=\"Kartoffelfest\" width=\"150\" height=\"150\" \/><\/a><a href=\"http:\/\/cdu-kempen.de\/wp-content\/uploads\/2009\/09\/kf6.jpg\"><img loading=\"lazy\" decoding=\"async\" class=\"alignleft size-thumbnail wp-image-2186\" style=\"border: black 3px solid;\" title=\"Kartoffelfest\" src=\"http:\/\/cdu-kempen.de\/wp-content\/uploads\/2009\/09\/kf6-150x150.jpg\" alt=\"Kartoffelfest\" width=\"150\" height=\"150\" \/><\/a><a href=\"http:\/\/cdu-kempen.de\/wp-content\/uploads\/2009\/09\/kf11.jpg\"><img loading=\"lazy\" decoding=\"async\" class=\"alignleft size-thumbnail wp-image-2179\" style=\"border: black 3px solid;\" title=\"Kartoffelfest\" src=\"http:\/\/cdu-kempen.de\/wp-content\/uploads\/2009\/09\/kf11-150x150.jpg\" alt=\"Kartoffelfest\" width=\"150\" height=\"150\" \/><\/a><a href=\"http:\/\/cdu-kempen.de\/wp-content\/uploads\/2009\/09\/kf7.jpg\"><img loading=\"lazy\" decoding=\"async\" class=\"alignleft size-thumbnail wp-image-2187\" style=\"border: black 3px solid;\" title=\"kf7\" src=\"http:\/\/cdu-kempen.de\/wp-content\/uploads\/2009\/09\/kf7-150x150.jpg\" alt=\"Kartoffelfest\" width=\"150\" height=\"150\" \/><\/a><a href=\"http:\/\/cdu-kempen.de\/wp-content\/uploads\/2009\/09\/kf9.jpg\"><img loading=\"lazy\" decoding=\"async\" class=\"alignleft size-thumbnail wp-image-2188\" style=\"border: black 3px solid;\" title=\"Kartoffelfest\" src=\"http:\/\/cdu-kempen.de\/wp-content\/uploads\/2009\/09\/kf9-150x150.jpg\" alt=\"Kartoffelfest\" width=\"150\" height=\"150\" \/><\/a><a href=\"http:\/\/cdu-kempen.de\/wp-content\/uploads\/2009\/09\/kf4.jpg\"><img loading=\"lazy\" decoding=\"async\" class=\"alignleft size-thumbnail wp-image-2181\" style=\"border: black 3px solid;\" title=\"Kartoffelfest\" src=\"http:\/\/cdu-kempen.de\/wp-content\/uploads\/2009\/09\/kf4-150x150.jpg\" alt=\"Kartoffelfest\" width=\"150\" height=\"150\" \/><\/a><a href=\"http:\/\/cdu-kempen.de\/wp-content\/uploads\/2009\/09\/kf2.jpg\"><img loading=\"lazy\" decoding=\"async\" class=\"alignleft size-thumbnail wp-image-2182\" style=\"border: black 3px solid;\" title=\"Kartoffelfest\" src=\"http:\/\/cdu-kempen.de\/wp-content\/uploads\/2009\/09\/kf2-150x150.jpg\" alt=\"Kartoffelfest\" width=\"150\" height=\"150\" \/><\/a><\/p>\n","protected":false},"excerpt":{"rendered":"<p>Ein Hauch von Kartoffelduft \u00fcber dem Bergdorf, die T\u00f6nisberger CDU feierte am 13.09.2009 Mal ihr Kartoffelfest.<br \/>\nZum 13. Mal drehte sich in T\u00f6nisberg alles um die Kartoffel.<br \/>\nDie Organisatoren des CDU-Ortsausschusses T\u00f6nisberg haben wiederum ein buntes Fest auf die Beine gestellt. <\/p>\n","protected":false},"author":1,"featured_media":0,"comment_status":"closed","ping_status":"closed","sticky":false,"template":"","format":"standard","meta":{"_et_pb_use_builder":"","_et_pb_old_content":"","_et_gb_content_width":"","footnotes":""},"categories":[4],"tags":[],"class_list":["post-2172","post","type-post","status-publish","format-standard","hentry","category-allgemeines"],"_links":{"self":[{"href":"https:\/\/cdu-kempen.de\/index.php\/wp-json\/wp\/v2\/posts\/2172"}],"collection":[{"href":"https:\/\/cdu-kempen.de\/index.php\/wp-json\/wp\/v2\/posts"}],"about":[{"href":"https:\/\/cdu-kempen.de\/index.php\/wp-json\/wp\/v2\/types\/post"}],"author":[{"embeddable":true,"href":"https:\/\/cdu-kempen.de\/index.php\/wp-json\/wp\/v2\/users\/1"}],"replies":[{"embeddable":true,"href":"https:\/\/cdu-kempen.de\/index.php\/wp-json\/wp\/v2\/comments?post=2172"}],"version-history":[{"count":0,"href":"https:\/\/cdu-kempen.de\/index.php\/wp-json\/wp\/v2\/posts\/2172\/revisions"}],"wp:attachment":[{"href":"https:\/\/cdu-kempen.de\/index.php\/wp-json\/wp\/v2\/media?parent=2172"}],"wp:term":[{"taxonomy":"category","embeddable":true,"href":"https:\/\/cdu-kempen.de\/index.php\/wp-json\/wp\/v2\/categories?post=2172"},{"taxonomy":"post_tag","embeddable":true,"href":"https:\/\/cdu-kempen.de\/index.php\/wp-json\/wp\/v2\/tags?post=2172"}],"curies":[{"name":"wp","href":"https:\/\/api.w.org\/{rel}","templated":true}]}}