{"id":2205,"date":"2009-10-25T21:00:16","date_gmt":"2009-10-25T19:00:16","guid":{"rendered":"http:\/\/www.cdu-kempen.de\/?p=2205"},"modified":"2009-10-25T21:00:16","modified_gmt":"2009-10-25T19:00:16","slug":"herbstwanderung-der-cdu-tonisberg-endete-mit-zunftigem-grunkohlessen","status":"publish","type":"post","link":"https:\/\/cdu-kempen.de\/index.php\/herbstwanderung-der-cdu-tonisberg-endete-mit-zunftigem-grunkohlessen\/","title":{"rendered":"Herbstwanderung der CDU T\u00f6nisberg"},"content":{"rendered":"<p>Bei strahlendem Sonnenschein und ein einer leichten Brise machte sich die T\u00f6nisberger CDU am Sonntag, 25.10.2009 mit rund 25 wanderlustigen G\u00e4sten auf den Weg \u00fcber die von buntem Laub gef\u00e4rbten T\u00f6nisberger H\u00f6hen. Es ging vom Treffpunkt Haus Baaken zun\u00e4chst am alten Rittergut Padenberg vorbei. Dort wurde eine kurze Erl\u00e4uterung zum Geschlecht der Reichsgrafen von Hoenbroech abgegeben, die heute noch auf Schloss Haag bei Geldern residieren und unver\u00e4ndert auch Landbesitz in T\u00f6nisberg haben. Weiter ging es durch die schmucke neue Siedlung \u201eAn Padenberg\u201c\u00a0 am T\u00f6pferdenkmal vorbei auf den Stendener Kirchweg. Hier wurde die Besonderheit der T\u00f6nisberger Hohlwege auf der Nordseite des Hanges erl\u00e4utert. Kurz vor der Wartsbergsiedlung erreichte die Wandergruppe eine der sch\u00f6nsten Landschaftsblicke von T\u00f6nisberg mit dem hinter B\u00fcschen halbverdecktem Kirchturm von St. Antonius und auf den langen R\u00fccken der Waschberge von Friedrich Heinrich am Horizont.<\/p>\n<p>Weiter ging es \u00fcber den Wartsbergr\u00fccken hinter dem Zechengel\u00e4nde entlang und dann hinunter zur B 9. Dort konnte das Schicksal des Delmannshofes besichtigt werden, der aufgrund der verrotteten Pfahlgr\u00fcndung vor dem endg\u00fcltigen Abriss steht. Mit ihm wird ein weiterer fast 1000j\u00e4hriger Hof aus dem Weichbild von T\u00f6nisberg verschwinden.<\/p>\n<p>Z\u00fcgig ging es dann weiter \u00fcber die St. Huberter Stra\u00dfe bis Gastendonk und dann \u00fcber die Hinterorbroicher Stra\u00dfe zum Zielort Cafe Kornblume. Auch hier begleitete herbstliche Stimmung und eine wohltuende Sonntagsruhe die Wanderer. Nach der sechs Kiloometer langen Wanderung wartete ein gut vorbereitetes, z\u00fcnftiges Gr\u00fcnkohlessen mit Mettwurst auf die Gruppe. Am langen Tisch war weitere Gelegenheit, die angeregten Gespr\u00e4che von der Wanderung noch etwas fortzusetzen.<\/p>\n<p><a href=\"http:\/\/cdu-kempen.de\/wp-content\/uploads\/2009\/11\/wanderung2.jpg.jpg\"><img loading=\"lazy\" decoding=\"async\" class=\"alignleft size-thumbnail wp-image-2210\" style=\"border: black 3px solid;\" title=\"Herbstwanderung der CDU T\u00f6nisberg\" src=\"http:\/\/cdu-kempen.de\/wp-content\/uploads\/2009\/11\/wanderung2.jpg-150x150.jpg\" alt=\"Herbstwanderung der CDU T\u00f6nisberg\" width=\"150\" height=\"150\" \/><\/a><a href=\"http:\/\/cdu-kempen.de\/wp-content\/uploads\/2009\/11\/wanderung1.jpg.jpg\"><img loading=\"lazy\" decoding=\"async\" class=\"alignleft size-thumbnail wp-image-2209\" style=\"border: black 3px solid;\" title=\"Herbstwanderung der CDU T\u00f6nisberg\" src=\"http:\/\/cdu-kempen.de\/wp-content\/uploads\/2009\/11\/wanderung1.jpg-150x150.jpg\" alt=\"Herbstwanderung der CDU T\u00f6nisberg\" width=\"150\" height=\"150\" \/><\/a><a href=\"http:\/\/cdu-kempen.de\/wp-content\/uploads\/2009\/11\/wanderung3.jpg.jpg\"><img loading=\"lazy\" decoding=\"async\" class=\"alignleft size-thumbnail wp-image-2211\" style=\"border: black 3px solid;\" title=\"Herbstwanderung der CDU T\u00f6nisberg\" src=\"http:\/\/cdu-kempen.de\/wp-content\/uploads\/2009\/11\/wanderung3.jpg-150x150.jpg\" alt=\"Herbstwanderung der CDU T\u00f6nisberg\" width=\"150\" height=\"150\" \/><\/a><a href=\"http:\/\/cdu-kempen.de\/wp-content\/uploads\/2009\/11\/wanderung4.jpg.jpg\"><img loading=\"lazy\" decoding=\"async\" class=\"alignleft size-thumbnail wp-image-2212\" style=\"border: black 3px solid;\" title=\"Herbstwanderung der CDU T\u00f6nisberg\" src=\"http:\/\/cdu-kempen.de\/wp-content\/uploads\/2009\/11\/wanderung4.jpg-150x150.jpg\" alt=\"Herbstwanderung der CDU T\u00f6nisberg\" width=\"150\" height=\"150\" \/><\/a><a href=\"http:\/\/cdu-kempen.de\/wp-content\/uploads\/2009\/11\/wanderung5.jpg.jpg\"><img loading=\"lazy\" decoding=\"async\" class=\"alignleft size-thumbnail wp-image-2213\" style=\"border: black 3px solid;\" title=\"Herbstwanderung der CDU T\u00f6nisberg\" src=\"http:\/\/cdu-kempen.de\/wp-content\/uploads\/2009\/11\/wanderung5.jpg-150x150.jpg\" alt=\"Herbstwanderung der CDU T\u00f6nisberg\" width=\"150\" height=\"150\" \/><\/a><\/p>\n","protected":false},"excerpt":{"rendered":"<p>Bei strahlendem Sonnenschein und ein einer leichten Brise machte sich die T\u00f6nisberger CDU am Sonntag, 25.10.2009 mit rund 25 wanderlustigen G\u00e4sten auf den Weg \u00fcber die von buntem Laub gef\u00e4rbten T\u00f6nisberger H\u00f6hen. <\/p>\n","protected":false},"author":1,"featured_media":0,"comment_status":"closed","ping_status":"closed","sticky":false,"template":"","format":"standard","meta":{"_et_pb_use_builder":"","_et_pb_old_content":"","_et_gb_content_width":"","footnotes":""},"categories":[4],"tags":[],"class_list":["post-2205","post","type-post","status-publish","format-standard","hentry","category-allgemeines"],"_links":{"self":[{"href":"https:\/\/cdu-kempen.de\/index.php\/wp-json\/wp\/v2\/posts\/2205"}],"collection":[{"href":"https:\/\/cdu-kempen.de\/index.php\/wp-json\/wp\/v2\/posts"}],"about":[{"href":"https:\/\/cdu-kempen.de\/index.php\/wp-json\/wp\/v2\/types\/post"}],"author":[{"embeddable":true,"href":"https:\/\/cdu-kempen.de\/index.php\/wp-json\/wp\/v2\/users\/1"}],"replies":[{"embeddable":true,"href":"https:\/\/cdu-kempen.de\/index.php\/wp-json\/wp\/v2\/comments?post=2205"}],"version-history":[{"count":0,"href":"https:\/\/cdu-kempen.de\/index.php\/wp-json\/wp\/v2\/posts\/2205\/revisions"}],"wp:attachment":[{"href":"https:\/\/cdu-kempen.de\/index.php\/wp-json\/wp\/v2\/media?parent=2205"}],"wp:term":[{"taxonomy":"category","embeddable":true,"href":"https:\/\/cdu-kempen.de\/index.php\/wp-json\/wp\/v2\/categories?post=2205"},{"taxonomy":"post_tag","embeddable":true,"href":"https:\/\/cdu-kempen.de\/index.php\/wp-json\/wp\/v2\/tags?post=2205"}],"curies":[{"name":"wp","href":"https:\/\/api.w.org\/{rel}","templated":true}]}}