{"id":2531,"date":"2010-03-23T09:37:54","date_gmt":"2010-03-23T07:37:54","guid":{"rendered":"http:\/\/www.cdu-kempen.de\/?p=2531"},"modified":"2010-03-23T09:37:54","modified_gmt":"2010-03-23T07:37:54","slug":"cdu-tonisberg-wahlte-neuen-vorstand","status":"publish","type":"post","link":"https:\/\/cdu-kempen.de\/index.php\/cdu-tonisberg-wahlte-neuen-vorstand\/","title":{"rendered":"CDU T\u00f6nisberg w\u00e4hlte neuen Vorstand"},"content":{"rendered":"<p>Die Mitglieder des CDU-Ortsverbandes Kempen-T\u00f6nisberg w\u00e4hlten auf ihrer Mitgliederversammlung am 18.03.2010 im Saal der Gastst\u00e4tte Sitterz einen neuen Vorstand. Zuvor ehrte Karlheinz Omsels (stellv. Vorsitzender der CDU Kempen) f\u00fcnf Mitglieder aus T\u00f6nisberg f\u00fcr ihre 35j\u00e4hrige Mitgliedschaft.<\/p>\n<p>Peter Thissen, August Koeters, Anton Hugo, Caspar Berninghaus und Anneliese Hoenmans-Leurs erhielten f\u00fcr ihre Treue Urkunden, die u.a. von der Bundesvorsitzenden Angela Merkel unterzeichnet waren. Nicht anwesend waren Alfons Kisters und Heinz Hoenen, die ebenfalls seit dem 1.1.1975 auf eine Mitgliedschaft in der CDU zur\u00fcckblicken k\u00f6nnen.<\/p>\n<p>Bei den Neuwahlen des Vorstandes wurde Karl Roegels zum neuen Vorsitzenden gew\u00e4hlt. Er dankte Aloys Schl\u00fctter, Norbert Cleve, Dr. Hugo Hammans und Karola Vogel f\u00fcr ihre langj\u00e4hrige engagierte Mitarbeit im Vorstand des Ortsverbandes.<\/p>\n<p>In einem kurzen Gru\u00dfwort des Fraktionsvorsitzenden der CDU Kempen, Wilfried Bogedain, erl\u00e4uterte er den Stand der Haushaltsberatungen. Bei einer Deckungsl\u00fccke von \u00fcber 8 Mio Euro rief er zu einem gemeinsamen Sparwillen auf.<\/p>\n<p>\u00a0Landtagsabgeordneter Christian Weisbrich blickte sodann auf eine 5j\u00e4hrige erfolgreiche Politik der Landesregierung NRW zur\u00fcck. Die Arbeitslosigkeit sei in NRW in den letzten 5 Jahren trotz Finanz- und Wirtschaftskrise von 1,1 Mio auf ca. 700000 gefallen. Der Unterrichtsausfall sei in der letzten Legislaturperiode halbiert worden, 8100 Lehrerstellen wurden neu geschaffen.<\/p>\n<p>Er warb um Vertrauen f\u00fcr die CDU\/FDP-Koaltion im Land NRW und um eine Fortsetzung der erfolgreichen Landespolitik.<\/p>\n<p>\u201eF\u00fcr J\u00fcrgen R\u00fcttgers steht der Mensch im Mittelpunkt der Politik\u201c.<\/p>\n<p>Christian Weisbrich best\u00e4tigte, dass die Bauarbeiten f\u00fcr die L\u00e4rmschutzwand an der A40 in K\u00fcrze beginnen werden. Au\u00dferdem wusste er zu berichten, dass die Umgehungsstra\u00dfe zur Entlastung der Bergstra\u00dfe beim zust\u00e4ndigen Landesstra\u00dfenbauamt mit der Dringlichkeitsstufe 2 versehen sei. Dies bedeute, dass man mit einer Realisierung in den kommenden 5 Jahren rechnen k\u00f6nne.<\/p>\n","protected":false},"excerpt":{"rendered":"<p>Die Mitglieder des CDU-Ortsverbandes Kempen-T\u00f6nisberg w\u00e4hlten auf ihrer Mitgliederversammlung am 18.03.2010 im Saal der Gastst\u00e4tte Sitterz einen neuen Vorstand. Zuvor ehrte Karlheinz Omsels (stellv. Vorsitzender der CDU Kempen) f\u00fcnf Mitglieder aus T\u00f6nisberg f\u00fcr ihre 35j\u00e4hrige Mitgliedschaft.<\/p>\n","protected":false},"author":1,"featured_media":0,"comment_status":"closed","ping_status":"closed","sticky":false,"template":"","format":"standard","meta":{"_et_pb_use_builder":"","_et_pb_old_content":"","_et_gb_content_width":"","footnotes":""},"categories":[5],"tags":[],"class_list":["post-2531","post","type-post","status-publish","format-standard","hentry","category-aktuelles"],"_links":{"self":[{"href":"https:\/\/cdu-kempen.de\/index.php\/wp-json\/wp\/v2\/posts\/2531"}],"collection":[{"href":"https:\/\/cdu-kempen.de\/index.php\/wp-json\/wp\/v2\/posts"}],"about":[{"href":"https:\/\/cdu-kempen.de\/index.php\/wp-json\/wp\/v2\/types\/post"}],"author":[{"embeddable":true,"href":"https:\/\/cdu-kempen.de\/index.php\/wp-json\/wp\/v2\/users\/1"}],"replies":[{"embeddable":true,"href":"https:\/\/cdu-kempen.de\/index.php\/wp-json\/wp\/v2\/comments?post=2531"}],"version-history":[{"count":0,"href":"https:\/\/cdu-kempen.de\/index.php\/wp-json\/wp\/v2\/posts\/2531\/revisions"}],"wp:attachment":[{"href":"https:\/\/cdu-kempen.de\/index.php\/wp-json\/wp\/v2\/media?parent=2531"}],"wp:term":[{"taxonomy":"category","embeddable":true,"href":"https:\/\/cdu-kempen.de\/index.php\/wp-json\/wp\/v2\/categories?post=2531"},{"taxonomy":"post_tag","embeddable":true,"href":"https:\/\/cdu-kempen.de\/index.php\/wp-json\/wp\/v2\/tags?post=2531"}],"curies":[{"name":"wp","href":"https:\/\/api.w.org\/{rel}","templated":true}]}}