{"id":2598,"date":"2010-06-29T18:27:01","date_gmt":"2010-06-29T16:27:01","guid":{"rendered":"http:\/\/www.cdu-kempen.de\/?p=2598"},"modified":"2010-06-29T18:27:01","modified_gmt":"2010-06-29T16:27:01","slug":"cdu-stimmt-dem-haushalt-2010-zu","status":"publish","type":"post","link":"https:\/\/cdu-kempen.de\/index.php\/cdu-stimmt-dem-haushalt-2010-zu\/","title":{"rendered":"CDU stimmt dem Haushalt 2010 zu"},"content":{"rendered":"<p>Die CDU-Fraktion stimmte in der Ratssitzung am 29.06.2010 dem Haushalt 2010 und dem Stellenplan uneingeschr\u00e4nkt zu.<br \/>\nDamit sind auch die im Haushalt eingebundenen Konsolidierungsma\u00dfnahmen auf den Weg gebracht.<br \/>\nBei einem strukturellen Defizit von \u00fcber 8 Mio EUR bleiben Sparma\u00dfnahmen unausweislich, um nicht in die Haushaltssicherung zu geraten.<br \/>\nIn seiner Haushaltsrede unterstrich Fraktionsvorsitzender Wilfried Bogedain die Notwendigkeit zum sofortigen Handeln, um nicht die Handlungsf\u00e4higkeit und Selbst\u00e4ndigkeit in einer Haushaltssicherungsphase zu verlieren.<br \/>\n<strong>\u201eWenn wir heute nicht selbst handeln, laufen wir Gefahr in einer Haushaltssicherung von anderen behandelt zu werden\u201c,<\/strong> sagte er.<br \/>\nEr rief zur Gemeinsamkeit auf und appellierte an Vereine, Verb\u00e4nde, Interessensgemeinschaften und jeden B\u00fcrger, getroffene Sparma\u00dfnahmen mitzutragen.<\/p>\n<p>Die CDU hat sich in den Beratungen zum Haushalt 2010 von folgenden Grunds\u00e4tzen leiten lassen:<br \/>\n1.\u00a0Ein Konsolidierungskonzept muss ausgewogen sein.<br \/>\n2.\u00a0Die Belastungen sollten auf viele Schultern verteilt sein, keiner darf \u00fcberfordert werden.<br \/>\n3.\u00a0Es d\u00fcrfen keine Strukturen zerst\u00f6rt werden, die f\u00fcr die weitere Entwicklung Kempens wichtig sind.<br \/>\n4.\u00a0Erhalt von Arbeitspl\u00e4tzen, gute Bildungchancen f\u00fcr jeden und Familienfreundlichkeit haben f\u00fcr uns bei allen Sparzw\u00e4ngen eine hohe Priorit\u00e4t.<\/p>\n<p><strong>\u201eEin Kaputtsparen und einseitige Belastungen wird es mit der CDU nicht geben\u201c,<\/strong>\u00a0 meinte Wilfried Bogedain .<\/p>\n<p><a class=\"aligncenter\" href=\"http:\/\/www.cdu-kempen.de\/bilder\/pdf\/CDU Haushaltsrede 2010.pdf\" target=\"_blank\">Die Haushaltsrede des Fraktionsvorsitzenden im vollen Wortlaut<\/a><\/p>\n","protected":false},"excerpt":{"rendered":"<p>Die CDU-Fraktion stimmte in der Ratssitzung am 29.06.2010 dem Haushalt 2010 und dem Stellenplan uneingeschr\u00e4nkt zu.<br \/>\nDamit sind auch die im Haushalt eingebundenen Konsolidierungsma\u00dfnahmen auf den Weg gebracht.<\/p>\n","protected":false},"author":1,"featured_media":0,"comment_status":"closed","ping_status":"closed","sticky":false,"template":"","format":"standard","meta":{"_et_pb_use_builder":"","_et_pb_old_content":"","_et_gb_content_width":"","footnotes":""},"categories":[5],"tags":[],"class_list":["post-2598","post","type-post","status-publish","format-standard","hentry","category-aktuelles"],"_links":{"self":[{"href":"https:\/\/cdu-kempen.de\/index.php\/wp-json\/wp\/v2\/posts\/2598"}],"collection":[{"href":"https:\/\/cdu-kempen.de\/index.php\/wp-json\/wp\/v2\/posts"}],"about":[{"href":"https:\/\/cdu-kempen.de\/index.php\/wp-json\/wp\/v2\/types\/post"}],"author":[{"embeddable":true,"href":"https:\/\/cdu-kempen.de\/index.php\/wp-json\/wp\/v2\/users\/1"}],"replies":[{"embeddable":true,"href":"https:\/\/cdu-kempen.de\/index.php\/wp-json\/wp\/v2\/comments?post=2598"}],"version-history":[{"count":0,"href":"https:\/\/cdu-kempen.de\/index.php\/wp-json\/wp\/v2\/posts\/2598\/revisions"}],"wp:attachment":[{"href":"https:\/\/cdu-kempen.de\/index.php\/wp-json\/wp\/v2\/media?parent=2598"}],"wp:term":[{"taxonomy":"category","embeddable":true,"href":"https:\/\/cdu-kempen.de\/index.php\/wp-json\/wp\/v2\/categories?post=2598"},{"taxonomy":"post_tag","embeddable":true,"href":"https:\/\/cdu-kempen.de\/index.php\/wp-json\/wp\/v2\/tags?post=2598"}],"curies":[{"name":"wp","href":"https:\/\/api.w.org\/{rel}","templated":true}]}}