{"id":2756,"date":"2010-09-29T01:54:43","date_gmt":"2010-09-28T23:54:43","guid":{"rendered":"http:\/\/www.cdu-kempen.de\/?p=2756"},"modified":"2010-09-29T01:54:43","modified_gmt":"2010-09-28T23:54:43","slug":"cdu-fraktion-besucht-xanten","status":"publish","type":"post","link":"https:\/\/cdu-kempen.de\/index.php\/cdu-fraktion-besucht-xanten\/","title":{"rendered":"CDU Fraktion besucht Xanten"},"content":{"rendered":"<p>Die diesj\u00e4hrige Informationsfahrt der CDU Fraktion f\u00fchrte am Sonntag, 26.09.2010 in die R\u00f6mer-, Dom- und Siegfriedstadt Xanten, die auf eine \u00fcber 2000j\u00e4hrige Geschichte zur\u00fcckblickt.<br \/>\nNach einer Stadtf\u00fchrung, in der auch auf die st\u00e4dtbauliche Entwickung und die Verkn\u00fcpfung von historischen und neuzeitlichen Geb\u00e4uden eingegangen wurde, stand ein Empfang beim B\u00fcrgermeister Christian Strunk (CDU) im Rathaus der Stadt Xanten und ein intensiver Gedankenaustausch zum st\u00e4dtischen Marketing und zur Tourismuswerbung auf dem Programm.<br \/>\nNach dem Mittagessen erl\u00e4uterte der Direktor des Museums \u201eNibelungen(h)ort\u201c, Dr. Trost, das Konzept des neuen Museums, dem sich ein Rundgang durch die sagenumwobene Geschichte anschloss.<br \/>\nDie Informationsfahrt endete mit einer 1 \u00bd st\u00fcndigen Schifffahrt auf der Xantener Nord- und S\u00fcdsee, die durch Kiesaushebungen entstanden sind.<br \/>\nDie Fraktion kehrte mit vielen Eindr\u00fccken zur\u00fcck, die in den kommenden Wochen sicherlich in den politischen Gremien der CDU vertiefend diskutiert werden.<br \/>\nEs boten sich viele Vergleiche, da sich die CDU auch in Kempen f\u00fcr eine Weiterentwicklung des Stadtmarketings, eine Umgestaltung des Kramermuseums und in absehbarer Zeit f\u00fcr eine Rekultivierung der Auskiesungsfl\u00e4chen zwischen Kempen und St. Hubert einsetzen wird.\u00a0<br \/>\n<a href=\"http:\/\/cdu-kempen.de\/wp-content\/uploads\/2010\/09\/Xanten-2.jpg\"><img loading=\"lazy\" decoding=\"async\" class=\"alignleft size-thumbnail wp-image-2759\" style=\"margin: 3px; border: black 3px solid;\" title=\"CDU Fraktion besucht Xanten\" src=\"http:\/\/cdu-kempen.de\/wp-content\/uploads\/2010\/09\/Xanten-2-150x150.jpg\" alt=\"\" width=\"150\" height=\"150\" \/><\/a><a href=\"http:\/\/cdu-kempen.de\/wp-content\/uploads\/2010\/09\/Xanten-3.jpg\"><img loading=\"lazy\" decoding=\"async\" class=\"alignleft size-thumbnail wp-image-2760\" style=\"margin: 3px; border: black 3px solid;\" title=\"CDU Fraktion besucht Xanten\" src=\"http:\/\/cdu-kempen.de\/wp-content\/uploads\/2010\/09\/Xanten-3-150x150.jpg\" alt=\"\" width=\"150\" height=\"150\" \/><\/a><a href=\"http:\/\/cdu-kempen.de\/wp-content\/uploads\/2010\/09\/Xanten-4.jpg\"><img loading=\"lazy\" decoding=\"async\" class=\"alignleft size-thumbnail wp-image-2761\" style=\"margin: 3px; border: black 3px solid;\" title=\"CDU Fraktion besucht Xanten\" src=\"http:\/\/cdu-kempen.de\/wp-content\/uploads\/2010\/09\/Xanten-4-150x150.jpg\" alt=\"\" width=\"150\" height=\"150\" \/><\/a><\/p>\n<p><span style=\"color: #000000;\">\u00a0<\/span><\/p>\n<p><span style=\"color: #000000;\">\u00a0<\/span><\/p>\n<p><span style=\"color: #000000;\">\u00a0<\/span><\/p>\n","protected":false},"excerpt":{"rendered":"<p>Die diesj\u00e4hrige Informationsfahrt der CDU Fraktion f\u00fchrte am Sonntag, 26.09.2010 in die R\u00f6mer-, Dom- und Siegfriedstadt Xanten, die auf eine \u00fcber 2000j\u00e4hrige Geschichte zur\u00fcckblickt.<\/p>\n","protected":false},"author":1,"featured_media":0,"comment_status":"closed","ping_status":"closed","sticky":false,"template":"","format":"standard","meta":{"_et_pb_use_builder":"","_et_pb_old_content":"","_et_gb_content_width":"","footnotes":""},"categories":[4],"tags":[],"class_list":["post-2756","post","type-post","status-publish","format-standard","hentry","category-allgemeines"],"_links":{"self":[{"href":"https:\/\/cdu-kempen.de\/index.php\/wp-json\/wp\/v2\/posts\/2756"}],"collection":[{"href":"https:\/\/cdu-kempen.de\/index.php\/wp-json\/wp\/v2\/posts"}],"about":[{"href":"https:\/\/cdu-kempen.de\/index.php\/wp-json\/wp\/v2\/types\/post"}],"author":[{"embeddable":true,"href":"https:\/\/cdu-kempen.de\/index.php\/wp-json\/wp\/v2\/users\/1"}],"replies":[{"embeddable":true,"href":"https:\/\/cdu-kempen.de\/index.php\/wp-json\/wp\/v2\/comments?post=2756"}],"version-history":[{"count":0,"href":"https:\/\/cdu-kempen.de\/index.php\/wp-json\/wp\/v2\/posts\/2756\/revisions"}],"wp:attachment":[{"href":"https:\/\/cdu-kempen.de\/index.php\/wp-json\/wp\/v2\/media?parent=2756"}],"wp:term":[{"taxonomy":"category","embeddable":true,"href":"https:\/\/cdu-kempen.de\/index.php\/wp-json\/wp\/v2\/categories?post=2756"},{"taxonomy":"post_tag","embeddable":true,"href":"https:\/\/cdu-kempen.de\/index.php\/wp-json\/wp\/v2\/tags?post=2756"}],"curies":[{"name":"wp","href":"https:\/\/api.w.org\/{rel}","templated":true}]}}