{"id":2801,"date":"2010-10-26T07:59:17","date_gmt":"2010-10-26T05:59:17","guid":{"rendered":"http:\/\/www.cdu-kempen.de\/?p=2801"},"modified":"2010-10-26T07:59:17","modified_gmt":"2010-10-26T05:59:17","slug":"herbstwanderung-des-oas-tonisberg","status":"publish","type":"post","link":"https:\/\/cdu-kempen.de\/index.php\/herbstwanderung-des-oas-tonisberg\/","title":{"rendered":"Herbstwanderung des OAS T\u00f6nisberg"},"content":{"rendered":"<p>Der CDU-Ortsausschuss T\u00f6nisberg hatte wieder zur traditionellen Herbstwanderung eingeladen. Unter fachkundiger Leitung von Herrn Schl\u00fctter wurde die Natur T\u00f6nisbergs durch Wald und Wiesen erkundet. Zum Schluss kehrte man zum gemeinsamen Mittagessen in die Gastst\u00e4ttte Sitterz ein.<\/p>\n<p><a href=\"http:\/\/cdu-kempen.de\/wp-content\/uploads\/2010\/10\/P1210703.jpg\"><img loading=\"lazy\" decoding=\"async\" class=\"alignright size-medium wp-image-2811\" title=\"Guten Appetit!!\" src=\"http:\/\/cdu-kempen.de\/wp-content\/uploads\/2010\/10\/P1210703-300x225.jpg\" alt=\"\" width=\"300\" height=\"225\" \/><\/a><\/p>\n","protected":false},"excerpt":{"rendered":"<p>Der CDU-Ortsausschuss T\u00f6nisberg hatte wieder zur traditionellen Herbstwanderung eingeladen. Unter fachkundiger Leitung von Herrn Schl\u00fctter wurde die Natur T\u00f6nisbergs durch Wald und Wiesen erkundet. Zum Schluss kehrte man zum gemeinsamen Mittagessen in die Gastst\u00e4ttte Sitterz ein.<\/p>\n","protected":false},"author":1,"featured_media":0,"comment_status":"open","ping_status":"open","sticky":false,"template":"","format":"standard","meta":{"_et_pb_use_builder":"","_et_pb_old_content":"","_et_gb_content_width":"","footnotes":""},"categories":[5],"tags":[],"class_list":["post-2801","post","type-post","status-publish","format-standard","hentry","category-aktuelles"],"_links":{"self":[{"href":"https:\/\/cdu-kempen.de\/index.php\/wp-json\/wp\/v2\/posts\/2801"}],"collection":[{"href":"https:\/\/cdu-kempen.de\/index.php\/wp-json\/wp\/v2\/posts"}],"about":[{"href":"https:\/\/cdu-kempen.de\/index.php\/wp-json\/wp\/v2\/types\/post"}],"author":[{"embeddable":true,"href":"https:\/\/cdu-kempen.de\/index.php\/wp-json\/wp\/v2\/users\/1"}],"replies":[{"embeddable":true,"href":"https:\/\/cdu-kempen.de\/index.php\/wp-json\/wp\/v2\/comments?post=2801"}],"version-history":[{"count":0,"href":"https:\/\/cdu-kempen.de\/index.php\/wp-json\/wp\/v2\/posts\/2801\/revisions"}],"wp:attachment":[{"href":"https:\/\/cdu-kempen.de\/index.php\/wp-json\/wp\/v2\/media?parent=2801"}],"wp:term":[{"taxonomy":"category","embeddable":true,"href":"https:\/\/cdu-kempen.de\/index.php\/wp-json\/wp\/v2\/categories?post=2801"},{"taxonomy":"post_tag","embeddable":true,"href":"https:\/\/cdu-kempen.de\/index.php\/wp-json\/wp\/v2\/tags?post=2801"}],"curies":[{"name":"wp","href":"https:\/\/api.w.org\/{rel}","templated":true}]}}