{"id":3092,"date":"2011-01-09T19:41:39","date_gmt":"2011-01-09T18:41:39","guid":{"rendered":"http:\/\/www.cdu-kempen.de\/?p=3092"},"modified":"2011-01-09T19:41:39","modified_gmt":"2011-01-09T18:41:39","slug":"ist-doch-ehrensache-cdu-neujahrsempfang-2011","status":"publish","type":"post","link":"https:\/\/cdu-kempen.de\/index.php\/ist-doch-ehrensache-cdu-neujahrsempfang-2011\/","title":{"rendered":"&#8222;Ist doch Ehrensache!&#8220; \u2013 CDU Neujahrsempfang 2011"},"content":{"rendered":"<p>Das Ehrenamt in Kempen stand im Mittelpunkt des diesj\u00e4hrigen Neujahrsempfangs der CDU Kempen am 7. Januar 2011.<\/p>\n<p>Stadtverbandsvorsitzende Eva Theuerkauf und Fraktionsvorsitzender Wilfried Bogedain begr\u00fc\u00dften mehr als 460 G\u00e4ste am Eingang des festlich geschm\u00fcckten Saals des\u00a0Kolpinghauses per Handschlag mit jeweils pers\u00f6nlichen W\u00fcnschen zum neuen Jahr.<\/p>\n<p>Eva Theuerkauf dankte in ihrer Begr\u00fc\u00dfungsansprache den vielen Ehren\u00e4mtlern, die sich in zahlreichen Bereichen engagieren.<\/p>\n<p>\u201eDie Silbe \u201aMit\u2018 habe in Kempen eine tragende und herausragende Bedeutung\u201c, sagte sie.<\/p>\n<p>\u201eMitgef\u00fchl, Miteinander, Mitmachen, mit dazugeh\u00f6ren, das zeichnet eine Gemeinschaft aus. Dieses \u201aMIT\u2018 ist uns in Kempen wichtig. Das macht unsere Stadt liebenswert.<\/p>\n<p>Mitb\u00fcrger, die bewusst Zeit f\u00fcr Nachbarn, Kinder und Senioren haben. Mitb\u00fcrger, welche ihre Aktivit\u00e4ten und F\u00e4higkeiten in die Gemeinschaft einbringen, aus Freude am \u201aMIT\u2018, aus einer Selbstverst\u00e4ndlichkeit heraus, welche unsere Stadt pr\u00e4gt.\u201c<\/p>\n<p>Auch Wilfried Bogedain dankte allen ehrenamtlich t\u00e4tigen Mitb\u00fcrgern und \u2013b\u00fcrgerinnen. Dank dieses Enagagements ist ein engmaschiges soziales Netz gekn\u00fcpft, dass alle auff\u00e4ngt, die auf Hilfe oder Unterst\u00fctzung angewiesen sind.<\/p>\n<p>In seiner Festrede betonte der fr\u00fchere B\u00fcrgermeister und Ehrenb\u00fcrger der Stadt Kempen Karl-Heinz Hermans die Bedeutung des Ehrenamts. Er selbst war und ist noch in vielen Verb\u00e4nden ehrenamtlich t\u00e4tig. Und das mit gro\u00dfer Freude und Begeisterung. \u201eEs lohnt sich zwar nicht finanziell, aber ein freundschaftlicher H\u00e4ndedruck oder das L\u00e4cheln eines Kindes geben mir mehr als jede finanzielle Entsch\u00e4digung\u201c, sagte er.<\/p>\n<p>Hermans warb auch f\u00fcr politisches Enagagement. 65 Jahre Frieden in Deutschland und in den meisten Teilen Europas seien kein Geschenk, sondern das Ergebnis der politischen Arbeit demokratischer Parteien, getragen nicht nur von Berufspolitikern, sondern auch von ehrenamtlichen Politikern auf der kommunalen Ebene.<\/p>\n<p>Auch das Wahlrecht sei eine Ehrensache, auf das niemand leichtfertig verzichten d\u00fcrfe.<\/p>\n<p>Die G\u00e4ste im prall gef\u00fcllten Saal des Kolpinghauses dankten ihm f\u00fcr seine Worte mit einem langen und herzlichen Applaus.<\/p>\n<p>Die diesj\u00e4hrige Spendensammlung auf dem Neujahrsempfang kommt der Freiwilligenagentur Kempen zugute. Die Vorsitzende, Frau Stirken, freute sich \u00fcber das Ergebnis der Sammlung in H\u00f6he von 1.550,00 \u20ac.<\/p>\n<table>\n<tbody>\n<tr>\n<td><a href=\"http:\/\/cdu-kempen.de\/wp-content\/uploads\/2011\/01\/DSC_6722.jpg\"><img loading=\"lazy\" decoding=\"async\" class=\"alignleft size-thumbnail wp-image-3099\" title=\"Neujahrsempfang 2011\" src=\"http:\/\/cdu-kempen.de\/wp-content\/uploads\/2011\/01\/DSC_6722-150x150.jpg\" alt=\"\" width=\"150\" height=\"150\" \/><\/a><\/td>\n<td><a href=\"http:\/\/cdu-kempen.de\/wp-content\/uploads\/2011\/01\/DSC_6728.jpg\"><img loading=\"lazy\" decoding=\"async\" class=\"alignleft size-thumbnail wp-image-3100\" title=\"Neujahrsempfang 2011\" src=\"http:\/\/cdu-kempen.de\/wp-content\/uploads\/2011\/01\/DSC_6728-150x150.jpg\" alt=\"\" width=\"150\" height=\"150\" \/><\/a><\/td>\n<td><a href=\"http:\/\/cdu-kempen.de\/wp-content\/uploads\/2011\/01\/DSC_6731.jpg\"><img loading=\"lazy\" decoding=\"async\" class=\"alignleft size-thumbnail wp-image-3101\" title=\"Neujahrsempfang 2011\" src=\"http:\/\/cdu-kempen.de\/wp-content\/uploads\/2011\/01\/DSC_6731-150x150.jpg\" alt=\"\" width=\"150\" height=\"150\" \/><\/a><\/td>\n<td><a href=\"http:\/\/cdu-kempen.de\/wp-content\/uploads\/2011\/01\/DSC_6737.jpg\"><img loading=\"lazy\" decoding=\"async\" class=\"alignleft size-thumbnail wp-image-3102\" title=\"Neujahrsempfang 2011\" src=\"http:\/\/cdu-kempen.de\/wp-content\/uploads\/2011\/01\/DSC_6737-150x150.jpg\" alt=\"\" width=\"150\" height=\"150\" \/><\/a><\/td>\n<\/tr>\n<tr>\n<td><a href=\"http:\/\/cdu-kempen.de\/wp-content\/uploads\/2011\/01\/DSC_6738.jpg\"><img loading=\"lazy\" decoding=\"async\" class=\"alignleft size-thumbnail wp-image-3103\" title=\"Neujahrsempfang 2011\" src=\"http:\/\/cdu-kempen.de\/wp-content\/uploads\/2011\/01\/DSC_6738-150x150.jpg\" alt=\"\" width=\"150\" height=\"150\" \/><\/a><\/td>\n<td><a href=\"http:\/\/cdu-kempen.de\/wp-content\/uploads\/2011\/01\/DSC_6740.jpg\"><img loading=\"lazy\" decoding=\"async\" class=\"alignleft size-thumbnail wp-image-3104\" title=\"Neujahrsempfang 2011\" src=\"http:\/\/cdu-kempen.de\/wp-content\/uploads\/2011\/01\/DSC_6740-150x150.jpg\" alt=\"\" width=\"150\" height=\"150\" \/><\/a><\/td>\n<td><a href=\"http:\/\/cdu-kempen.de\/wp-content\/uploads\/2011\/01\/DSC_6741.jpg\"><img loading=\"lazy\" decoding=\"async\" class=\"alignleft size-thumbnail wp-image-3105\" title=\"Neujahrsempfang 2011\" src=\"http:\/\/cdu-kempen.de\/wp-content\/uploads\/2011\/01\/DSC_6741-150x150.jpg\" alt=\"\" width=\"150\" height=\"150\" \/><\/a><\/td>\n<td><a href=\"http:\/\/cdu-kempen.de\/wp-content\/uploads\/2011\/01\/DSC_6754.jpg\"><img loading=\"lazy\" decoding=\"async\" class=\"alignleft size-thumbnail wp-image-3106\" title=\"Neujahrsempfang 2011\" src=\"http:\/\/cdu-kempen.de\/wp-content\/uploads\/2011\/01\/DSC_6754-150x150.jpg\" alt=\"\" width=\"150\" height=\"150\" \/><\/a><\/td>\n<\/tr>\n<tr>\n<td><a href=\"http:\/\/cdu-kempen.de\/wp-content\/uploads\/2011\/01\/DSC_6761.jpg\"><img loading=\"lazy\" decoding=\"async\" class=\"alignleft size-thumbnail wp-image-3107\" title=\"Neujahrsempfang 2011\" src=\"http:\/\/cdu-kempen.de\/wp-content\/uploads\/2011\/01\/DSC_6761-150x150.jpg\" alt=\"\" width=\"150\" height=\"150\" \/><\/a><\/td>\n<td><a href=\"http:\/\/cdu-kempen.de\/wp-content\/uploads\/2011\/01\/DSC_6776.jpg\"><img loading=\"lazy\" decoding=\"async\" class=\"alignleft size-thumbnail wp-image-3108\" title=\"Neujahrsempfang 2011\" src=\"http:\/\/cdu-kempen.de\/wp-content\/uploads\/2011\/01\/DSC_6776-150x150.jpg\" alt=\"\" width=\"150\" height=\"150\" \/><\/a><\/td>\n<td><a href=\"http:\/\/cdu-kempen.de\/wp-content\/uploads\/2011\/01\/DSC_6782.jpg\"><img loading=\"lazy\" decoding=\"async\" class=\"alignleft size-thumbnail wp-image-3109\" title=\"Neujahrsempfang 2011\" src=\"http:\/\/cdu-kempen.de\/wp-content\/uploads\/2011\/01\/DSC_6782-150x150.jpg\" alt=\"\" width=\"150\" height=\"150\" \/><\/a><\/td>\n<td><a href=\"http:\/\/cdu-kempen.de\/wp-content\/uploads\/2011\/01\/DSC_6789.jpg\"><img loading=\"lazy\" decoding=\"async\" class=\"alignleft size-thumbnail wp-image-3110\" title=\"Neujahrsempfang 2011\" src=\"http:\/\/cdu-kempen.de\/wp-content\/uploads\/2011\/01\/DSC_6789-150x150.jpg\" alt=\"\" width=\"150\" height=\"150\" \/><\/a><\/td>\n<\/tr>\n<tr>\n<td><a href=\"http:\/\/cdu-kempen.de\/wp-content\/uploads\/2011\/01\/DSC_6791.jpg\"><img loading=\"lazy\" decoding=\"async\" class=\"alignleft size-thumbnail wp-image-3111\" title=\"Neujahrsempfang 2011\" src=\"http:\/\/cdu-kempen.de\/wp-content\/uploads\/2011\/01\/DSC_6791-150x150.jpg\" alt=\"\" width=\"150\" height=\"150\" \/><\/a><\/td>\n<td><a href=\"http:\/\/cdu-kempen.de\/wp-content\/uploads\/2011\/01\/DSC_6798.jpg\"><img loading=\"lazy\" decoding=\"async\" class=\"alignleft size-thumbnail wp-image-3112\" title=\"Neujahrsempfang 2011\" src=\"http:\/\/cdu-kempen.de\/wp-content\/uploads\/2011\/01\/DSC_6798-150x150.jpg\" alt=\"\" width=\"150\" height=\"150\" \/><\/a><\/td>\n<td><a href=\"http:\/\/cdu-kempen.de\/wp-content\/uploads\/2011\/01\/DSC_6803.jpg\"><img loading=\"lazy\" decoding=\"async\" class=\"alignleft size-thumbnail wp-image-3113\" title=\"Neujahrsempfang 2011\" src=\"http:\/\/cdu-kempen.de\/wp-content\/uploads\/2011\/01\/DSC_6803-150x150.jpg\" alt=\"\" width=\"150\" height=\"150\" \/><\/a><\/td>\n<td><a href=\"http:\/\/cdu-kempen.de\/wp-content\/uploads\/2011\/01\/DSC_6827.jpg\"><img loading=\"lazy\" decoding=\"async\" class=\"alignleft size-thumbnail wp-image-3113\" title=\"Neujahrsempfang 2011\" src=\"http:\/\/cdu-kempen.de\/wp-content\/uploads\/2011\/01\/DSC_6803-150x150.jpg\" alt=\"\" width=\"150\" height=\"150\" \/><\/a><\/td>\n<\/tr>\n<\/tbody>\n<\/table>\n","protected":false},"excerpt":{"rendered":"<p>Das Ehrenamt in Kempen stand im Mittelpunkt des diesj\u00e4hrigen Neujahrsempfangs der CDU Kempen am 7. Januar 2011.<\/p>\n","protected":false},"author":5,"featured_media":0,"comment_status":"closed","ping_status":"closed","sticky":false,"template":"","format":"standard","meta":{"_et_pb_use_builder":"","_et_pb_old_content":"","_et_gb_content_width":"","footnotes":""},"categories":[5],"tags":[],"class_list":["post-3092","post","type-post","status-publish","format-standard","hentry","category-aktuelles"],"_links":{"self":[{"href":"https:\/\/cdu-kempen.de\/index.php\/wp-json\/wp\/v2\/posts\/3092"}],"collection":[{"href":"https:\/\/cdu-kempen.de\/index.php\/wp-json\/wp\/v2\/posts"}],"about":[{"href":"https:\/\/cdu-kempen.de\/index.php\/wp-json\/wp\/v2\/types\/post"}],"author":[{"embeddable":true,"href":"https:\/\/cdu-kempen.de\/index.php\/wp-json\/wp\/v2\/users\/5"}],"replies":[{"embeddable":true,"href":"https:\/\/cdu-kempen.de\/index.php\/wp-json\/wp\/v2\/comments?post=3092"}],"version-history":[{"count":0,"href":"https:\/\/cdu-kempen.de\/index.php\/wp-json\/wp\/v2\/posts\/3092\/revisions"}],"wp:attachment":[{"href":"https:\/\/cdu-kempen.de\/index.php\/wp-json\/wp\/v2\/media?parent=3092"}],"wp:term":[{"taxonomy":"category","embeddable":true,"href":"https:\/\/cdu-kempen.de\/index.php\/wp-json\/wp\/v2\/categories?post=3092"},{"taxonomy":"post_tag","embeddable":true,"href":"https:\/\/cdu-kempen.de\/index.php\/wp-json\/wp\/v2\/tags?post=3092"}],"curies":[{"name":"wp","href":"https:\/\/api.w.org\/{rel}","templated":true}]}}