{"id":3238,"date":"2011-02-28T20:38:23","date_gmt":"2011-02-28T19:38:23","guid":{"rendered":"http:\/\/www.cdu-kempen.de\/?p=3238"},"modified":"2011-02-28T20:38:23","modified_gmt":"2011-02-28T19:38:23","slug":"besichtigungsfahrt-des-oas-kempen-mitte","status":"publish","type":"post","link":"https:\/\/cdu-kempen.de\/index.php\/besichtigungsfahrt-des-oas-kempen-mitte\/","title":{"rendered":"Besichtigungsfahrt des OAS Kempen &#8211; Mitte"},"content":{"rendered":"<p>Mit ca. 30 Personen hat am Samstag, 26.02.2011, die vom CDU-Ortsausschuss Kempen-Mitte organisierte Besichtigung des Baubetriebshofes der Stadt Kempen mit anschlie\u00dfender Fahrt durch die Kempener Gewerbegebiete stattgefunden.<\/p>\n<p>Aufschlussreichen Erl\u00e4uterungen zu den\u00a0 Aufgabenbereichen und der Organisation des Baubetriebshofes durch dessen Leiter Herr Staschok folgte eine Besichtigung des Betriebsgel\u00e4ndes mit seinen verschiedenen Werkst\u00e4tten, des imposanten Fuhrparks und der unterschiedlichen Lagerpl\u00e4tze.<\/p>\n<p>Auf der anschlie\u00dfenden Busfahrt durch die Gewerbegebiete in Kempen, St. Hubert und T\u00f6nisberg gab Herr B\u00fcrgermeister R\u00fcbo mit gro\u00dfer Sachkenntnis einen spannenden \u00dcberblick \u00fcber die Geschichte, die aktuelle Situation und die erwartete k\u00fcnftige Entwicklung der Gewerbegebiete und der dort ans\u00e4ssigen Unternehmen und verdeutlichte dabei auch die Bedeutung einer erfolgreichen Wirtschaftsf\u00f6rderung f\u00fcr das Wohlergehen der Stadt Kempen.<\/p>\n<p><a href=\"http:\/\/cdu-kempen.de\/wp-content\/uploads\/2011\/02\/Besichtigung-Betriebshof-012.jpg\"><img loading=\"lazy\" decoding=\"async\" class=\"alignleft size-medium wp-image-3246\" title=\"Besichtigung Betriebshof 012\" src=\"http:\/\/cdu-kempen.de\/wp-content\/uploads\/2011\/02\/Besichtigung-Betriebshof-012-300x225.jpg\" alt=\"\" width=\"300\" height=\"225\" \/><\/a><\/p>\n<p><a href=\"http:\/\/cdu-kempen.de\/wp-content\/uploads\/2011\/02\/Besichtigung-Betriebshof-014.jpg\"><\/a><\/p>\n<p><a href=\"http:\/\/cdu-kempen.de\/wp-content\/uploads\/2011\/02\/Besichtigung-Betriebshof-013.jpg\"><img loading=\"lazy\" decoding=\"async\" class=\"alignleft size-medium wp-image-3247\" title=\"Besichtigung Betriebshof 013\" src=\"http:\/\/cdu-kempen.de\/wp-content\/uploads\/2011\/02\/Besichtigung-Betriebshof-013-300x225.jpg\" alt=\"\" width=\"300\" height=\"225\" \/><\/a><\/p>\n<p><a href=\"http:\/\/cdu-kempen.de\/wp-content\/uploads\/2011\/02\/Besichtigung-Betriebshof-014.jpg\"><img loading=\"lazy\" decoding=\"async\" class=\"alignleft size-medium wp-image-3248\" title=\"Besichtigung Betriebshof 014\" src=\"http:\/\/cdu-kempen.de\/wp-content\/uploads\/2011\/02\/Besichtigung-Betriebshof-014-300x225.jpg\" alt=\"\" width=\"300\" height=\"225\" \/><\/a><\/p>\n<p><a href=\"http:\/\/cdu-kempen.de\/wp-content\/uploads\/2011\/02\/Besichtigung-Betriebshof-005a.jpg\"><img loading=\"lazy\" decoding=\"async\" class=\"alignleft size-medium wp-image-3249\" title=\"Besichtigung Betriebshof 005a\" src=\"http:\/\/cdu-kempen.de\/wp-content\/uploads\/2011\/02\/Besichtigung-Betriebshof-005a-300x200.jpg\" alt=\"\" width=\"300\" height=\"200\" \/><\/a><\/p>\n","protected":false},"excerpt":{"rendered":"<p>Mit ca. 30 Personen hat am Samstag, 26.02.2011, die vom CDU-Ortsausschuss Kempen-Mitte organisierte Besichtigung des Baubetriebshofes der Stadt Kempen mit anschlie\u00dfender Fahrt durch die Kempener Gewerbegebiete stattgefunden.<\/p>\n","protected":false},"author":5,"featured_media":0,"comment_status":"closed","ping_status":"closed","sticky":false,"template":"","format":"standard","meta":{"_et_pb_use_builder":"","_et_pb_old_content":"","_et_gb_content_width":"","footnotes":""},"categories":[5],"tags":[],"class_list":["post-3238","post","type-post","status-publish","format-standard","hentry","category-aktuelles"],"_links":{"self":[{"href":"https:\/\/cdu-kempen.de\/index.php\/wp-json\/wp\/v2\/posts\/3238"}],"collection":[{"href":"https:\/\/cdu-kempen.de\/index.php\/wp-json\/wp\/v2\/posts"}],"about":[{"href":"https:\/\/cdu-kempen.de\/index.php\/wp-json\/wp\/v2\/types\/post"}],"author":[{"embeddable":true,"href":"https:\/\/cdu-kempen.de\/index.php\/wp-json\/wp\/v2\/users\/5"}],"replies":[{"embeddable":true,"href":"https:\/\/cdu-kempen.de\/index.php\/wp-json\/wp\/v2\/comments?post=3238"}],"version-history":[{"count":0,"href":"https:\/\/cdu-kempen.de\/index.php\/wp-json\/wp\/v2\/posts\/3238\/revisions"}],"wp:attachment":[{"href":"https:\/\/cdu-kempen.de\/index.php\/wp-json\/wp\/v2\/media?parent=3238"}],"wp:term":[{"taxonomy":"category","embeddable":true,"href":"https:\/\/cdu-kempen.de\/index.php\/wp-json\/wp\/v2\/categories?post=3238"},{"taxonomy":"post_tag","embeddable":true,"href":"https:\/\/cdu-kempen.de\/index.php\/wp-json\/wp\/v2\/tags?post=3238"}],"curies":[{"name":"wp","href":"https:\/\/api.w.org\/{rel}","templated":true}]}}