{"id":3321,"date":"2011-03-13T18:23:55","date_gmt":"2011-03-13T17:23:55","guid":{"rendered":"http:\/\/www.cdu-kempen.de\/?p=3321"},"modified":"2011-03-13T18:23:55","modified_gmt":"2011-03-13T17:23:55","slug":"bericht-zum-33-landesparteitag","status":"publish","type":"post","link":"https:\/\/cdu-kempen.de\/index.php\/bericht-zum-33-landesparteitag\/","title":{"rendered":"Bericht zum 33. Landesparteitag"},"content":{"rendered":"<p>Liebe Parteifreunde,<\/p>\n<div><span style=\"font-size: small;\">wie bereits mit dem letzten Landesparteitag begonnen, m\u00f6chte ich als Delegierte hiermit die pers\u00f6nliche Berichterstattung dieser Versammlung fortf\u00fchren. <\/span><\/div>\n<div>\u00a0<\/div>\n<div><span style=\"font-size: small;\">Zu Beginn des Parteitages stand die mit Spannung erwartete Rede des Landesvorsitzenden Norbert R\u00f6ttgen auf dem Programm. Die Delegierten erlebten einen k\u00e4mpferischen und sehr emotional wirkenden Vorsitzenden. <\/span><\/div>\n<div>\u00a0<\/div>\n<div><span style=\"font-size: small;\">Hier in kurzer Zusammenfassung seine Rede:<\/span><\/div>\n<div>\u00a0<\/div>\n<div><span style=\"font-size: small;\">Die weitere Verschuldung unseres Landes durch neue Kreditaufnahmen ist unsozial. Es ist nicht nachvollziehbar, dass eine weitere Verschuldung als Zukunftsvorsorge gelten soll. <\/span><\/div>\n<div>\u00a0<\/div>\n<div><span style=\"font-size: small;\">Jeder Kredit ist durch die Leistung der B\u00fcrger wieder zur\u00fcckzuf\u00fchren. Dieser wird letztlich mit Steuererh\u00f6hungen und somit direkten Belastungen f\u00fcr jeden Einzelnen wieder eingefordert. Heutige Ausgaben in Kreditform sind die Steuererh\u00f6hungen von morgen. <\/span><\/div>\n<div>\u00a0<\/div>\n<div><span style=\"font-size: small;\">Zu diesem Thema wurde im weiteren Verlauf eine Resolution verabschiedet, die Sie <a href=\"http:\/\/www.cdu-nrw.de\/images\/stories\/docs\/lpt\/Resolution_D1_-_Zukunftsverantwortung_statt_Schuldenpolitik.pdf\" target=\"_blank\">hier<\/a> nachlesen k\u00f6nnen.<\/span><\/div>\n<div>\u00a0<\/div>\n<div><span style=\"font-size: small;\">Die Klage der CDU gegen den Nachtragshaushalt 2010 am Verfassungsgericht in M\u00fcnster wird am 15. M\u00e4rz mit dem Urteil zeigen, ob die\u00a0 verfassungsrechtlichen Anforderungen an den Haushalt erf\u00fcllt sind. <\/span><\/div>\n<div>\u00a0<\/div>\n<div><span style=\"font-size: small;\">Wenn\u00a0 Rot-Gr\u00fcn keinen verfassungskonformen Haushalt vorlegt, wird die CDU unter F\u00fchrung von Norbert R\u00f6ttgen im Landtag Neuwahlen beantragen.<\/span><\/div>\n<div>\u00a0<\/div>\n<div><span style=\"font-size: small;\">Weiterer Schwerpunkt seiner Rede war das inhaltliche Hauptthema dieses Landesparteitages, die Schulpolitik. <\/span><\/div>\n<div>\u00a0<\/div>\n<div><span style=\"font-size: small;\">Die CDU NRW bekennt sich ausdr\u00fccklich zur Schulvielfalt. Eltern und Kinder m\u00fcssen wohnortnah die Schulform w\u00e4hlen k\u00f6nnen, welche den Neigungen und F\u00e4higkeiten des Kindes entspricht. <\/span><\/div>\n<div>\u00a0<\/div>\n<div><span style=\"font-size: small;\">Zur weiteren Information empfehle ich, die Reden von <a href=\"http:\/\/www.youtube.com\/watch?v=ASfPShfrSfY\" target=\"_blank\">Norbert R\u00f6ttgen<\/a>, <a href=\"http:\/\/www.youtube.com\/watch?v=ZdRCS7fdZOU&amp;feature=relmfu\" target=\"_blank\">Oliver Wittke<\/a> und <a href=\"http:\/\/www.youtube.com\/watch?v=pbHZSOn2ZL0\" target=\"_blank\">Karl-Josef Laumann<\/a> anzusehen.<\/span><\/div>\n<div>\u00a0<\/div>\n<div><span style=\"font-size: small;\">Das zentrale Thema des Landesparteitages war sicherlich der Leitantrag der CDU \u201eJedem Kind gerecht werden\u201c. <\/span><\/div>\n<div>\u00a0<\/div>\n<div><span style=\"font-size: small;\">Zu diesem Leitantrag wurden 700 (in Worten siebenhundert) \u00c4nderungsantr\u00e4ge verfasst und eingereicht. Auch wir als CDU Kempen haben uns im Vorfeld mit diesem Leitantrag eingehend befasst und ihn zu einzelnen Positionen \u00fcberarbeitet. Auf Einladung der CDU T\u00f6nisvorst haben wir dort unsere Ausarbeitung vorgestellt.<br \/>\nSie hat sich nach Beratung unseren \u00c4nderungsantr\u00e4gen angeschlossen. <\/span><\/div>\n<div>\u00a0<\/div>\n<div><span style=\"font-size: small;\">Ich m\u00f6chte daher nicht unerw\u00e4hnt lassen, dass drei Antr\u00e4ge des Stadtverbandes Kempen in leicht ge\u00e4nderter Form ber\u00fccksichtigt worden sind. Ein \u00c4nderungsantrag wurde in den nun vom Landesparteitag verabschiedeten Leitantrag aufgenommen.<\/span><\/div>\n<div>\u00a0<\/div>\n<div><span style=\"font-size: small;\">Das ist ein deutlicher Erfolg unserer geleisteten Arbeit. <\/span><\/div>\n<div>\u00a0<\/div>\n<div><span style=\"font-size: small;\">An dieser Stelle m\u00f6chte ich mich auch bei Christian Wagner, CDU Nettetal, bedanken, welcher unsere Argumentation hinsichtlich der Finanzierung auf Landesebene zum Thema Integration auf dem Landesparteitag unterst\u00fctzt hat. <\/span><\/div>\n<div>\u00a0<\/div>\n<div><span style=\"font-size: small;\">Die verabschiedete Version zum Leitantrag finden Sie <a href=\"http:\/\/www.cdu-nrw.de\/images\/stories\/docs\/lpt\/A1_Jedem_Kind_gerecht_werden_-_Schulpolitische_Leitlinien_der_CDU_NRW.pdf\" target=\"_blank\">hier<\/a>.<\/span><\/div>\n<div>\u00a0<\/div>\n<div><span style=\"font-size: small;\">Abschlie\u00dfend zu diesem Bericht m\u00f6chte ich gern ein paar pers\u00f6nliche Worte hinzuf\u00fcgen: <\/span><\/div>\n<div>\u00a0<\/div>\n<div><span style=\"font-size: small;\">Wir haben einen sehr k\u00e4mpferischen Norbert R\u00f6ttgen erlebt. Und &#8211;\u00a0 das halte ich pers\u00f6nlich f\u00fcr sehr wichtig &#8211; eine sehr aktive Basis. <\/span><\/div>\n<div>\u00a0<\/div>\n<div><span style=\"font-size: small;\">Mit dem Leitantrag haben sich landesweit Verb\u00e4nde und Vereinigungen besch\u00e4ftigt. Er war und ist Diskussionsgrundlage f\u00fcr eine lebendige Positionierung unserer Partei zur Schulpolitik. Siebenhundert Antr\u00e4ge sind ein anschaulicher Beweis f\u00fcr basisnahe\u00a0 Arbeit vor Ort. <\/span><\/div>\n<div>\u00a0<\/div>\n<div><span style=\"font-size: small;\">Die Bildung unserer Kinder ist mit dem Wissen um den demografischen Wandel ein zentrales Thema. Auch wir in Kempen sind auf gut ausgebildete junge Menschen angewiesen. Wir brauchen jeden an seinem Platz, damit das Miteinander in jedem Alter zu jeder Zeit ein Gewinn ist. <\/span><\/div>\n<div>\u00a0<\/div>\n<div><span style=\"font-size: small;\">Ihre <\/span><\/div>\n<div><img loading=\"lazy\" decoding=\"async\" src=\"http:\/\/cdu-kempen.de\/wp-content\/uploads\/2010\/11\/Eva-Theuerkauf.jpg\" alt=\"\" width=\"181\" height=\"65\" \/><\/div>\n<div><span style=\"font-size: small;\">Eva Theuerkauf<\/span><\/div>\n","protected":false},"excerpt":{"rendered":"<p>Liebe Parteifreunde, wie bereits mit dem letzten Landesparteitag begonnen, m\u00f6chte ich als Delegierte hiermit die pers\u00f6nliche Berichterstattung dieser Versammlung fortf\u00fchren. \u00a0 Zu Beginn des Parteitages stand die mit Spannung erwartete Rede des Landesvorsitzenden Norbert R\u00f6ttgen auf dem Programm. Die Delegierten erlebten einen k\u00e4mpferischen und sehr emotional wirkenden Vorsitzenden. \u00a0 Hier in kurzer Zusammenfassung seine Rede: [&hellip;]<\/p>\n","protected":false},"author":5,"featured_media":0,"comment_status":"closed","ping_status":"closed","sticky":false,"template":"","format":"standard","meta":{"_et_pb_use_builder":"","_et_pb_old_content":"","_et_gb_content_width":"","footnotes":""},"categories":[5],"tags":[],"class_list":["post-3321","post","type-post","status-publish","format-standard","hentry","category-aktuelles"],"_links":{"self":[{"href":"https:\/\/cdu-kempen.de\/index.php\/wp-json\/wp\/v2\/posts\/3321"}],"collection":[{"href":"https:\/\/cdu-kempen.de\/index.php\/wp-json\/wp\/v2\/posts"}],"about":[{"href":"https:\/\/cdu-kempen.de\/index.php\/wp-json\/wp\/v2\/types\/post"}],"author":[{"embeddable":true,"href":"https:\/\/cdu-kempen.de\/index.php\/wp-json\/wp\/v2\/users\/5"}],"replies":[{"embeddable":true,"href":"https:\/\/cdu-kempen.de\/index.php\/wp-json\/wp\/v2\/comments?post=3321"}],"version-history":[{"count":0,"href":"https:\/\/cdu-kempen.de\/index.php\/wp-json\/wp\/v2\/posts\/3321\/revisions"}],"wp:attachment":[{"href":"https:\/\/cdu-kempen.de\/index.php\/wp-json\/wp\/v2\/media?parent=3321"}],"wp:term":[{"taxonomy":"category","embeddable":true,"href":"https:\/\/cdu-kempen.de\/index.php\/wp-json\/wp\/v2\/categories?post=3321"},{"taxonomy":"post_tag","embeddable":true,"href":"https:\/\/cdu-kempen.de\/index.php\/wp-json\/wp\/v2\/tags?post=3321"}],"curies":[{"name":"wp","href":"https:\/\/api.w.org\/{rel}","templated":true}]}}