{"id":3333,"date":"2011-03-23T17:19:35","date_gmt":"2011-03-23T16:19:35","guid":{"rendered":"http:\/\/www.cdu-kempen.de\/?p=3333"},"modified":"2011-03-23T17:19:35","modified_gmt":"2011-03-23T16:19:35","slug":"schulentwicklungsplan-der-stadt-kempen-verabschiedet","status":"publish","type":"post","link":"https:\/\/cdu-kempen.de\/index.php\/schulentwicklungsplan-der-stadt-kempen-verabschiedet\/","title":{"rendered":"CDU unterst\u00fctzt den Schulentwicklungsplan der Stadt Kempen"},"content":{"rendered":"<p>Die Fraktion der CDU Kempen begr\u00fc\u00dft den Schulentwicklungsplan in der vorliegenden Fassung.<\/p>\n<p>Nachdem uns nun auch die Anmeldezahlen f\u00fcr dieses Jahr vorliegen, ist festzuhalten:<\/p>\n<p style=\"padding-left: 30px;\">Die Anmeldezahlen zu den Schulen der Stadt Kempen\u00a0 untermauern die positive Einstellung der Eltern zum Fortbestand unserer Schullandschaft.<\/p>\n<p style=\"padding-left: 30px;\">Mit jeweils drei Klassen an unseren Gymnasien, f\u00fcnf Klassen an der Realschule und zwei Klassen an der Hauptschule besteht kein Zweifel mehr am Elternwillen hier in Kempen.<\/p>\n<p>Es ist somit auch deutlich geworden:<\/p>\n<p style=\"padding-left: 30px;\">Die Eltern honorieren mit dem Anmeldeergebnis die gute Arbeit an unseren Schulen.<\/p>\n<p style=\"padding-left: 30px;\">Das Votum ist deutlich und st\u00e4rkt\u00a0 unsere Schullandschaft in Kempen.<br \/>\nZum derzeitigen Zeitpunkt ist eine Umwandlung weder gew\u00fcnscht noch erforderlich.<\/p>\n<p>Die Resolution der Schulleiter wurde durch die Anmeldezahlen voll best\u00e4tigt.<\/p>\n<p style=\"padding-left: 30px;\">Unsere Schulen leisten eine hervorragende Arbeit und werden derzeit von 3.388 Sch\u00fclern besucht!<\/p>\n<p style=\"padding-left: 30px;\">3.388 Sch\u00fcler, dass ist Elternwille von \u00fcber 6.700 B\u00fcrgern!<\/p>\n<p style=\"padding-left: 30px;\">Kempen als Schulstadt braucht keine Schulversuche. Wir \u00fcberzeugen durch Vielfalt und eine hervorragende Struktur.<\/p>\n<p>Die in dem Artikel vom 18. Januar in der WZ ver\u00f6ffentlichte Forderung der\u00a0Gr\u00fcnen,<\/p>\n<p style=\"padding-left: 30px;\">das LVD (mit 986 Sch\u00fclern in 43 Klassen und Kursen),<\/p>\n<p style=\"padding-left: 30px;\">die Realschule (mit 973 Sch\u00fclern und 34 Klassen)<\/p>\n<p style=\"padding-left: 30px;\">und die Martin-Schule (mit 406 Sch\u00fclern und 19 Klassen)<\/p>\n<p>als eine Gesamtschule mit 2365 Sch\u00fcler in 96 Klassen und Kursen unter einem Dach zu installieren, weisen wir entschieden zur\u00fcck.<\/p>\n<p>Der Aktionismus der GR\u00dcNEN ist anhand dieser Zahlen nur als unglaublich zu bezeichnen.<br \/>\nZum weiteren Verst\u00e4ndnis:<\/p>\n<p style=\"padding-left: 30px;\">Wir haben in diesem Jahr 367 Grundschulkinder, welche in weiterf\u00fchrende Schulen gehen,<\/p>\n<p style=\"padding-left: 30px;\">davon haben sich 23 in H\u00fcls in der Gesamtschule angemeldet.<\/p>\n<p style=\"padding-left: 30px;\">Sehr geehrte Damen und Herren, das sind 6%!\u00a0 Mehr nicht!<\/p>\n<p style=\"padding-left: 30px;\">Keine Schule in Kempen ist akut von einer Schlie\u00dfung aufgrund zu geringer Sch\u00fclerzahlen gef\u00e4hrdet!<\/p>\n<p style=\"padding-left: 30px;\">Ohne Not wird hier Unsicherheit gesch\u00fcrt, verl\u00e4sslichen Partnern an allen Schulen vor den Kopf gesto\u00dfen und der aktuelle\u00a0 Elternwille als obsolet dargestellt.<\/p>\n<p>Wir werden den Schulentwicklungsplan in seiner jetzigen Form unterst\u00fctzen, bitten jedoch um folgenden Einschub als Erg\u00e4nzung zum Thema Inklusion:<\/p>\n<p><strong>Da zum jetzigen Zeitpunkt nicht damit zu rechnen ist, dass ein landesweiter Inklusionsplan bis 2013 von der Landesregierung erstellt wird, beauftragt der Rat der Stadt Kempen die Verwaltung zu pr\u00fcfen, WAS und WIE zu machen ist, damit der Bestand der JHS weiterhin gew\u00e4hrleistet werden kann und die ortsnahe Beschulung der Sch\u00fcler mit sonderp\u00e4dagogischen F\u00f6rderbedarf f\u00fcr die Zeit nach 2013 gesichert bleibt.<\/strong><\/p>\n<p>Bei der Schulausschusssitzung am 6. Oktober 2011 wird die Verwaltung zum WIE und WAS\u00a0 berichten.<br \/>\nDie Kempener Schullandschaft bekommt damit die Planungssicherheit und Stabilit\u00e4t, welche sie aufgrund ihrer guten Arbeit verdient.<\/p>\n","protected":false},"excerpt":{"rendered":"<p>Die Fraktion der CDU Kempen begr\u00fc\u00dft den Schulentwicklungsplan in der uns vorliegenden Fassung und wird dem Beschlussvorschlag der Stadt Kempen zustimmen.<\/p>\n","protected":false},"author":5,"featured_media":0,"comment_status":"closed","ping_status":"closed","sticky":false,"template":"","format":"standard","meta":{"_et_pb_use_builder":"","_et_pb_old_content":"","_et_gb_content_width":"","footnotes":""},"categories":[5,4],"tags":[],"class_list":["post-3333","post","type-post","status-publish","format-standard","hentry","category-aktuelles","category-allgemeines"],"_links":{"self":[{"href":"https:\/\/cdu-kempen.de\/index.php\/wp-json\/wp\/v2\/posts\/3333"}],"collection":[{"href":"https:\/\/cdu-kempen.de\/index.php\/wp-json\/wp\/v2\/posts"}],"about":[{"href":"https:\/\/cdu-kempen.de\/index.php\/wp-json\/wp\/v2\/types\/post"}],"author":[{"embeddable":true,"href":"https:\/\/cdu-kempen.de\/index.php\/wp-json\/wp\/v2\/users\/5"}],"replies":[{"embeddable":true,"href":"https:\/\/cdu-kempen.de\/index.php\/wp-json\/wp\/v2\/comments?post=3333"}],"version-history":[{"count":0,"href":"https:\/\/cdu-kempen.de\/index.php\/wp-json\/wp\/v2\/posts\/3333\/revisions"}],"wp:attachment":[{"href":"https:\/\/cdu-kempen.de\/index.php\/wp-json\/wp\/v2\/media?parent=3333"}],"wp:term":[{"taxonomy":"category","embeddable":true,"href":"https:\/\/cdu-kempen.de\/index.php\/wp-json\/wp\/v2\/categories?post=3333"},{"taxonomy":"post_tag","embeddable":true,"href":"https:\/\/cdu-kempen.de\/index.php\/wp-json\/wp\/v2\/tags?post=3333"}],"curies":[{"name":"wp","href":"https:\/\/api.w.org\/{rel}","templated":true}]}}