{"id":3502,"date":"2011-06-03T14:45:27","date_gmt":"2011-06-03T13:45:27","guid":{"rendered":"http:\/\/www.cdu-kempen.de\/?p=3502"},"modified":"2011-06-03T14:45:27","modified_gmt":"2011-06-03T13:45:27","slug":"aan-den-boom-preis-2011","status":"publish","type":"post","link":"https:\/\/cdu-kempen.de\/index.php\/aan-den-boom-preis-2011\/","title":{"rendered":"Aan-den-Boom-Preis 2011"},"content":{"rendered":"<p>Der diesj\u00e4hrige Aan-den-Boom-Preis geht an die Selbsthilfegruppe &#8222;Kunterbuntes Leben&#8220;, eine offene Gruppe f\u00fcr Menschen mit Aufmerksamkeitsst\u00f6rungen und deren Angeh\u00f6rigen, besser bekannt als &#8222;ADHS&#8220;, dem Aufmerksamkeits-Defizit-Syndrom &#8211; oftmals verbunden mit Hyperaktivit\u00e4t der Betroffenen. Diese gelten als anstrengend, eigenwillig, herausfordernd und mitunter als schwer erziehbar. Nach jahrelanger Forschung gilt dies inzwischen als Krankheit, deren Ursache in einer St\u00f6rung der Reiz\u00fcbertragung im Gehirn durch Fehlfunktion der Botenstoffe Dopamin, Noradrenalin und Serotonin liegt.\u00a0<\/p>\n<p><span style=\"font-size: small;\">Die Selbsthilfegruppe &#8222;Kunterbuntes Leben&#8220; wurde im Jahr 2003 ins Leben gerufen und ist im Bundesverband ADHS Deutschland e. V. organisiert. Die Eheleute Dorothee und J\u00fcrgen Heussen bieten Betroffenen einmal im Monat die M\u00f6glichkeit, sich im Evangelischen Gemeindezentrum in St. Hubert zu treffen. Dar\u00fcber hinaus leisten sie telefonische Beratung, sogar Hausbesuche sind nach Absprache m\u00f6glich. Durch das inzwischen gewachsene Netzwerk aus Lehrern, \u00c4rzten, Psychologen und Therapeuten ist individuelle Hilfe und F\u00f6rderung in einem beachtlichen Rahmen m\u00f6glich.<\/span><span style=\"font-size: small;\">\u00a0<\/span><\/p>\n<p><span style=\"font-size: small;\">&#8222;Gemeinsam sind wir stark&#8220; ist das Motto der Selbsthilfegruppe. Die CDU Kempen m\u00f6chte mit der Verleihung des Preises dieses Miteinander w\u00fcrdigen und so auch einer breiteren \u00d6ffentlichkeit bekanntmachen. Wir freuen uns sehr, den Eheleuten Dorothee und J\u00fcrgen Heussen stellvertretend f\u00fcr die vielen ehrenamtlich t\u00e4tigen Mitb\u00fcrgern zu \u00fcberreichen, ohne die unsere Stadt ein ganzes St\u00fcck weniger liebensw\u00fcrdig w\u00e4re.<\/span><\/p>\n","protected":false},"excerpt":{"rendered":"<p>Der diesj\u00e4hrige Aan-den-Boom-Preis geht an die Selbsthilfegruppe &#8222;Kunterbuntes Leben&#8220;, eine offene Gruppe f\u00fcr Menschen mit Aufmerksamkeitsst\u00f6rungen und deren Angeh\u00f6rigen, besser bekannt als &#8222;ADHS&#8220;, dem Aufmerksamkeits-Defizit-Syndrom &#8211; oftmals verbunden mit Hyperaktivit\u00e4t der Betroffenen.<\/p>\n","protected":false},"author":5,"featured_media":0,"comment_status":"closed","ping_status":"closed","sticky":false,"template":"","format":"standard","meta":{"_et_pb_use_builder":"","_et_pb_old_content":"","_et_gb_content_width":"","footnotes":""},"categories":[5],"tags":[],"class_list":["post-3502","post","type-post","status-publish","format-standard","hentry","category-aktuelles"],"_links":{"self":[{"href":"https:\/\/cdu-kempen.de\/index.php\/wp-json\/wp\/v2\/posts\/3502"}],"collection":[{"href":"https:\/\/cdu-kempen.de\/index.php\/wp-json\/wp\/v2\/posts"}],"about":[{"href":"https:\/\/cdu-kempen.de\/index.php\/wp-json\/wp\/v2\/types\/post"}],"author":[{"embeddable":true,"href":"https:\/\/cdu-kempen.de\/index.php\/wp-json\/wp\/v2\/users\/5"}],"replies":[{"embeddable":true,"href":"https:\/\/cdu-kempen.de\/index.php\/wp-json\/wp\/v2\/comments?post=3502"}],"version-history":[{"count":0,"href":"https:\/\/cdu-kempen.de\/index.php\/wp-json\/wp\/v2\/posts\/3502\/revisions"}],"wp:attachment":[{"href":"https:\/\/cdu-kempen.de\/index.php\/wp-json\/wp\/v2\/media?parent=3502"}],"wp:term":[{"taxonomy":"category","embeddable":true,"href":"https:\/\/cdu-kempen.de\/index.php\/wp-json\/wp\/v2\/categories?post=3502"},{"taxonomy":"post_tag","embeddable":true,"href":"https:\/\/cdu-kempen.de\/index.php\/wp-json\/wp\/v2\/tags?post=3502"}],"curies":[{"name":"wp","href":"https:\/\/api.w.org\/{rel}","templated":true}]}}