{"id":3525,"date":"2011-06-22T10:39:14","date_gmt":"2011-06-22T09:39:14","guid":{"rendered":"http:\/\/www.cdu-kempen.de\/?p=3525"},"modified":"2011-06-22T10:39:14","modified_gmt":"2011-06-22T09:39:14","slug":"trauer-um-heinrich-gleumes","status":"publish","type":"post","link":"https:\/\/cdu-kempen.de\/index.php\/trauer-um-heinrich-gleumes\/","title":{"rendered":"Trauer um Heinrich Gleumes"},"content":{"rendered":"<p>Kurz vor ihrer Fraktionssitzung erfuhr die CDU Fraktion am Montagabend vom Tod ihres langj\u00e4hrigen Mitglieds Heinrich Gleumes.<\/p>\n<p>Heinrich Gleumes, der am Samstag im Alter von 82 Jahren gestorben ist, galt als \u201eUrgestein\u201c der Schmalbroicher CDU. In den Jahren von 1960 bis zur kommunalen Neugliederung in Kempen im Jahre 1970 geh\u00f6rte er dem Schmalbroicher Gemeinderat an, von 1970 bis 1999 war er f\u00fcr die CDU im Stadtrat der Stadt Kempen.<\/p>\n<p>Fast 40 Jahre vertrat er so mit gro\u00dfer Sachkenntnis und Konsequenz die Interessen der Kempener B\u00fcrger in vielen Fachaussch\u00fcssen des Rates und im Aufsichtsrat der Stadtwerke. Nicht nur in landwirtschaftlichen Fragen war sein Rat zur Vorbereitung von politischen Entscheidungen gefragt. Dank seines gro\u00dfen ehrenamtlichen Engagements in vielen Vereinen und Verb\u00e4nden und als Vorsitzender des CDU-Ortsausschusses Kempen-Land waren ihm die Sorgen und Anliegen \u201eseiner\u201c Schmalbroicher bestens bekannt.<\/p>\n<p>Auch nach seiner aktiven Ratsarbeit war er noch viele Jahre als Ortsvorsteher und im Ortsausschuss der CDU in Schmalbroich t\u00e4tig.<\/p>\n","protected":false},"excerpt":{"rendered":"<p>Kurz vor ihrer Fraktionssitzung erfuhr die CDU Fraktion am Montagabend vom Tod ihres langj\u00e4hrigen Mitglieds Heinrich Gleumes. Heinrich Gleumes, der am Samstag im Alter von 82 Jahren gestorben ist, galt als \u201eUrgestein\u201c der Schmalbroicher CDU. In den Jahren von 1960 bis zur kommunalen Neugliederung in Kempen im Jahre 1970 geh\u00f6rte er dem Schmalbroicher Gemeinderat an, [&hellip;]<\/p>\n","protected":false},"author":5,"featured_media":0,"comment_status":"closed","ping_status":"closed","sticky":false,"template":"","format":"standard","meta":{"_et_pb_use_builder":"","_et_pb_old_content":"","_et_gb_content_width":"","footnotes":""},"categories":[5],"tags":[],"class_list":["post-3525","post","type-post","status-publish","format-standard","hentry","category-aktuelles"],"_links":{"self":[{"href":"https:\/\/cdu-kempen.de\/index.php\/wp-json\/wp\/v2\/posts\/3525"}],"collection":[{"href":"https:\/\/cdu-kempen.de\/index.php\/wp-json\/wp\/v2\/posts"}],"about":[{"href":"https:\/\/cdu-kempen.de\/index.php\/wp-json\/wp\/v2\/types\/post"}],"author":[{"embeddable":true,"href":"https:\/\/cdu-kempen.de\/index.php\/wp-json\/wp\/v2\/users\/5"}],"replies":[{"embeddable":true,"href":"https:\/\/cdu-kempen.de\/index.php\/wp-json\/wp\/v2\/comments?post=3525"}],"version-history":[{"count":0,"href":"https:\/\/cdu-kempen.de\/index.php\/wp-json\/wp\/v2\/posts\/3525\/revisions"}],"wp:attachment":[{"href":"https:\/\/cdu-kempen.de\/index.php\/wp-json\/wp\/v2\/media?parent=3525"}],"wp:term":[{"taxonomy":"category","embeddable":true,"href":"https:\/\/cdu-kempen.de\/index.php\/wp-json\/wp\/v2\/categories?post=3525"},{"taxonomy":"post_tag","embeddable":true,"href":"https:\/\/cdu-kempen.de\/index.php\/wp-json\/wp\/v2\/tags?post=3525"}],"curies":[{"name":"wp","href":"https:\/\/api.w.org\/{rel}","templated":true}]}}