{"id":3568,"date":"2011-07-04T09:41:30","date_gmt":"2011-07-04T08:41:30","guid":{"rendered":"http:\/\/www.cdu-kempen.de\/?p=3568"},"modified":"2011-07-04T09:41:30","modified_gmt":"2011-07-04T08:41:30","slug":"burgturmbesteigung-2011","status":"publish","type":"post","link":"https:\/\/cdu-kempen.de\/index.php\/burgturmbesteigung-2011\/","title":{"rendered":"Burgturmbesteigung 2011"},"content":{"rendered":"<p>Am Tag des diesj\u00e4hrigen &#8222;Niederrheinischen Radwandertages&#8220; veranstaltete die CDU Kempen ihre allj\u00e4hrliche Burgturmbesteigung. Ca. 200 Interessierte B\u00fcrger und B\u00fcrgerinnen aller Altersklassen nutzen die Gelegenheit, sich bei dem richtigen Wetter und guter Fernsicht einen \u00dcberblick \u00fcber Kempen zu verschaffen. Erfreut, teilweise fast \u00fcberrascht fiel dem ein oder anderen aus dieser Perspektive auf, wie viel Gr\u00fcn wir in unserem sch\u00f6nen Kempen haben. Der Andrang war so gro\u00df, dass entgegen der Planung noch eine weitere F\u00fchrung angeh\u00e4ngt werden musste.<\/p>\n<p><a href=\"http:\/\/cdu-kempen.de\/wp-content\/uploads\/2011\/07\/2011-07-03-14-40-01-DSC-W17.jpg\"><img loading=\"lazy\" decoding=\"async\" class=\"alignnone size-full wp-image-3566\" title=\"2011-07-03 14-40-01 DSC-W17\" src=\"http:\/\/cdu-kempen.de\/wp-content\/uploads\/2011\/07\/2011-07-03-14-40-01-DSC-W17.jpg\" alt=\"\" width=\"230\" height=\"173\" srcset=\"https:\/\/cdu-kempen.de\/wp-content\/uploads\/2011\/07\/2011-07-03-14-40-01-DSC-W17.jpg 640w, https:\/\/cdu-kempen.de\/wp-content\/uploads\/2011\/07\/2011-07-03-14-40-01-DSC-W17-327x245.jpg 327w\" sizes=\"(max-width: 230px) 100vw, 230px\" \/><\/a>\u00a0<a href=\"http:\/\/cdu-kempen.de\/wp-content\/uploads\/2011\/07\/2011-07-03-14-11-08-DSC-W17.jpg\"><img loading=\"lazy\" decoding=\"async\" class=\"alignnone size-full wp-image-3565\" title=\"2011-07-03 14-11-08 DSC-W17\" src=\"http:\/\/cdu-kempen.de\/wp-content\/uploads\/2011\/07\/2011-07-03-14-11-08-DSC-W17.jpg\" alt=\"\" width=\"230\" height=\"173\" srcset=\"https:\/\/cdu-kempen.de\/wp-content\/uploads\/2011\/07\/2011-07-03-14-11-08-DSC-W17.jpg 640w, https:\/\/cdu-kempen.de\/wp-content\/uploads\/2011\/07\/2011-07-03-14-11-08-DSC-W17-327x245.jpg 327w\" sizes=\"(max-width: 230px) 100vw, 230px\" \/><\/a>\u00a0<a href=\"http:\/\/cdu-kempen.de\/wp-content\/uploads\/2011\/07\/2011-07-03-11-11-44-DSC-W17.jpg\"><img loading=\"lazy\" decoding=\"async\" class=\"alignnone size-full wp-image-3564\" title=\"2011-07-03 11-11-44 DSC-W17\" src=\"http:\/\/cdu-kempen.de\/wp-content\/uploads\/2011\/07\/2011-07-03-11-11-44-DSC-W17.jpg\" alt=\"\" width=\"230\" height=\"173\" srcset=\"https:\/\/cdu-kempen.de\/wp-content\/uploads\/2011\/07\/2011-07-03-11-11-44-DSC-W17.jpg 640w, https:\/\/cdu-kempen.de\/wp-content\/uploads\/2011\/07\/2011-07-03-11-11-44-DSC-W17-327x245.jpg 327w\" sizes=\"(max-width: 230px) 100vw, 230px\" \/><\/a>\u00a0<a href=\"http:\/\/cdu-kempen.de\/wp-content\/uploads\/2011\/07\/2011-07-03-10-38-34-DSC-W17.jpg\"><img loading=\"lazy\" decoding=\"async\" class=\"alignnone size-full wp-image-3563\" title=\"2011-07-03 10-38-34 DSC-W17\" src=\"http:\/\/cdu-kempen.de\/wp-content\/uploads\/2011\/07\/2011-07-03-10-38-34-DSC-W17.jpg\" alt=\"\" width=\"230\" height=\"173\" srcset=\"https:\/\/cdu-kempen.de\/wp-content\/uploads\/2011\/07\/2011-07-03-10-38-34-DSC-W17.jpg 640w, https:\/\/cdu-kempen.de\/wp-content\/uploads\/2011\/07\/2011-07-03-10-38-34-DSC-W17-327x245.jpg 327w\" sizes=\"(max-width: 230px) 100vw, 230px\" \/><\/a>\u00a0<a href=\"http:\/\/cdu-kempen.de\/wp-content\/uploads\/2011\/07\/2011-07-03-10-08-53-DSC-W17.jpg\"><img loading=\"lazy\" decoding=\"async\" class=\"alignnone size-full wp-image-3562\" title=\"2011-07-03 10-08-53 DSC-W17\" src=\"http:\/\/cdu-kempen.de\/wp-content\/uploads\/2011\/07\/2011-07-03-10-08-53-DSC-W17.jpg\" alt=\"\" width=\"230\" height=\"173\" srcset=\"https:\/\/cdu-kempen.de\/wp-content\/uploads\/2011\/07\/2011-07-03-10-08-53-DSC-W17.jpg 640w, https:\/\/cdu-kempen.de\/wp-content\/uploads\/2011\/07\/2011-07-03-10-08-53-DSC-W17-327x245.jpg 327w\" sizes=\"(max-width: 230px) 100vw, 230px\" \/><\/a>\u00a0<a href=\"http:\/\/cdu-kempen.de\/wp-content\/uploads\/2011\/07\/2011-06-30-20-27-14-EX-Z750.jpg\"><img loading=\"lazy\" decoding=\"async\" class=\"alignnone size-full wp-image-3561\" title=\"2011-06-30 20-27-14 EX-Z750\" src=\"http:\/\/cdu-kempen.de\/wp-content\/uploads\/2011\/07\/2011-06-30-20-27-14-EX-Z750.jpg\" alt=\"\" width=\"230\" height=\"173\" srcset=\"https:\/\/cdu-kempen.de\/wp-content\/uploads\/2011\/07\/2011-06-30-20-27-14-EX-Z750.jpg 640w, https:\/\/cdu-kempen.de\/wp-content\/uploads\/2011\/07\/2011-06-30-20-27-14-EX-Z750-327x245.jpg 327w\" sizes=\"(max-width: 230px) 100vw, 230px\" \/><\/a>\u00a0<a href=\"http:\/\/cdu-kempen.de\/wp-content\/uploads\/2011\/07\/2011-06-30-20-27-08-EX-Z750.jpg\"><img loading=\"lazy\" decoding=\"async\" class=\"alignnone size-full wp-image-3560\" title=\"2011-06-30 20-27-08 EX-Z750\" src=\"http:\/\/cdu-kempen.de\/wp-content\/uploads\/2011\/07\/2011-06-30-20-27-08-EX-Z750.jpg\" alt=\"\" width=\"230\" height=\"173\" srcset=\"https:\/\/cdu-kempen.de\/wp-content\/uploads\/2011\/07\/2011-06-30-20-27-08-EX-Z750.jpg 640w, https:\/\/cdu-kempen.de\/wp-content\/uploads\/2011\/07\/2011-06-30-20-27-08-EX-Z750-327x245.jpg 327w\" sizes=\"(max-width: 230px) 100vw, 230px\" \/><\/a>\u00a0<a href=\"http:\/\/cdu-kempen.de\/wp-content\/uploads\/2011\/07\/2011-06-30-17-00-44-EX-Z750.jpg\"><img loading=\"lazy\" decoding=\"async\" class=\"alignnone size-full wp-image-3558\" title=\"2011-06-30 17-00-44 EX-Z750\" src=\"http:\/\/cdu-kempen.de\/wp-content\/uploads\/2011\/07\/2011-06-30-17-00-44-EX-Z750.jpg\" alt=\"\" width=\"230\" height=\"173\" srcset=\"https:\/\/cdu-kempen.de\/wp-content\/uploads\/2011\/07\/2011-06-30-17-00-44-EX-Z750.jpg 640w, https:\/\/cdu-kempen.de\/wp-content\/uploads\/2011\/07\/2011-06-30-17-00-44-EX-Z750-327x245.jpg 327w\" sizes=\"(max-width: 230px) 100vw, 230px\" \/><\/a><\/p>\n","protected":false},"excerpt":{"rendered":"<p>Am Tag des diesj\u00e4hrigen &#8222;Niederrheinischen Radwandertages&#8220; veranstaltete die CDU Kempen ihre allj\u00e4hrliche Burgturmbesteigung. Ca. 200 Interessierte B\u00fcrger und B\u00fcrgerinnen aller Altersklassen nutzen die Gelegenheit, sich bei dem richtigen Wetter und guter Fernsicht einen \u00dcberblick \u00fcber Kempen zu verschaffen.<\/p>\n","protected":false},"author":5,"featured_media":0,"comment_status":"closed","ping_status":"closed","sticky":false,"template":"","format":"standard","meta":{"_et_pb_use_builder":"","_et_pb_old_content":"","_et_gb_content_width":"","footnotes":""},"categories":[5],"tags":[],"class_list":["post-3568","post","type-post","status-publish","format-standard","hentry","category-aktuelles"],"_links":{"self":[{"href":"https:\/\/cdu-kempen.de\/index.php\/wp-json\/wp\/v2\/posts\/3568"}],"collection":[{"href":"https:\/\/cdu-kempen.de\/index.php\/wp-json\/wp\/v2\/posts"}],"about":[{"href":"https:\/\/cdu-kempen.de\/index.php\/wp-json\/wp\/v2\/types\/post"}],"author":[{"embeddable":true,"href":"https:\/\/cdu-kempen.de\/index.php\/wp-json\/wp\/v2\/users\/5"}],"replies":[{"embeddable":true,"href":"https:\/\/cdu-kempen.de\/index.php\/wp-json\/wp\/v2\/comments?post=3568"}],"version-history":[{"count":0,"href":"https:\/\/cdu-kempen.de\/index.php\/wp-json\/wp\/v2\/posts\/3568\/revisions"}],"wp:attachment":[{"href":"https:\/\/cdu-kempen.de\/index.php\/wp-json\/wp\/v2\/media?parent=3568"}],"wp:term":[{"taxonomy":"category","embeddable":true,"href":"https:\/\/cdu-kempen.de\/index.php\/wp-json\/wp\/v2\/categories?post=3568"},{"taxonomy":"post_tag","embeddable":true,"href":"https:\/\/cdu-kempen.de\/index.php\/wp-json\/wp\/v2\/tags?post=3568"}],"curies":[{"name":"wp","href":"https:\/\/api.w.org\/{rel}","templated":true}]}}